{"id":1278598,"date":"2026-09-03T19:16:28","date_gmt":"2026-09-03T19:16:28","guid":{"rendered":"https:\/\/www.europesays.com\/de\/1278598\/"},"modified":"2026-09-03T19:16:28","modified_gmt":"2026-09-03T19:16:28","slug":"ukraine-krieg-kushner-und-witkoff-kommen-wohl-erstmals-nach-kiew","status":"publish","type":"post","link":"https:\/\/www.europesays.com\/de\/1278598\/","title":{"rendered":"Ukraine-Krieg: Kushner und Witkoff kommen wohl erstmals nach Kiew"},"content":{"rendered":"<p>Ukraine: Russischer Angriff auf Kiew besch\u00e4digt Wohnhaus<\/p>\n<p class=\"text-18 leading-17 user-text-lg:text-22 user-text-xl:text-24\">Bei einem russischen Angriff auf die ukrainische Hauptstadt Kiew ist nach Angaben von B\u00fcrgermeister Witali Klitschko ein Hochhaus schwer besch\u00e4digt worden. Im neunten Stock des Wohngeb\u00e4udes nahe dem Stadtzentrum sei ein Feuer ausgebrochen, teilte Klitschko auf dem Kurznachrichtendienst Telegram mit. 15 Menschen seien in Sicherheit gebracht worden. Auf inoffiziellen Telegram-Kan\u00e4len ver\u00f6ffentlichte Videos zeigen einen gro\u00dfen Feuerball am Himmel.<\/p>\n<p>Fokus auf Deutschland: Marine-Chef fordert Ende internationaler Eins\u00e4tze<\/p>\n<p class=\"text-18 leading-17 user-text-lg:text-22 user-text-xl:text-24\">Die russische Bedrohung in Nord- und <a href=\"https:\/\/www.t-online.de\/themen\/ostsee\/\" class=\"transition-colors cursor-pointer no-underline md:hover:text-magenta md:focus:text-magenta border-b border-solid border-current text-salemsfur md:hover:border-magenta\" data-tracking=\"{&quot;action&quot;:&quot;click&quot;,&quot;category&quot;:&quot;intextLink&quot;,&quot;label&quot;:&quot;\/themen\/ostsee\/&quot;}\" data-sctrack=\"BodyAnchor\" rel=\"nofollow noopener\" target=\"_blank\">Ostsee<\/a> fordert die deutsche Marine. Nun will deren Chef andere Missionen beenden. <a href=\"https:\/\/www.t-online.de\/nachrichten\/deutschland\/militaer-verteidigung\/id_101419352\/marine-chef-jan-christian-kaack-will-internationale-einsaetze-beenden.html\" class=\"transition-colors cursor-pointer no-underline md:hover:text-magenta md:focus:text-magenta border-b border-solid border-current text-salemsfur md:hover:border-magenta\" data-tracking=\"{&quot;action&quot;:&quot;click&quot;,&quot;category&quot;:&quot;intextLink&quot;,&quot;label&quot;:&quot;\/nachrichten\/deutschland\/militaer-verteidigung\/id_101419352\/marine-chef-jan-christian-kaack-will-internationale-einsaetze-beenden.html&quot;}\" data-sctrack=\"BodyAnchor\" rel=\"nofollow noopener\" target=\"_blank\">Lesen Sie den ganzen Artikel hier<\/a>.<\/p>\n<p>Polen f\u00e4ngt weiteren russischen Aufkl\u00e4rer ab<\/p>\n<p class=\"text-18 leading-17 user-text-lg:text-22 user-text-xl:text-24\">Zum zweiten Mal innerhalb weniger Tage hat die polnische <a href=\"https:\/\/www.t-online.de\/themen\/luftwaffe\/\" class=\"transition-colors cursor-pointer no-underline md:hover:text-magenta md:focus:text-magenta border-b border-solid border-current text-salemsfur md:hover:border-magenta\" data-tracking=\"{&quot;action&quot;:&quot;click&quot;,&quot;category&quot;:&quot;intextLink&quot;,&quot;label&quot;:&quot;\/themen\/luftwaffe\/&quot;}\" data-sctrack=\"BodyAnchor\" rel=\"nofollow noopener\" target=\"_blank\">Luftwaffe<\/a> nach Regierungsangaben ein russisches Aufkl\u00e4rungsflugzeug \u00fcber der Ostsee abgefangen. Der russische Aufkl\u00e4rer vom Typ Il-20 sei 40 Kilometer n\u00f6rdlich des Badeorts Ustka unterwegs gewesen, schrieb Polens Verteidigungsminister Wladyslaw Kosiniak-Kamysz auf der Nachrichtenplattform X.<\/p>\n<p><a href=\"#focus-1\" class=\"transition-colors block text-current relative\" data-sctrack=\"FocusGalleryImage.Reference\"><img   loading=\"lazy\" src=\"https:\/\/www.europesays.com\/de\/wp-content\/uploads\/2026\/09\/1788462986_232_image.jpg\" alt=\"urn:newsml:dpa.com:20090101:260831-935-1578028\" title=\"urn:newsml:dpa.com:20090101:260831-935-1578028\" width=\"2048\" height=\"1152\" class=\"h-full w-full max-w-full rounded-8\" decoding=\"async\"\/><img loading=\"lazy\" src=\"https:\/\/www.t-online.de\/s\/paper\/_next\/static\/media\/zoom-in.f7dae02f.svg\" alt=\"Vergr\u00f6\u00dfern des Bildes\" title=\"Vergr\u00f6\u00dfern des Bildes\" class=\"block h-[calc(var(--height)_\/_16_*_1rem)] w-[calc(var(--width)_\/_16_*_1rem)] max-w-none absolute right-8 bottom-8 rounded-4 bg-snow p-8\" style=\"--width:32;--height:32\" decoding=\"async\"\/>Russisches Aufkl\u00e4rungsflugzeug vom Typ Il-20: Zum zweiten Mal innerhalb weniger Tage ist eine solche Maschine vor der polnischen K\u00fcste aufgetaucht. (Quelle: Maxim Kuzovkov)<\/a><\/p>\n<p class=\"text-18 leading-17 user-text-lg:text-22 user-text-xl:text-24\">Das Flugzeug flog demnach mit ausgeschaltetem Transponder und war eine Bedrohung f\u00fcr die zivile Luftfahrt. Der polnische Luftraum wurde nicht verletzt. Bereits am Montag war es zu einem \u00e4hnlichen Vorfall gekommen.<\/p>\n<p class=\"text-18 leading-17 user-text-lg:text-22 user-text-xl:text-24\">Beim sogenannten Abfangen in der Luft nehmen die Piloten Sichtkontakt zur gegnerischen Besatzung auf und signalisieren, dass deren Flugzeug sich entfernen soll. In <a href=\"https:\/\/www.t-online.de\/themen\/polen\/\" class=\"transition-colors cursor-pointer no-underline md:hover:text-magenta md:focus:text-magenta border-b border-solid border-current text-salemsfur md:hover:border-magenta\" data-tracking=\"{&quot;action&quot;:&quot;click&quot;,&quot;category&quot;:&quot;intextLink&quot;,&quot;label&quot;:&quot;\/themen\/polen\/&quot;}\" data-sctrack=\"BodyAnchor\" rel=\"nofollow noopener\" target=\"_blank\">Polen<\/a> und den baltischen Staaten gibt es Bef\u00fcrchtungen, dass Russland wegen seiner Probleme im Ukraine-Krieg vermehrt Nato-Staaten beispielsweise mit Aufkl\u00e4rungsfl\u00fcgen provozieren k\u00f6nnte.<\/p>\n<p>Interfax: Ein Toter bei ukrainischem Drohnenangriff auf Bus in Donezk<\/p>\n<p class=\"text-18 leading-17 user-text-lg:text-22 user-text-xl:text-24\">Bei einem ukrainischen Drohnenangriff auf einen Bus in der russisch kontrollierten Stadt Horliwka in der ukrainischen Region Donezk ist der russischen Nachrichtenagentur Interfax zufolge ein Zivilist get\u00f6tet worden. Die Agentur beruft sich auf den von Russland eingesetzten B\u00fcrgermeister der Stadt, Iwan Prichodko, der von einem gezielten Angriff spricht. Reuters kann die Angaben nicht unabh\u00e4ngig \u00fcberpr\u00fcfen. Sowohl die Ukraine als auch Russland weisen den Vorwurf zur\u00fcck, Zivilisten anzugreifen.<\/p>\n<p>Putin: Schlie\u00dfe neue Mobilmachung f\u00fcr Ukraine-Krieg aus<\/p>\n<p class=\"text-18 leading-17 user-text-lg:text-22 user-text-xl:text-24\">Russlands Pr\u00e4sident <a href=\"https:\/\/www.t-online.de\/themen\/wladimir-putin\/\" class=\"transition-colors cursor-pointer no-underline md:hover:text-magenta md:focus:text-magenta border-b border-solid border-current text-salemsfur md:hover:border-magenta\" data-tracking=\"{&quot;action&quot;:&quot;click&quot;,&quot;category&quot;:&quot;intextLink&quot;,&quot;label&quot;:&quot;\/themen\/wladimir-putin\/&quot;}\" data-sctrack=\"BodyAnchor\" rel=\"nofollow noopener\" target=\"_blank\">Wladimir Putin<\/a> schlie\u00dft nach eigenen Worten eine neue Mobilmachung f\u00fcr den Krieg aus. Es gebe keine Szenarien, in denen ein solcher Schritt notwendig sei, da Russland keine Probleme bei der Verf\u00fcgbarkeit von Milit\u00e4rpersonal habe, sagt Putin. Entsprechende Spekulationen hatte er j\u00fcngst als &#8222;v\u00f6lligen Unsinn&#8220; zur\u00fcckgewiesen.<\/p>\n<p><a href=\"#focus-2\" class=\"transition-colors block text-current relative\" data-sctrack=\"FocusGalleryImage.Reference\"><img   loading=\"lazy\" src=\"https:\/\/www.europesays.com\/de\/wp-content\/uploads\/2026\/09\/der-russische-praesident-wladimir-putin-beim-oestlichen-wirtschaftsforum-in-wladiwostok.jpg\" alt=\"Der russische Pr\u00e4sident Wladimir Putin beim \u00d6stlichen Wirtschaftsforum in Wladiwostok.\" title=\"Der russische Pr\u00e4sident Wladimir Putin beim \u00d6stlichen Wirtschaftsforum in Wladiwostok.\" width=\"3047\" height=\"1714\" class=\"h-full w-full max-w-full rounded-8\" decoding=\"async\"\/><img loading=\"lazy\" src=\"https:\/\/www.t-online.de\/s\/paper\/_next\/static\/media\/zoom-in.f7dae02f.svg\" alt=\"Vergr\u00f6\u00dfern des Bildes\" title=\"Vergr\u00f6\u00dfern des Bildes\" class=\"block h-[calc(var(--height)_\/_16_*_1rem)] w-[calc(var(--width)_\/_16_*_1rem)] max-w-none absolute right-8 bottom-8 rounded-4 bg-snow p-8\" style=\"--width:32;--height:32\" decoding=\"async\"\/>Der russische Pr\u00e4sident Wladimir Putin beim \u00d6stlichen Wirtschaftsforum in Wladiwostok. (Quelle: Vyacheslav Prokofyev)<\/a><\/p>\n<p>Loading&#8230;<\/p>\n<p>Loading&#8230;<\/p>\n<p>Loading&#8230;<\/p>\n","protected":false},"excerpt":{"rendered":"Ukraine: Russischer Angriff auf Kiew besch\u00e4digt Wohnhaus Bei einem russischen Angriff auf die ukrainische Hauptstadt Kiew ist nach&hellip;\n","protected":false},"author":2,"featured_media":1278599,"comment_status":"","ping_status":"","sticky":false,"template":"","format":"standard","meta":{"footnotes":"","_share_on_mastodon":"0"},"categories":[4012],"tags":[1217,326,6079,522,331,332,223,29,106,6077,663,42101,13,70097,12765,345,120304,5793,308,14,1159,15,3129,4200,2852,3917,307,12,317,312,64,39128,263790,306,72704,107],"class_list":["post-1278598","post","type-post","status-publish","format-standard","has-post-thumbnail","category-ukraine","tag-1217","tag-326","tag-6079","tag-522","tag-aktuelle-nachrichten","tag-aktuelle-news","tag-ard","tag-deutschland","tag-donald-trump","tag-donezk","tag-europa","tag-friedensgespraech","tag-headlines","tag-infratest-dimap","tag-interfax","tag-iran","tag-jared-kushner","tag-kiew","tag-moskau","tag-nachrichten","tag-nato","tag-news","tag-newsblog","tag-ostdeutschland","tag-ostsee","tag-polen","tag-russland","tag-schlagzeilen","tag-ukraine","tag-ukrainekrieg","tag-usa","tag-westdeutschland","tag-witali-klitschko","tag-wladimir-putin","tag-wladiwostok","tag-wolodymyr-selenskyj"],"share_on_mastodon":{"url":"","error":"Validation failed: Text character limit of 500 exceeded"},"_links":{"self":[{"href":"https:\/\/www.europesays.com\/de\/wp-json\/wp\/v2\/posts\/1278598","targetHints":{"allow":["GET"]}}],"collection":[{"href":"https:\/\/www.europesays.com\/de\/wp-json\/wp\/v2\/posts"}],"about":[{"href":"https:\/\/www.europesays.com\/de\/wp-json\/wp\/v2\/types\/post"}],"author":[{"embeddable":true,"href":"https:\/\/www.europesays.com\/de\/wp-json\/wp\/v2\/users\/2"}],"replies":[{"embeddable":true,"href":"https:\/\/www.europesays.com\/de\/wp-json\/wp\/v2\/comments?post=1278598"}],"version-history":[{"count":0,"href":"https:\/\/www.europesays.com\/de\/wp-json\/wp\/v2\/posts\/1278598\/revisions"}],"wp:featuredmedia":[{"embeddable":true,"href":"https:\/\/www.europesays.com\/de\/wp-json\/wp\/v2\/media\/1278599"}],"wp:attachment":[{"href":"https:\/\/www.europesays.com\/de\/wp-json\/wp\/v2\/media?parent=1278598"}],"wp:term":[{"taxonomy":"category","embeddable":true,"href":"https:\/\/www.europesays.com\/de\/wp-json\/wp\/v2\/categories?post=1278598"},{"taxonomy":"post_tag","embeddable":true,"href":"https:\/\/www.europesays.com\/de\/wp-json\/wp\/v2\/tags?post=1278598"}],"curies":[{"name":"wp","href":"https:\/\/api.w.org\/{rel}","templated":true}]}}