{"id":1278620,"date":"2026-09-03T19:32:24","date_gmt":"2026-09-03T19:32:24","guid":{"rendered":"https:\/\/www.europesays.com\/de\/1278620\/"},"modified":"2026-09-03T19:32:24","modified_gmt":"2026-09-03T19:32:24","slug":"scootergang-macht-duisburg-seit-zehn-jahren-unsicher","status":"publish","type":"post","link":"https:\/\/www.europesays.com\/de\/1278620\/","title":{"rendered":"Scootergang macht Duisburg seit zehn Jahren unsicher"},"content":{"rendered":"<p>Rentner auf R\u00e4dernScootergang macht Duisburg seit zehn Jahren unsicher<\/p>\n<p class=\"AnnotatedMarkup_paragraph__IUT9l\">Wenn die Scootergang durch Duisburg zieht, dann erregt sie auf jeden Fall Aufmerksamkeit. Bedrohlich wirkt sie aber nicht. Ihre gemeinsamen Spazierfahrten sind eher ein echter Hingucker und haben ein besonderes Ziel.<\/p>\n<p>Bei Wind und Wetter<\/p>\n<p class=\"AnnotatedMarkup_paragraph__IUT9l\">Jeden zweiten Donnerstag kommt sie zusammen: Die Scootergang. Gemeinsam erobert sie auf ihren Elektromobilen den Duisburger S\u00fcden. Bis zu sechs Kilometer f\u00e4hrt die Truppe bei ihrer Tour durch den Stadtteil Buchholz. Auch wenn das Wetter nicht mitspielt, sind von den zwanzig Gang Mitgliedern trotzdem immer welche am Start. Denn f\u00fcr die sind die Scooter-Fahrten immer wieder ein Highlight.<\/p>\n<p>Erkundungstour in Gesellschaft<\/p>\n<p class=\"AnnotatedMarkup_paragraph__IUT9l\">Besonders sch\u00e4tzen die Gang Mitglieder, dass sie die Gegend, in der sie leben neu kennenlernen. Mit den Scootern fahren sie Strecken, die sie vorher noch gar nicht kannten, erz\u00e4hlen die Cruiser. Und das in bester Gesellschaft. Denn alle haben Eines gemeinsam: Jeder f\u00e4hrt aus gesundheitlichen ein Elektromobil. Und das schwei\u00dft zusammen.<\/p>\n<p>Anzeige:<\/p>\n<p>Empfehlungen unserer Partner<\/p>\n<p>So stark wie das schw\u00e4chste Glied<\/p>\n<p class=\"AnnotatedMarkup_paragraph__IUT9l\">Die langsamsten Fahrer sind mit 6 km\/h unterwegs und d\u00fcrfen auf dem B\u00fcrgersteig fahren. Wer schneller ist, muss auf Radwege ausweichen. Ab 15 Stundenkilometern gelten Elektromobile als Kraftfahrzeuge. Dann d\u00fcrfen sie nur noch auf der Stra\u00dfe fahren.<br \/>Die Scootergang orientiert sich immer am langsamsten Glied der Kette. Ein Konzept, mit dem sie seit 2016 gut f\u00e4hrt. Denn so lange gibt es die rollenden Rentner schon. Tourenleiter Wolfgang Schwan war von Anfang an mit dabei.<\/p>\n<p>Nicht gesucht aber gefunden<\/p>\n<p class=\"AnnotatedMarkup_paragraph__IUT9l\">Als er 2016 durch Duisburg Buchholz f\u00e4hrt, kommt Wolfgang Schwan ein anderer Scooter-Fahrer entgegen. Er spricht den 86-J\u00e4hrigen an und schl\u00e4gt ihm vor, eine Gruppe zu gr\u00fcnden, in der zusammen gefahren wird. Der Mann, der Wolfgang Schwan auf dem Scooter entgegen kam wurde schnell ein enger Freund. Aber leider nur f\u00fcr kurze Zeit. Er starb etwa ein halbes Jahr nach der ersten Scootergang Tour. Aber Wolfgang Schwan macht weiter. Seine Scooter-Fahrer sind inzwischen seine Freunde. Der \u00e4lteste Cruiser der Gang ist 94, die j\u00fcngste ist 58.<\/p>\n<p>Winterpause<\/p>\n<p class=\"AnnotatedMarkup_paragraph__IUT9l\">Nach jeder Tour gibt\u2019s eine St\u00e4rkung f\u00fcr alle. Noch bis Oktober zieht die Gang durch Duisburg. Dann ist Winterpause und Herr Schwan und seine WolfGANG treffen sich drinnen. Im April 2027 geht\u2019s dann aber wieder raus. Dann wird Duisburg wieder unsicher gemacht.<\/p>\n","protected":false},"excerpt":{"rendered":"Rentner auf R\u00e4dernScootergang macht Duisburg seit zehn Jahren unsicher Wenn die Scootergang durch Duisburg zieht, dann erregt sie&hellip;\n","protected":false},"author":2,"featured_media":1278621,"comment_status":"","ping_status":"","sticky":false,"template":"","format":"standard","meta":{"footnotes":"","_share_on_mastodon":"0"},"categories":[1838],"tags":[3364,29,3715,30,5827,5828,1209,176,5830,7435,5829,5825,5826,5824,55793],"class_list":["post-1278620","post","type-post","status-publish","format-standard","has-post-thumbnail","category-duisburg","tag-de","tag-deutschland","tag-duisburg","tag-germany","tag-nachrichten-nrw","tag-news-nrw","tag-nordrhein-westfalen","tag-nrw","tag-regionale-nachrichten-nrw","tag-rentner","tag-rtl-nachrichten-nrw","tag-rtl-nrw","tag-rtl-regional","tag-rtl-west","tag-rtl-west-archiv"],"share_on_mastodon":{"url":"","error":""},"_links":{"self":[{"href":"https:\/\/www.europesays.com\/de\/wp-json\/wp\/v2\/posts\/1278620","targetHints":{"allow":["GET"]}}],"collection":[{"href":"https:\/\/www.europesays.com\/de\/wp-json\/wp\/v2\/posts"}],"about":[{"href":"https:\/\/www.europesays.com\/de\/wp-json\/wp\/v2\/types\/post"}],"author":[{"embeddable":true,"href":"https:\/\/www.europesays.com\/de\/wp-json\/wp\/v2\/users\/2"}],"replies":[{"embeddable":true,"href":"https:\/\/www.europesays.com\/de\/wp-json\/wp\/v2\/comments?post=1278620"}],"version-history":[{"count":0,"href":"https:\/\/www.europesays.com\/de\/wp-json\/wp\/v2\/posts\/1278620\/revisions"}],"wp:featuredmedia":[{"embeddable":true,"href":"https:\/\/www.europesays.com\/de\/wp-json\/wp\/v2\/media\/1278621"}],"wp:attachment":[{"href":"https:\/\/www.europesays.com\/de\/wp-json\/wp\/v2\/media?parent=1278620"}],"wp:term":[{"taxonomy":"category","embeddable":true,"href":"https:\/\/www.europesays.com\/de\/wp-json\/wp\/v2\/categories?post=1278620"},{"taxonomy":"post_tag","embeddable":true,"href":"https:\/\/www.europesays.com\/de\/wp-json\/wp\/v2\/tags?post=1278620"}],"curies":[{"name":"wp","href":"https:\/\/api.w.org\/{rel}","templated":true}]}}