{"id":1278626,"date":"2026-09-03T19:35:16","date_gmt":"2026-09-03T19:35:16","guid":{"rendered":"https:\/\/www.europesays.com\/de\/1278626\/"},"modified":"2026-09-03T19:35:16","modified_gmt":"2026-09-03T19:35:16","slug":"seit-mittwoch-vermisst-maedchen-15-kam-nach-der-schule-nicht-nach-hause-regional","status":"publish","type":"post","link":"https:\/\/www.europesays.com\/de\/1278626\/","title":{"rendered":"Seit Mittwoch vermisst: M\u00e4dchen (15) kam nach der Schule nicht nach Hause | Regional"},"content":{"rendered":"<p><a class=\"skip-content skip-content--link\" href=\"#in-content-skip-link-target-v-0-0\">TTS-Player \u00fcberspringen\u21b5<\/a><a id=\"in-content-skip-link-target-v-0-0\" class=\"skip-content--target-link-hidden skip-content skip-content--target-link\" href=\"#in-content-skip-link-target-v-0-0\">Artikel weiterlesen<\/a><\/p>\n<p>Hannover \u2013 <b>Nach der Schule meldete sie sich noch einmal bei ihrer Familie \u2013 dann brach der Kontakt ab: Seit Mittwoch wird die 15-j\u00e4hrige Leonie Ann-Kathrin B. aus Hannover vermisst.<\/b><\/p>\n<p>Das M\u00e4dchen kehrte nicht nach Hause zur\u00fcck. Wegen ihres jungen Alters bef\u00fcrchtet die <a href=\"https:\/\/www.bild.de\/regional\/aktuelles\/polizei\/polizeieinsatz-alle-infos-76681760.bild.html\" class=\"text-link\" rel=\"nofollow noopener\" target=\"_blank\">Polizei<\/a>, dass Leonie in einer Notsituation stecken k\u00f6nnte, in der sie Hilfe ben\u00f6tigt.<\/p>\n<p>Letztes Lebenszeichen am Mittwoch<\/p>\n<p>Am Mittwochnachmittag hatte die 15-J\u00e4hrige ihre Schule an der B\u00f6hmerstra\u00dfe in der S\u00fcdstadt von <a href=\"https:\/\/www.bild.de\/regional\/hannover\/hannover-regional\/home-16344348.bild.html\" class=\"text-link\" rel=\"nofollow noopener\" target=\"_blank\">Hannover<\/a> (Niedersachsen) verlassen und wollte noch zu einem \u201eprivaten Termin\u201c. Gegen 13.45 Uhr rief sie bei ihrer Familie an und sagte, dass sie unterwegs sei. Doch an ihrem Ziel kam Leonie nie an. Seitdem fehlt von ihr jede Spur. <\/p>\n<p>Leonie ist etwa 1,66 Meter gro\u00df, hat eine kr\u00e4ftige Statur und lange rotbraune Haare. Zuletzt trug sie eine schwarze, weit geschnittene Hose und ein schwarzes T-Shirt. M\u00f6glicherweise hatte sie einen schwarzen Puma-Rucksack und eine blaue Jacke dabei.<\/p>\n<p>Ist sie mit einem unbekannten Freund unterwegs?<\/p>\n<p>Nach bisherigen Erkenntnissen k\u00f6nnte sie gemeinsam mit einem bislang unbekannten Freund unterwegs sein. Wer Leonie gesehen hat oder Hinweise zu ihrem Aufenthaltsort geben kann, wird dringend gebeten, sich beim Polizeikommissariat Hannover-D\u00f6hren unter Telefon 0511 109-3615 oder \u00fcber den Notruf 110 zu melden.<\/p>\n","protected":false},"excerpt":{"rendered":"TTS-Player \u00fcberspringen\u21b5Artikel weiterlesen Hannover \u2013 Nach der Schule meldete sie sich noch einmal bei ihrer Familie \u2013 dann&hellip;\n","protected":false},"author":2,"featured_media":1278627,"comment_status":"","ping_status":"","sticky":false,"template":"","format":"standard","meta":{"footnotes":"","_share_on_mastodon":"0"},"categories":[1836],"tags":[3364,29,122,123,30,46,1411,121,138370,120,119],"class_list":["post-1278626","post","type-post","status-publish","format-standard","has-post-thumbnail","category-hannover","tag-de","tag-deutschland","tag-fahndungen","tag-fahndungsfoto","tag-germany","tag-hannover","tag-niedersachsen","tag-polizei","tag-team-first","tag-vermisst","tag-vermisste-personen"],"share_on_mastodon":{"url":"","error":""},"_links":{"self":[{"href":"https:\/\/www.europesays.com\/de\/wp-json\/wp\/v2\/posts\/1278626","targetHints":{"allow":["GET"]}}],"collection":[{"href":"https:\/\/www.europesays.com\/de\/wp-json\/wp\/v2\/posts"}],"about":[{"href":"https:\/\/www.europesays.com\/de\/wp-json\/wp\/v2\/types\/post"}],"author":[{"embeddable":true,"href":"https:\/\/www.europesays.com\/de\/wp-json\/wp\/v2\/users\/2"}],"replies":[{"embeddable":true,"href":"https:\/\/www.europesays.com\/de\/wp-json\/wp\/v2\/comments?post=1278626"}],"version-history":[{"count":0,"href":"https:\/\/www.europesays.com\/de\/wp-json\/wp\/v2\/posts\/1278626\/revisions"}],"wp:featuredmedia":[{"embeddable":true,"href":"https:\/\/www.europesays.com\/de\/wp-json\/wp\/v2\/media\/1278627"}],"wp:attachment":[{"href":"https:\/\/www.europesays.com\/de\/wp-json\/wp\/v2\/media?parent=1278626"}],"wp:term":[{"taxonomy":"category","embeddable":true,"href":"https:\/\/www.europesays.com\/de\/wp-json\/wp\/v2\/categories?post=1278626"},{"taxonomy":"post_tag","embeddable":true,"href":"https:\/\/www.europesays.com\/de\/wp-json\/wp\/v2\/tags?post=1278626"}],"curies":[{"name":"wp","href":"https:\/\/api.w.org\/{rel}","templated":true}]}}