{"id":1278630,"date":"2026-09-03T19:37:31","date_gmt":"2026-09-03T19:37:31","guid":{"rendered":"https:\/\/www.europesays.com\/de\/1278630\/"},"modified":"2026-09-03T19:37:31","modified_gmt":"2026-09-03T19:37:31","slug":"ausflugsziele-am-wochenende-tipps-fuer-dresden-themar-und-zeitz","status":"publish","type":"post","link":"https:\/\/www.europesays.com\/de\/1278630\/","title":{"rendered":"Ausflugsziele am Wochenende: Tipps f\u00fcr Dresden, Themar und Zeitz"},"content":{"rendered":"<p>        <img decoding=\"async\" src=\"https:\/\/www.europesays.com\/de\/wp-content\/uploads\/2026\/09\/kloster-vessra-146.webp\" alt=\"Das Kloster Ve\u00dfra im \u00dcberblick.\" title=\"Das Kloster Ve\u00dfra ist ein sch\u00f6ner Ausflugsort. | MDR\" class=\"responsive\"\/><\/p>\n<p>AUDIO: Wohin am Wochenende? Ausflugstipps f\u00fcr Dresden, Themar und Zeitz (4 Min)<\/p>\n<p class=\"topline\">Kulturtipps<\/p>\n<p>\n                Stand: 03.09.2026 15:10 Uhr<\/p>\n<p class=\"preface\">Sp\u00fcren Sie es, da liegt schon etwas in der Luft, ganz leise sagt der Sommer: Servus. Wenn man fr\u00fch das Haus verl\u00e4sst, sollte man das Fahrradlicht einpacken \u2013 falls es auf dem Heimweg pl\u00f6tzlich ungewohnt fr\u00fch dunkel ist. Ob es in Sachsen-Anhalt nach der Landtagswahl dunkel wird? Ruhigbleiben f\u00e4llt manchmal schwer. Eine \u00dcbung daf\u00fcr habe ich mir aus meinem Lieblingsfilm &#8222;Perfect Days&#8220; von Wim Wenders angeeignet. Wenn da der Toilettenreiniger Hirayama morgens das Haus verl\u00e4sst, schaut er zun\u00e4chst l\u00e4chelnd in den Himmel von Tokyo und atmet tief ein. Nun denn, hier kommen die Tipps f\u00fcr das Wochenende:<\/p>\n<p class=\"textauthor\">von Judith Burger, MDR KULTUR<\/p>\n<p class=\"\"><strong>Lassen Sie sich regelm\u00e4\u00dfig von uns inspirieren: Unsere ausgew\u00e4hlten Tipps f\u00fcr Ausfl\u00fcge gibt es auch direkt auf Ihr Handy in unserem <\/strong><a href=\"https:\/\/www.mdr.de\/kultur\/whatsapp-channel-kultur-erleben-100~splash.html\" title=\"MDR KULTUR bei WhatsApp: &quot;KULTUR erleben&quot;\" data-url=\"https:\/\/whatsapp.com\/channel\/0029VbB2BsjK0IBq8qHAw12R\" class=\"extlink-preface\" data-type=\"external\" rel=\"nofollow noopener\" target=\"_blank\"><strong>WhatsApp-Kanal &#8222;Kultur erleben&#8220;. Hier kostenlos folgen<\/strong><\/a><strong> und nichts mehr verpassen.<\/strong><\/p>\n<p>        <img decoding=\"async\" src=\"https:\/\/www.europesays.com\/de\/wp-content\/uploads\/2026\/09\/whatsapp-kanal-bild-mdr-kultur-102.webp\" alt=\"Ein Smartphone auf dem der offene WhatsApp-Chat des MDR KULTUR Kanals zu sehen ist. \" title=\"Ein Smartphone auf dem der offene WhatsApp-Chat des MDR KULTUR Kanals zu sehen ist.  | Mandy Schalast-Peitz\" class=\"responsive\" loading=\"lazy\"\/><\/p>\n<p>    Dresden: Beziehungskom\u00f6die auf dem Theaterkahn<\/p>\n<p class=\"\">Haben Sie schon einmal ein Theaterst\u00fcck gesehen und dabei in einem Schiffsbauch gesessen? Klingt das nicht herrlich! M\u00f6glich ist das auf dem Theaterkahn <a href=\"https:\/\/www.mdr.de\/kultur\/ausflug-tipps\/dresden-tag-ausflug-sehenswuerdigkeiten-106.html\" title=\"Dresden an einem Tag: Die Top 6 Sehensw\u00fcrdigkeiten f\u00fcr einen Ausflug\" rel=\"nofollow noopener\" target=\"_blank\">Dresden<\/a>, er ankert am Terrassenufer der Augustusbr\u00fccke zwischen Semperoper und <a href=\"https:\/\/www.mdr.de\/kultur\/ausflug-tipps\/dresden-frauenkirche-wissenswert-100.html\" title=\"Frauenkirche Dresden: 10 Fakten zum 300. Jahrestag der Grundsteinlegung\" rel=\"nofollow noopener\" target=\"_blank\">Frauenkirche<\/a>. Es geht also idyllisch zu, der Goldene Reiter winkt aus der Ferne, oberhalb des Ufers erstreckt sich die Br\u00fchlsche Terrasse: der &#8222;Balkon Europas&#8220;.<\/p>\n<p>                    <a href=\"https:\/\/www.europesays.com\/de\/wp-content\/uploads\/2026\/09\/bild-mdr-30494.webp\" class=\"zoomimage\" title=\"Bild vergr\u00f6\u00dfern\"><\/p>\n<p>        <img decoding=\"async\" src=\"https:\/\/www.europesays.com\/de\/wp-content\/uploads\/2026\/09\/bild-mdr-30494.webp\" alt=\"Der Dresdner Theaterkahn vor Kathedrale und Semperoper\" title=\"Der Theaterkahn liegt auf der Elbe am Terrassenufer der Augustusbr\u00fccke in Dresden. | IMAGO \/ Torsten Becker\" class=\"responsive\" loading=\"lazy\"\/><\/p>\n<p>                    <\/a><\/p>\n<p>                    Der Theaterkahn liegt auf der Elbe am Terrassenufer der Augustusbr\u00fccke in Dresden.<\/p>\n<p class=\"\">Am Samstag steht das St\u00fcck &#8222;Egal&#8220; von Marius von Mayenburg auf dem Programm. Und das wird heiter. Es handelt sich um eine Beziehungskom\u00f6die, in der zwei Geschlechter aneinandergeraten. Und w\u00e4hrend Sie sich am\u00fcsieren, versinkt drau\u00dfen die Sonne in der Elbe. Danach noch ein Gl\u00e4schen im Bordrestaurant \u2013 perfekt.<\/p>\n<p><strong>Theaterkahn<\/strong><br \/>Terrassenufer an der Augustusbr\u00fccke auf der Elbe<br \/>01067 Dresden<\/p>\n<p><strong>&#8222;Egal&#8220;<br \/><\/strong>Beziehungskom\u00f6die von Marius von Mayenburg<br \/>Samstag, 6. September 2026, 19:30 Uhr<\/p>\n<p>        <img decoding=\"async\" src=\"https:\/\/www.europesays.com\/de\/wp-content\/uploads\/2026\/08\/prima-facie-chemnitz-100.webp\" alt=\"Eine Frau im Anzug streckt siegesgewiss beide Arme zur Seite.\" title=\"Eine Frau im Anzug streckt siegesgewiss beide Arme zur Seite. | Nasser Hashemi\" class=\"responsive\" loading=\"lazy\"\/><\/p>\n<p>    Themar: B\u00e4uerinnen-Geschichten im Kloster Ve\u00dfra<\/p>\n<p class=\"\">Es ist Erntezeit. Was ich nicht wusste: Die Vereinten Nationen haben 2026 das Jahr der B\u00e4uerinnen ausgerufen. Denn Landwirtschaft wird gr\u00f6\u00dftenteils eher als eine m\u00e4nnlich gepr\u00e4gte Geschichte wahrgenommen. Das Hennebergische Museum Kloster Ve\u00dfra zeigt hingegen eine Ausstellung mit dem Titel &#8222;Ungesehen. Frauen in der Landwirtschaft&#8220;.<\/p>\n<p class=\"\">In Bildern, Geschichten und Lebensl\u00e4ufen lernen Sie Frauen kennen, die in verschiedenen Jahrhunderten geschuftet, H\u00f6fe gef\u00fchrt, Felder bestellt und Tiere versorgt haben. Zum Beispiel berichten Frauen aus dem Kreis Hildburghausen \u00fcber ihre Arbeit in den Landwirtschaftlichen Produktionsgenossenschaften (LPG) w\u00e4hrend der DDR. Eine, so hei\u00dft es, habe jede Kuh im Stall gekannt.<\/p>\n<p><strong>Ausstellung &#8222;Ungesehen. Frauen in der Landwirtschaft&#8220;<\/strong><br \/>28. Mai bis voraussichtlich November 2026<\/p>\n<p><strong>Adresse<\/strong>:<br \/>Hennebergisches Museum Kloster Ve\u00dfra<br \/>Neuer Pferdestall<br \/>Anger 35<br \/>98660 Kloster Ve\u00dfra<\/p>\n<p><strong>\u00d6ffnungszeiten<\/strong>:<br \/>M\u00e4rz bis Oktober: t\u00e4glich, 9 &#8211; 18 Uhr<br \/>November bis Februar: freitags, samstags, sonntags, 10 &#8211; 17 Uhr<\/p>\n<p><strong>Eintritt<\/strong>:<br \/>9 Euro, erm\u00e4\u00dfigt 5 Euro<\/p>\n<p>        <img decoding=\"async\" src=\"https:\/\/www.europesays.com\/de\/wp-content\/uploads\/2026\/06\/jena-kunstammlungen-ausstellung-zohar-freiman-102.webp\" alt=\"Bilder in einer Ausstellung zeigen Frauen beim Essen und am Handy.\" title=\"Bilder in einer Ausstellung zeigen Frauen beim Essen und am Handy. | MDR\/Mareike Wiemann\" class=\"responsive\" loading=\"lazy\"\/><\/p>\n<p>Malerei, Fotografie, Geschichte<\/p>\n<p>    Zeitz: Ein Rhinoceros banalisiert das B\u00f6se<\/p>\n<p class=\"\">Kennen Sie den sprichw\u00f6rtlichen Elefanten im Raum, den jeder sieht, aber keiner will dar\u00fcber sprechen? Genauso widerspr\u00fcchlich ist die <a href=\"https:\/\/www.mdr.de\/nachrichten\/sachsen-anhalt\/halle\/burgenland\/nikolaikirche-zeitz,rhinoceros-ausstellung-nashorn-itamar-gov-kultur-news-100.html\" title=\"Zeitz: Riesiges Nashorn zieht in Nikolaikirche\" rel=\"nofollow noopener\" target=\"_blank\">Kunstinstallation<\/a> &#8222;The Rhinoceros in the Room oder: Ein M\u00e4rchen von Banalit\u00e4t und B\u00f6sem&#8220; von dem deutsch-israelischen K\u00fcnstler Itamar Gov. Das wei\u00dfe, mit Luft aufgeblasene Nashorn ist s\u00fc\u00df, aber wenn es gereizt wird \u2026<\/p>\n<p class=\"\">Auf seiner Tour durch Sachsen-Anhalt ist das neun Meter hohe und 16 Meter lange Tier in Zeitz angekommen. Es scheint im Kirchenschiff der dortigen Nikolaikirche zu schweben. Gov erkl\u00e4rte, es habe sich im Hebr\u00e4ischen die Formulierung &#8222;sich rhinocerisieren&#8220; entwickelt. Das bedeutet, wenn Menschen oder Gesellschaften in die Richtung von autorit\u00e4ren Ideen und nationalistischen Kr\u00e4ften gingen. Das sorgt f\u00fcr Gespr\u00e4chsstoff, zum Beispiel im Hinblick auf die Landtagswahlen.<\/p>\n<p><strong>&#8222;The Rhinoceros in the Room oder: Ein M\u00e4rchen von Banalit\u00e4t und B\u00f6sem&#8220;<\/strong><br \/>Kunstinstallation von Itamar Gov<strong\/><\/p>\n<p>Wo:<br \/>Nikolaikirche Zeitz<\/p>\n<p>Ge\u00f6ffnet vom 01.09. bis 13.09.2026, 11 bis 17 Uhr<\/p>\n<p>        <img decoding=\"async\" src=\"https:\/\/www.europesays.com\/de\/wp-content\/uploads\/2026\/09\/quedlinburg-lyonel-feininger-frauen-sind-ausstellung-114.webp\" alt=\"Tanja Pohl, Torso (verschn\u00fcrt), 2023, \u00d6l auf Leinwand, Privatsammlung\" title=\"Tanja Pohl, Torso (verschn\u00fcrt), 2023, \u00d6l auf Leinwand, Privatsammlung | Christoph Beer, \u00a9 VG Bild-Kunst, Bonn 2026\" class=\"responsive\" loading=\"lazy\"\/><\/p>\n<p>Malerei, Fotografie, Bauhaus<\/p>\n<p>    Der pers\u00f6nliche Tipp: Streetart in Schmalkalden<\/p>\n<p class=\"\">Letztens bin ich durch Schmalkalden spaziert und war hingerissen von den wundersch\u00f6nen bunten Fachwerkh\u00e4usern \u2013 eine einzige Augenweide. Was mir bisher unbekannt war: Die Stadt ist ein Hotspot f\u00fcr Streetart.<\/p>\n<p>                    <a href=\"https:\/\/www.europesays.com\/de\/wp-content\/uploads\/2026\/09\/streetart-schmalkalden-100.webp\" class=\"zoomimage\" title=\"Bild vergr\u00f6\u00dfern\"><\/p>\n<p>        <img decoding=\"async\" src=\"https:\/\/www.europesays.com\/de\/wp-content\/uploads\/2026\/09\/streetart-schmalkalden-100.webp\" alt=\"Streetart in Schmalkalden: Ein M\u00e4dchen mit langen Rastas tr\u00e4gt ein Clownskost\u00fcm und hat einen \u00fcberdimensionalen Clownsmund geschminkt\" title=\"Schmalkalden ist ein Hotspot f\u00fcr Streetart. | MDR\/Judith Burger\" class=\"responsive\" loading=\"lazy\"\/><\/p>\n<p>                    <\/a><\/p>\n<p>                    Schmalkalden ist ein Hotspot f\u00fcr Streetart.<\/p>\n<p class=\"\">2014 fand dort eine Urban-Art-Veranstaltungswoche statt, bei der nationale und internationale K\u00fcnstler Hausw\u00e4nde gestalteten. 2021 entstanden dann anl\u00e4sslich des Themenjahres &#8222;1700 Jahre j\u00fcdisches Leben in Deutschland&#8220; Murals, die die j\u00fcdische Geschichte Schmalkaldens aufgreifen. Entdecken k\u00f6nnen Sie die riesigen Kunstwerke mit der Street Art Cities App, oder: Auf dem Tourismus-Portal schmalkalden.com sind ebenfalls einige Adressen verzeichnet.<\/p>\n<p class=\"\">Falls Sie dann wollen, ganz in der N\u00e4he befindet sich der wildromantische Wasserfall Trusetal \u2013 zum Gehirn durchbrausen.<\/p>\n<p>                    <a href=\"https:\/\/www.europesays.com\/de\/wp-content\/uploads\/2026\/09\/streetart-schmalkalden-102.webp\" class=\"zoomimage\" title=\"Bild vergr\u00f6\u00dfern\"><\/p>\n<p>        <img decoding=\"async\" src=\"https:\/\/www.europesays.com\/de\/wp-content\/uploads\/2026\/09\/streetart-schmalkalden-102.webp\" alt=\"Streetart in Schmalkalden: Ein Junge als Roboter auf einer Hauswand\" title=\"\u00dcber ganz Zeitz verteilt, findet sich Urban Art an den H\u00e4userw\u00e4nden. | MDR\/Judith Burger\" class=\"responsive\" loading=\"lazy\"\/><\/p>\n<p>                    <\/a><\/p>\n<p>                    \u00dcber ganz Zeitz verteilt, findet sich Urban Art an den H\u00e4userw\u00e4nden.<\/p>\n<p>        <img decoding=\"async\" src=\"https:\/\/www.europesays.com\/de\/wp-content\/uploads\/2026\/08\/altstadt-meissen-104.webp\" alt=\"Auf dem Burgberg \u00fcber der Elbe thront die Albrechtsburg.\" title=\"Auf dem Burgberg \u00fcber der Elbe thront die Albrechtsburg. | IMAGO \/ Sylvio Dittrich\" class=\"responsive\" loading=\"lazy\"\/><\/p>\n<p>        <img decoding=\"async\" src=\"https:\/\/www.europesays.com\/de\/wp-content\/uploads\/2026\/06\/streamingtipps-102.webp\" alt=\"Logo: Streamingtipps jede Woche neu\" title=\"Logo: Streamingtipps jede Woche neu | MITTELDEUTSCHER RUNDFUNK\" class=\"responsive\" loading=\"lazy\"\/><\/p>\n<p>        <img decoding=\"async\" src=\"https:\/\/www.europesays.com\/de\/wp-content\/uploads\/2026\/06\/newsletter-was-ist-los-am-wochenende-100.webp\" alt=\"Newsletter MDR KULTUR Was ist los am Wochenende?\" title=\"Newsletter MDR KULTUR Was ist los am Wochenende? | imago\/fStop Images\\picture-alliance\/ ZB | Wolfgang Thieme\\MiBERZ\\TVEStudio2Media\\MDR SACHSEN  \" class=\"responsive\" loading=\"lazy\"\/><\/p>\n","protected":false},"excerpt":{"rendered":"AUDIO: Wohin am Wochenende? Ausflugstipps f\u00fcr Dresden, Themar und Zeitz (4 Min) Kulturtipps Stand: 03.09.2026 15:10 Uhr Sp\u00fcren&hellip;\n","protected":false},"author":2,"featured_media":1278631,"comment_status":"","ping_status":"","sticky":false,"template":"","format":"standard","meta":{"footnotes":"","_share_on_mastodon":"0"},"categories":[1835],"tags":[3903,15694,2076,3364,29,2386,6421,553,2507,30,1310,2264,859,860,94,861,1467,4749],"class_list":["post-1278630","post","type-post","status-publish","format-standard","has-post-thumbnail","category-dresden","tag-ausflug","tag-ausflugsziele","tag-ausstellung","tag-de","tag-deutschland","tag-dresden","tag-empfehlungen","tag-familie","tag-freizeit","tag-germany","tag-konzert","tag-museum","tag-sachsen","tag-sachsen-anhalt","tag-theater","tag-thueringen","tag-tipps","tag-wochenende"],"share_on_mastodon":{"url":"https:\/\/pubeurope.com\/@de\/117208802697794057","error":""},"_links":{"self":[{"href":"https:\/\/www.europesays.com\/de\/wp-json\/wp\/v2\/posts\/1278630","targetHints":{"allow":["GET"]}}],"collection":[{"href":"https:\/\/www.europesays.com\/de\/wp-json\/wp\/v2\/posts"}],"about":[{"href":"https:\/\/www.europesays.com\/de\/wp-json\/wp\/v2\/types\/post"}],"author":[{"embeddable":true,"href":"https:\/\/www.europesays.com\/de\/wp-json\/wp\/v2\/users\/2"}],"replies":[{"embeddable":true,"href":"https:\/\/www.europesays.com\/de\/wp-json\/wp\/v2\/comments?post=1278630"}],"version-history":[{"count":0,"href":"https:\/\/www.europesays.com\/de\/wp-json\/wp\/v2\/posts\/1278630\/revisions"}],"wp:featuredmedia":[{"embeddable":true,"href":"https:\/\/www.europesays.com\/de\/wp-json\/wp\/v2\/media\/1278631"}],"wp:attachment":[{"href":"https:\/\/www.europesays.com\/de\/wp-json\/wp\/v2\/media?parent=1278630"}],"wp:term":[{"taxonomy":"category","embeddable":true,"href":"https:\/\/www.europesays.com\/de\/wp-json\/wp\/v2\/categories?post=1278630"},{"taxonomy":"post_tag","embeddable":true,"href":"https:\/\/www.europesays.com\/de\/wp-json\/wp\/v2\/tags?post=1278630"}],"curies":[{"name":"wp","href":"https:\/\/api.w.org\/{rel}","templated":true}]}}