{"id":1278649,"date":"2026-09-03T19:53:20","date_gmt":"2026-09-03T19:53:20","guid":{"rendered":"https:\/\/www.europesays.com\/de\/1278649\/"},"modified":"2026-09-03T19:53:20","modified_gmt":"2026-09-03T19:53:20","slug":"koeln-duesseldorf-gefaelschte-naziopfer-biografien-32-verdaechtige-im-visier-2","status":"publish","type":"post","link":"https:\/\/www.europesays.com\/de\/1278649\/","title":{"rendered":"K\u00f6ln\/D\u00fcsseldorf | Gef\u00e4lschte Naziopfer-Biografien \u2013 32 Verd\u00e4chtige im Visier"},"content":{"rendered":"<p>K\u00f6ln\/D\u00fcsseldorf (dpa) &#8211; Mit gef\u00e4lschten Urkunden sollen sich Betr\u00fcger als Nachfahren von Opfern des Nationalsozialismus ausgegeben und beim Bundesverwaltungsamt in K\u00f6ln die deutsche Staatsb\u00fcrgerschaft erschlichen haben. Die Staatsanwaltschaft D\u00fcsseldorf ermittele gegen 32 Beschuldigte in der Sache, teilte ein Beh\u00f6rdensprecher auf dpa-Anfrage mit. Weitere Einzelheiten k\u00f6nnten nicht mitgeteilt werden, weil ihr Bekanntgabe die noch andauernden Ermittlungen gef\u00e4hrdeten, hie\u00df es.\u00a0<\/p>\n<p>Wie der \u00abSpiegel\u00bb berichtet, sollen sich die Verd\u00e4chtigen, die vor allem aus China stammen sollen, als Nachfahren von vertriebenen J\u00fcdinnen und Juden ausgegeben und in den vergangenen Jahren Einb\u00fcrgerungsantr\u00e4ge gestellt haben.\u00a0<\/p>\n<p>Staatsanwaltschaft: Keine Erkenntnisse \u00fcber Haftbefehle<\/p>\n<p>Nach Angaben des \u00abSpiegel\u00bb w\u00fcrden einige der Beschuldigten mit internationalen Haftbefehlen unter anderem wegen Mordes und Entf\u00fchrung gesucht und h\u00e4tten m\u00f6glicherweise deswegen versucht, sich neue Identit\u00e4ten zu verschaffen. Dies best\u00e4tigte die Staatsanwaltschaft nicht: Zu m\u00f6glichen weiteren Straftaten der Beschuldigten im Ausland l\u00e4gen keine belastbaren Erkenntnisse vor. Diese seien auch nicht Gegenstand des Ermittlungsverfahrens.<\/p>\n<p>Artikel 116 des Grundgesetzes erm\u00f6glicht es jenen, die von den Nationalsozialisten ausgeb\u00fcrgert wurden, ihre deutsche Staatsangeh\u00f6rigkeit zur\u00fcckzuerhalten. Das Bundesverwaltungsamt teilte mit, man k\u00f6nne sich zu dem laufenden Ermittlungsverfahren nicht \u00e4u\u00dfern.<\/p>\n","protected":false},"excerpt":{"rendered":"K\u00f6ln\/D\u00fcsseldorf (dpa) &#8211; Mit gef\u00e4lschten Urkunden sollen sich Betr\u00fcger als Nachfahren von Opfern des Nationalsozialismus ausgegeben und beim&hellip;\n","protected":false},"author":2,"featured_media":1278650,"comment_status":"","ping_status":"","sticky":false,"template":"","format":"standard","meta":{"footnotes":"","_share_on_mastodon":"0"},"categories":[1831],"tags":[27422,3364,29,3405,30,1584,57,1209],"class_list":["post-1278649","post","type-post","status-publish","format-standard","has-post-thumbnail","category-duesseldorf","tag-auslaender","tag-de","tag-deutschland","tag-duesseldorf","tag-germany","tag-kriminalitaet","tag-nationalsozialismus","tag-nordrhein-westfalen"],"share_on_mastodon":{"url":"https:\/\/pubeurope.com\/@de\/117208862323992479","error":""},"_links":{"self":[{"href":"https:\/\/www.europesays.com\/de\/wp-json\/wp\/v2\/posts\/1278649","targetHints":{"allow":["GET"]}}],"collection":[{"href":"https:\/\/www.europesays.com\/de\/wp-json\/wp\/v2\/posts"}],"about":[{"href":"https:\/\/www.europesays.com\/de\/wp-json\/wp\/v2\/types\/post"}],"author":[{"embeddable":true,"href":"https:\/\/www.europesays.com\/de\/wp-json\/wp\/v2\/users\/2"}],"replies":[{"embeddable":true,"href":"https:\/\/www.europesays.com\/de\/wp-json\/wp\/v2\/comments?post=1278649"}],"version-history":[{"count":0,"href":"https:\/\/www.europesays.com\/de\/wp-json\/wp\/v2\/posts\/1278649\/revisions"}],"wp:featuredmedia":[{"embeddable":true,"href":"https:\/\/www.europesays.com\/de\/wp-json\/wp\/v2\/media\/1278650"}],"wp:attachment":[{"href":"https:\/\/www.europesays.com\/de\/wp-json\/wp\/v2\/media?parent=1278649"}],"wp:term":[{"taxonomy":"category","embeddable":true,"href":"https:\/\/www.europesays.com\/de\/wp-json\/wp\/v2\/categories?post=1278649"},{"taxonomy":"post_tag","embeddable":true,"href":"https:\/\/www.europesays.com\/de\/wp-json\/wp\/v2\/tags?post=1278649"}],"curies":[{"name":"wp","href":"https:\/\/api.w.org\/{rel}","templated":true}]}}