{"id":1278653,"date":"2026-09-03T19:55:16","date_gmt":"2026-09-03T19:55:16","guid":{"rendered":"https:\/\/www.europesays.com\/de\/1278653\/"},"modified":"2026-09-03T19:55:16","modified_gmt":"2026-09-03T19:55:16","slug":"das-dorf-ersetzen-zwei-muetter-machen-sich-fuer-junge-familien-stark-nachrichten-aus-kernen","status":"publish","type":"post","link":"https:\/\/www.europesays.com\/de\/1278653\/","title":{"rendered":"Das \u201eDorf\u201c ersetzen: Zwei M\u00fctter machen sich f\u00fcr junge Familien stark &#8211; Nachrichten aus Kernen"},"content":{"rendered":"<p><strong>Kernen\/Weinstadt. <\/strong> Elisabeth \u201eLissi\u201c Kohl und Sarah Epp sind beide Trageberaterinnen: Sie beraten Eltern, wie sie ihr Baby richtig in Tuch oder Trage am K\u00f6rper tragen k\u00f6nnen, helfen auch bei der Auswahl eines passenden Modells. Auch sonst dreht sich in der Selbstst\u00e4ndigkeit der beiden M\u00fctter alles um Baby und Familie \u2013 da sie neuerdings beide in Weinstadt t\u00e4tig sind, k\u00f6nnten die Frauen Konkurrentinnen sein. Sie haben sich aber ganz anders entschieden. <\/p>\n<p>Wegen <\/p>\n","protected":false},"excerpt":{"rendered":"Kernen\/Weinstadt. Elisabeth \u201eLissi\u201c Kohl und Sarah Epp sind beide Trageberaterinnen: Sie beraten Eltern, wie sie ihr Baby richtig&hellip;\n","protected":false},"author":2,"featured_media":1278654,"comment_status":"","ping_status":"","sticky":false,"template":"","format":"standard","meta":{"footnotes":"","_share_on_mastodon":"0"},"categories":[1830],"tags":[35869,23039,263798,1634,3364,29,5431,147602,248546,30,14435,28436,263799,40318,981,263800,1441,263801,192316,23310,23972],"class_list":["post-1278653","post","type-post","status-publish","format-standard","has-post-thumbnail","category-stuttgart","tag-babys","tag-aud_familie","tag-babysteps","tag-baden-wuerttemberg","tag-de","tag-deutschland","tag-familien","tag-familienberatung","tag-familienbildungsstaette-waiblingen","tag-germany","tag-kernen","tag-kindererziehung","tag-lissi-kohl","tag-mama","tag-mutter","tag-sarah-epp","tag-stuttgart","tag-trageberatung","tag-un_sag-mir-deine-meinung","tag-vhs","tag-weinstadt"],"share_on_mastodon":{"url":"https:\/\/pubeurope.com\/@de\/117208870048073725","error":""},"_links":{"self":[{"href":"https:\/\/www.europesays.com\/de\/wp-json\/wp\/v2\/posts\/1278653","targetHints":{"allow":["GET"]}}],"collection":[{"href":"https:\/\/www.europesays.com\/de\/wp-json\/wp\/v2\/posts"}],"about":[{"href":"https:\/\/www.europesays.com\/de\/wp-json\/wp\/v2\/types\/post"}],"author":[{"embeddable":true,"href":"https:\/\/www.europesays.com\/de\/wp-json\/wp\/v2\/users\/2"}],"replies":[{"embeddable":true,"href":"https:\/\/www.europesays.com\/de\/wp-json\/wp\/v2\/comments?post=1278653"}],"version-history":[{"count":0,"href":"https:\/\/www.europesays.com\/de\/wp-json\/wp\/v2\/posts\/1278653\/revisions"}],"wp:featuredmedia":[{"embeddable":true,"href":"https:\/\/www.europesays.com\/de\/wp-json\/wp\/v2\/media\/1278654"}],"wp:attachment":[{"href":"https:\/\/www.europesays.com\/de\/wp-json\/wp\/v2\/media?parent=1278653"}],"wp:term":[{"taxonomy":"category","embeddable":true,"href":"https:\/\/www.europesays.com\/de\/wp-json\/wp\/v2\/categories?post=1278653"},{"taxonomy":"post_tag","embeddable":true,"href":"https:\/\/www.europesays.com\/de\/wp-json\/wp\/v2\/tags?post=1278653"}],"curies":[{"name":"wp","href":"https:\/\/api.w.org\/{rel}","templated":true}]}}