{"id":1278659,"date":"2026-09-03T19:58:17","date_gmt":"2026-09-03T19:58:17","guid":{"rendered":"https:\/\/www.europesays.com\/de\/1278659\/"},"modified":"2026-09-03T19:58:17","modified_gmt":"2026-09-03T19:58:17","slug":"300-millionen-euro-fuer-frankfurt-was-siemens-hinter-diesen-toren-fuer-den-ki-boom-baut","status":"publish","type":"post","link":"https:\/\/www.europesays.com\/de\/1278659\/","title":{"rendered":"300 Millionen Euro f\u00fcr Frankfurt: Was Siemens hinter diesen Toren f\u00fcr den KI-Boom baut"},"content":{"rendered":"<p>300 Millionen Euro f\u00fcr FrankfurtWas Siemens hinter diesen Toren f\u00fcr den KI-Boom baut03.09.2026, 19:47 Uhr<\/p>\n<p class=\"Typography_text-m__XI0da Typography_weight-normal__pqUbH\">W\u00e4hrend in der deutschen Industrie weiter Stellen wegfallen, baut Siemens in Frankfurt ein Werk, das normalerweise kaum jemand von innen sieht. Dort entstehen Anlagen, die Strom f\u00fcr Rechenzentren, Fabriken und Ladeparks zuverl\u00e4ssig verteilen sollen.<\/p>\n","protected":false},"excerpt":{"rendered":"300 Millionen Euro f\u00fcr FrankfurtWas Siemens hinter diesen Toren f\u00fcr den KI-Boom baut03.09.2026, 19:47 Uhr W\u00e4hrend in der&hellip;\n","protected":false},"author":2,"featured_media":1278660,"comment_status":"","ping_status":"","sticky":false,"template":"","format":"standard","meta":{"footnotes":"","_share_on_mastodon":"0"},"categories":[1829],"tags":[21079,29,2050,2051,30,2052,54,19212,12791,1136],"class_list":["post-1278659","post","type-post","status-publish","format-standard","has-post-thumbnail","category-frankfurt-am-main","tag-stromnetze","tag-deutschland","tag-frankfurt","tag-frankfurt-am-main","tag-germany","tag-hessen","tag-industrie","tag-offenbach","tag-siemens","tag-stromversorgung"],"share_on_mastodon":{"url":"https:\/\/pubeurope.com\/@de\/117208881797213125","error":""},"_links":{"self":[{"href":"https:\/\/www.europesays.com\/de\/wp-json\/wp\/v2\/posts\/1278659","targetHints":{"allow":["GET"]}}],"collection":[{"href":"https:\/\/www.europesays.com\/de\/wp-json\/wp\/v2\/posts"}],"about":[{"href":"https:\/\/www.europesays.com\/de\/wp-json\/wp\/v2\/types\/post"}],"author":[{"embeddable":true,"href":"https:\/\/www.europesays.com\/de\/wp-json\/wp\/v2\/users\/2"}],"replies":[{"embeddable":true,"href":"https:\/\/www.europesays.com\/de\/wp-json\/wp\/v2\/comments?post=1278659"}],"version-history":[{"count":0,"href":"https:\/\/www.europesays.com\/de\/wp-json\/wp\/v2\/posts\/1278659\/revisions"}],"wp:featuredmedia":[{"embeddable":true,"href":"https:\/\/www.europesays.com\/de\/wp-json\/wp\/v2\/media\/1278660"}],"wp:attachment":[{"href":"https:\/\/www.europesays.com\/de\/wp-json\/wp\/v2\/media?parent=1278659"}],"wp:term":[{"taxonomy":"category","embeddable":true,"href":"https:\/\/www.europesays.com\/de\/wp-json\/wp\/v2\/categories?post=1278659"},{"taxonomy":"post_tag","embeddable":true,"href":"https:\/\/www.europesays.com\/de\/wp-json\/wp\/v2\/tags?post=1278659"}],"curies":[{"name":"wp","href":"https:\/\/api.w.org\/{rel}","templated":true}]}}