{"id":1278672,"date":"2026-09-03T20:07:18","date_gmt":"2026-09-03T20:07:18","guid":{"rendered":"https:\/\/www.europesays.com\/de\/1278672\/"},"modified":"2026-09-03T20:07:18","modified_gmt":"2026-09-03T20:07:18","slug":"gefahrgut-alarm-am-ber-flughafen-terminal-1-geraeumt","status":"publish","type":"post","link":"https:\/\/www.europesays.com\/de\/1278672\/","title":{"rendered":"Gefahrgut-Alarm am BER-Flughafen: Terminal 1 ger\u00e4umt"},"content":{"rendered":"<p>\n  Von&amp;nbsp<b>Johanna Urbancik<\/b>\n<\/p>\n<p>\n                    Zuerst ver\u00f6ffentlicht am                 03\/09\/2026 &#8211; 20:19 MESZ\u2022Zuletzt aktualisiert<br \/>\n                                     21:38\n                                        <\/p>\n<p>Am Hauptstadtflughafen BER ist am Donnerstagabend ein Gefahrgut-Alarm ausgel\u00f6st worden. Hintergrund ist die Meldung einer Frau, die bei der Bundespolizei angegeben haben soll, giftige Substanzen in ihrer Handtasche mitzuf\u00fchren. Wie ein Polizeisprecher dem Tagesspiegel best\u00e4tigte, wurde daraufhin das Terminal 1 ger\u00e4umt. <\/p>\n<p>          <img decoding=\"async\" class=\"c-ad__placeholder__logo\" src=\"https:\/\/static.euronews.com\/website\/images\/logos\/logo-euronews-stacked-outlined-72x72-grey-9.svg\" width=\"72\" height=\"72\" alt=\"\" loading=\"lazy\"\/><br \/>\n          WERBUNG<\/p>\n<p>          <img decoding=\"async\" class=\"c-ad__placeholder__logo\" src=\"https:\/\/static.euronews.com\/website\/images\/logos\/logo-euronews-stacked-outlined-72x72-grey-9.svg\" width=\"72\" height=\"72\" alt=\"\" loading=\"lazy\"\/><br \/>\n          WERBUNG<\/p>\n<p>Reisende mussten das Geb\u00e4ude verlassen. Der Flugverkehr wurde vorerst eingestellt. Nach Angaben der Bundespolizei habe die Frau am Servicepoint von den mutma\u00dflich gef\u00e4hrlichen Stoffen berichtet. Da zun\u00e4chst nicht gekl\u00e4rt werden konnte, um welche Substanz es sich handelt, habe eine m\u00f6gliche Gefahr nicht ausgeschlossen werden k\u00f6nnen. Entsprechend wurde der Gefahrgut-Alarm ausgel\u00f6st. Die Einsatzkr\u00e4fte untersuchen nun die Handtasche und die unbekannte Substanz.<\/p>\n<p>Laut Informationen des Tagesspiegel war die Frau zuvor mit einer Rolltreppe zur Bundespolizei gelangt. Dort soll sie auf die Substanzen in ihrer Tasche hingewiesen haben. Einsatzkr\u00e4fte \u00fcberw\u00e4ltigten die Frau und nahmen sie fest. Rund um die Handtasche wurde anschlie\u00dfend ein Sicherheitsbereich eingerichtet. Am BER r\u00fcckten zahlreiche Einsatzkr\u00e4fte an. Neben der Flughafenfeuerwehr sind auch mehrere Feuerwehren aus dem Landkreis Dahme-Spreewald im Einsatz. Die Einsatzkr\u00e4fte arbeiten unter anderem in Schutzanz\u00fcgen und mit spezieller Ausr\u00fcstung. Auch eine Notfalleinsatzzentrale wurde eingerichtet. Eine solche Koordinierungsstelle kommt zum Einsatz, wenn eine komplexe Lage die regul\u00e4ren Abl\u00e4ufe \u00fcbersteigt. <\/p>\n<p>Nach Angaben von Tagesspiegel und dpa war zudem der Bahnverkehr zum Flughafen zeitweise unterbrochen.<\/p>\n","protected":false},"excerpt":{"rendered":"Von&amp;nbspJohanna Urbancik Zuerst ver\u00f6ffentlicht am 03\/09\/2026 &#8211; 20:19 MESZ\u2022Zuletzt aktualisiert 21:38 Am Hauptstadtflughafen BER ist am Donnerstagabend ein&hellip;\n","protected":false},"author":2,"featured_media":1278673,"comment_status":"","ping_status":"","sticky":false,"template":"","format":"standard","meta":{"footnotes":"","_share_on_mastodon":"0"},"categories":[1816],"tags":[1960,1958,1959,1957,296,1956,1890,29,2109,31921,30,14],"class_list":["post-1278672","post","type-post","status-publish","format-standard","has-post-thumbnail","category-brandenburg","tag-aktuelle-nachrichten-aus-berlin-und-brandenburg","tag-aktuelle-nachrichten-aus-brandenburg","tag-aktuelle-news-aus-berlin-und-brandenburg","tag-aktuelle-news-aus-brandenburg","tag-berlin","tag-berlin-und-brandenburg","tag-brandenburg","tag-deutschland","tag-flughafen","tag-flughafen-ber","tag-germany","tag-nachrichten"],"share_on_mastodon":{"url":"https:\/\/pubeurope.com\/@de\/117208920439355720","error":""},"_links":{"self":[{"href":"https:\/\/www.europesays.com\/de\/wp-json\/wp\/v2\/posts\/1278672","targetHints":{"allow":["GET"]}}],"collection":[{"href":"https:\/\/www.europesays.com\/de\/wp-json\/wp\/v2\/posts"}],"about":[{"href":"https:\/\/www.europesays.com\/de\/wp-json\/wp\/v2\/types\/post"}],"author":[{"embeddable":true,"href":"https:\/\/www.europesays.com\/de\/wp-json\/wp\/v2\/users\/2"}],"replies":[{"embeddable":true,"href":"https:\/\/www.europesays.com\/de\/wp-json\/wp\/v2\/comments?post=1278672"}],"version-history":[{"count":0,"href":"https:\/\/www.europesays.com\/de\/wp-json\/wp\/v2\/posts\/1278672\/revisions"}],"wp:featuredmedia":[{"embeddable":true,"href":"https:\/\/www.europesays.com\/de\/wp-json\/wp\/v2\/media\/1278673"}],"wp:attachment":[{"href":"https:\/\/www.europesays.com\/de\/wp-json\/wp\/v2\/media?parent=1278672"}],"wp:term":[{"taxonomy":"category","embeddable":true,"href":"https:\/\/www.europesays.com\/de\/wp-json\/wp\/v2\/categories?post=1278672"},{"taxonomy":"post_tag","embeddable":true,"href":"https:\/\/www.europesays.com\/de\/wp-json\/wp\/v2\/tags?post=1278672"}],"curies":[{"name":"wp","href":"https:\/\/api.w.org\/{rel}","templated":true}]}}