{"id":1278676,"date":"2026-09-03T20:09:25","date_gmt":"2026-09-03T20:09:25","guid":{"rendered":"https:\/\/www.europesays.com\/de\/1278676\/"},"modified":"2026-09-03T20:09:25","modified_gmt":"2026-09-03T20:09:25","slug":"keine-lust-mehr-auf-altbackenes-warum-unternehmer-mit-volt-durch-berlin-fahren","status":"publish","type":"post","link":"https:\/\/www.europesays.com\/de\/1278676\/","title":{"rendered":"\u201eKeine Lust mehr auf Altbackenes\u201c: Warum Unternehmer mit Volt durch Berlin fahren"},"content":{"rendered":"<p class=\"text-black text-[17px] leading-7 font-normal font-merriweather\">\n              \u00dcber dem Roten Rathaus h\u00e4ngen dunkle Wolken, doch aus dem Berliner Doppeldecker dr\u00f6hnt Udo Lindenbergs \u201eSonderzug nach Pankow\u201c. Eine gro\u00dfe Musikbox steht bereit, Getr\u00e4nke und S\u00fc\u00dfigkeiten werden verteilt. Regen droht, f\u00e4llt aber nicht. Dann setzt sich Volts \u201e<a target=\"_blank\" rel=\"nofollow noopener\" href=\"https:\/\/www.berliner-zeitung.de\/article\/seit-jahren-und-jahrzehnten-wird-stillstand-verwaltet-volt-will-berlin-unfucken-10292981\" bis_size=\"{&quot;x&quot;:490,&quot;y&quot;:594,&quot;w&quot;:129,&quot;h&quot;:22,&quot;abs_x&quot;:490,&quot;abs_y&quot;:708}\">Unf*ck-Berlin<\/a>\u201c-Tour in Bewegung: Es geht zwei Stunden durch jene Stadt, bei der die Spitzenkandidaten Anna Auerbach und Paul Loeper erkl\u00e4ren, wie sie Berlin \u201ereparieren\u201c wollen.<\/p>\n<p>Im Abgeordnetenhaus sitzt Volt bislang nicht und geh\u00f6rt damit noch zu den Herausforderern. Am kommenden Montag nimmt Spitzenkandidatin Anna Auerbach an einer \u201e<a target=\"_blank\" rel=\"nofollow noopener\" href=\"https:\/\/www.eventbrite.de\/e\/smalltalk-berlin-die-wahlarena-der-kleineren-parteien-tickets-1999036145925\" bis_size=\"{&quot;x&quot;:30,&quot;y&quot;:786,&quot;w&quot;:613,&quot;h&quot;:51,&quot;abs_x&quot;:30,&quot;abs_y&quot;:900}\">Wahlarena der kleineren Parteien<\/a>\u201c teil &#8211; neben Vertretern von BSW, Tierschutzpartei, Die PARTEI und der Berliner FDP, die mittlerweile ebenfalls in diese Runde abgerutscht ist.<\/p>\n<p>Dass Volt \u00fcberhaupt dahin eingeladen wurde, wertet ein Sprecher der Partei im Gespr\u00e4ch mit der Berliner Zeitung bereits als Erfolg. Doch Volt will raus aus der Riege der Kleinen und am 20. September erstmals ins Berliner Landesparlament einziehen.\n            <\/p>\n","protected":false},"excerpt":{"rendered":"\u00dcber dem Roten Rathaus h\u00e4ngen dunkle Wolken, doch aus dem Berliner Doppeldecker dr\u00f6hnt Udo Lindenbergs \u201eSonderzug nach Pankow\u201c.&hellip;\n","protected":false},"author":2,"featured_media":1278677,"comment_status":"","ping_status":"","sticky":false,"template":"","format":"standard","meta":{"footnotes":"","_share_on_mastodon":"0"},"categories":[1825],"tags":[30734,263802,296,22535,29,30,93708,263803,6799],"class_list":["post-1278676","post","type-post","status-publish","format-standard","has-post-thumbnail","category-berlin","tag-volt","tag-anna-auerbach","tag-berlin","tag-berliner-zeitung","tag-deutschland","tag-germany","tag-jana-hermann","tag-paul-loeper","tag-wahlkampf"],"share_on_mastodon":{"url":"https:\/\/pubeurope.com\/@de\/117208925059030829","error":""},"_links":{"self":[{"href":"https:\/\/www.europesays.com\/de\/wp-json\/wp\/v2\/posts\/1278676","targetHints":{"allow":["GET"]}}],"collection":[{"href":"https:\/\/www.europesays.com\/de\/wp-json\/wp\/v2\/posts"}],"about":[{"href":"https:\/\/www.europesays.com\/de\/wp-json\/wp\/v2\/types\/post"}],"author":[{"embeddable":true,"href":"https:\/\/www.europesays.com\/de\/wp-json\/wp\/v2\/users\/2"}],"replies":[{"embeddable":true,"href":"https:\/\/www.europesays.com\/de\/wp-json\/wp\/v2\/comments?post=1278676"}],"version-history":[{"count":0,"href":"https:\/\/www.europesays.com\/de\/wp-json\/wp\/v2\/posts\/1278676\/revisions"}],"wp:featuredmedia":[{"embeddable":true,"href":"https:\/\/www.europesays.com\/de\/wp-json\/wp\/v2\/media\/1278677"}],"wp:attachment":[{"href":"https:\/\/www.europesays.com\/de\/wp-json\/wp\/v2\/media?parent=1278676"}],"wp:term":[{"taxonomy":"category","embeddable":true,"href":"https:\/\/www.europesays.com\/de\/wp-json\/wp\/v2\/categories?post=1278676"},{"taxonomy":"post_tag","embeddable":true,"href":"https:\/\/www.europesays.com\/de\/wp-json\/wp\/v2\/tags?post=1278676"}],"curies":[{"name":"wp","href":"https:\/\/api.w.org\/{rel}","templated":true}]}}