{"id":1278682,"date":"2026-09-03T20:12:19","date_gmt":"2026-09-03T20:12:19","guid":{"rendered":"https:\/\/www.europesays.com\/de\/1278682\/"},"modified":"2026-09-03T20:12:19","modified_gmt":"2026-09-03T20:12:19","slug":"countdown-nach-hackerangriff-auf-berlin-am-freitagnachmittag-koennten-die-angreifer-sogar-daten-von-buergern-veroeffentlichen","status":"publish","type":"post","link":"https:\/\/www.europesays.com\/de\/1278682\/","title":{"rendered":"Countdown nach Hackerangriff auf Berlin: Am Freitagnachmittag k\u00f6nnten die Angreifer sogar Daten von B\u00fcrgern ver\u00f6ffentlichen"},"content":{"rendered":"<p class=\"tspBOmb tspBOmc\">Nach dem <a href=\"https:\/\/www.tagesspiegel.de\/berlin\/nach-hackerangriff-und-passwortklau-zwei-berliner-senatsverwaltungen-stoppen-homeoffice-zugriff-auf-ihre-netze-16001565.html?icid=in-text-link_16015921\" class=\"link link--internal\" data-gtm-class=\"article-text-link\" data-gtm-val=\"internal\" rel=\"nofollow noopener\" target=\"_blank\">Hackerangriff auf das Datennetz zweier Senatsverwaltungen<\/a> und <strong>kurz vor Ablauf des Ultimatums der Gruppe<\/strong> am Freitagnachmittag hat der Berliner Senat davor gewarnt, dass <strong>auch B\u00fcrgern und Unternehmen betroffen sein k\u00f6nnten<\/strong>. Es sei nicht auszuschlie\u00dfen, dass die T\u00e4ter am Freitag die \u201egestohlenen Daten ver\u00f6ffentlichen\u201c, teilte der Senat mit. \u201eDarunter k\u00f6nnen nach jetzigem Kenntnisstand auch personenbezogene Daten von Besch\u00e4ftigten des Landes Berlin, aber auch von B\u00fcrgerinnen und B\u00fcrgern sowie Unternehmen sein.\u201c<\/p>\n","protected":false},"excerpt":{"rendered":"Nach dem Hackerangriff auf das Datennetz zweier Senatsverwaltungen und kurz vor Ablauf des Ultimatums der Gruppe am Freitagnachmittag&hellip;\n","protected":false},"author":2,"featured_media":1278683,"comment_status":"","ping_status":"","sticky":false,"template":"","format":"standard","meta":{"footnotes":"","_share_on_mastodon":"0"},"categories":[1825],"tags":[296,2068,29,30],"class_list":["post-1278682","post","type-post","status-publish","format-standard","has-post-thumbnail","category-berlin","tag-berlin","tag-berliner-senat","tag-deutschland","tag-germany"],"share_on_mastodon":{"url":"","error":""},"_links":{"self":[{"href":"https:\/\/www.europesays.com\/de\/wp-json\/wp\/v2\/posts\/1278682","targetHints":{"allow":["GET"]}}],"collection":[{"href":"https:\/\/www.europesays.com\/de\/wp-json\/wp\/v2\/posts"}],"about":[{"href":"https:\/\/www.europesays.com\/de\/wp-json\/wp\/v2\/types\/post"}],"author":[{"embeddable":true,"href":"https:\/\/www.europesays.com\/de\/wp-json\/wp\/v2\/users\/2"}],"replies":[{"embeddable":true,"href":"https:\/\/www.europesays.com\/de\/wp-json\/wp\/v2\/comments?post=1278682"}],"version-history":[{"count":0,"href":"https:\/\/www.europesays.com\/de\/wp-json\/wp\/v2\/posts\/1278682\/revisions"}],"wp:featuredmedia":[{"embeddable":true,"href":"https:\/\/www.europesays.com\/de\/wp-json\/wp\/v2\/media\/1278683"}],"wp:attachment":[{"href":"https:\/\/www.europesays.com\/de\/wp-json\/wp\/v2\/media?parent=1278682"}],"wp:term":[{"taxonomy":"category","embeddable":true,"href":"https:\/\/www.europesays.com\/de\/wp-json\/wp\/v2\/categories?post=1278682"},{"taxonomy":"post_tag","embeddable":true,"href":"https:\/\/www.europesays.com\/de\/wp-json\/wp\/v2\/tags?post=1278682"}],"curies":[{"name":"wp","href":"https:\/\/api.w.org\/{rel}","templated":true}]}}