{"id":1278691,"date":"2026-09-03T20:19:15","date_gmt":"2026-09-03T20:19:15","guid":{"rendered":"https:\/\/www.europesays.com\/de\/1278691\/"},"modified":"2026-09-03T20:19:15","modified_gmt":"2026-09-03T20:19:15","slug":"kritik-zu-wild-horse-nine-leben-und-sterben-auf-der-osterinsel","status":"publish","type":"post","link":"https:\/\/www.europesays.com\/de\/1278691\/","title":{"rendered":"Kritik zu Wild Horse Nine: Leben und Sterben auf der Osterinsel"},"content":{"rendered":"<p class=\"bo-p\">Ich habe wohl noch nie einem Schauspieler mehr als <a href=\"https:\/\/www.filmstarts.de\/personen\/613.html\" class=\"bo-link\" rel=\"nofollow noopener\" target=\"_blank\">John Malkovich<\/a> abgenommen, dass die Welt zwangsl\u00e4ufig vor die Hunde gehen wird. Der f\u00fcr \u201e<a href=\"https:\/\/www.filmstarts.de\/kritiken\/31404.html\" class=\"bo-link\" rel=\"nofollow noopener\" target=\"_blank\">Ein Platz im Herzen<\/a>\u201c und \u201e<a href=\"https:\/\/www.filmstarts.de\/kritiken\/8293.html\" class=\"bo-link\" rel=\"nofollow noopener\" target=\"_blank\">In The Line Of Fire<\/a>\u201c bereits zweifach oscarnominierte \u201e<a href=\"https:\/\/www.filmstarts.de\/kritiken\/10555.html\" class=\"bo-link\" rel=\"nofollow noopener\" target=\"_blank\">Con Air<\/a>\u201c-Psychopath spielt Chris, einen CIA-Agenten mit Erinnerungsl\u00fccken und Gehirntumor, der es satt hat, immer nur zu l\u00fcgen. An seinen letzten verbliebenen Tagen im Jahr 1973 spricht er \u2013 ausgerechnet auf der Osterinsel \u2013 die Wahrheit aus: <\/p>\n<p class=\"bo-p\">Ganz egal, wie viele Menschen f\u00fcr die Demokratie in Chile auf die Stra\u00dfe gehen, ihr erster gew\u00e4hlter Pr\u00e4sident Salvador Allende wird so oder so am 11. September erschossen werden. F\u00fcr Tausende junge Demonstrant*innen, die vom Milit\u00e4r im Nationalstadion in Santiago zusammengetrieben werden, bedeutet das Folter und Tod. Da f\u00e4llt es schwer, nicht in einen def\u00e4tistischen Zynismus zu verfallen. Dabei ist \u201e<b>Wild Horse Nine<\/b>\u201c doch eigentlich eine Kom\u00f6die! Oder? <\/p>\n<p>Profikiller oder CIA-Agenten \u2013 doch eigentlich alles dasselbe<\/p>\n<p class=\"bo-p\">Nach den Profikillern in \u201e<a href=\"https:\/\/www.filmstarts.de\/kritiken\/127122.html\" class=\"bo-link\" rel=\"nofollow noopener\" target=\"_blank\">Br\u00fcgge sehen&#8230; und sterben?<\/a>\u201c und den Einseitig-pl\u00f6tzlich-nicht-mehr-besten-Freunden in \u201e<a href=\"https:\/\/www.filmstarts.de\/kritiken\/281293.html\" class=\"bo-link\" rel=\"nofollow noopener\" target=\"_blank\">The Banshees Of Inisherin<\/a>\u201c erz\u00e4hlt <a href=\"https:\/\/www.filmstarts.de\/personen\/142452.html\" class=\"bo-link\" rel=\"nofollow noopener\" target=\"_blank\">Martin McDonagh<\/a> erneut von einer zwar gnadenlos abgefuckten, aber deshalb nicht minder ber\u00fchrenden M\u00e4nnerfreundschaft. Colin Farrell und Brendan Gleeson spielen darin wohl nur deshalb nicht zum dritten Mal die Hauptrollen, weil die irischen Landleute des Regisseurs nicht so ohne Weiteres als gestandene CIA-Veteranen durchgegangen w\u00e4ren. <\/p>\n<p class=\"bo-p\">Aber John Malkovich und <a href=\"https:\/\/www.filmstarts.de\/personen\/19781.html\" class=\"bo-link\" rel=\"nofollow noopener\" target=\"_blank\">Sam Rockwell<\/a> (\u201eMoon\u201c) sind mindestens ebenb\u00fcrtig \u2013 vor allem, was das kom\u00f6diantische Timing angeht, wenn gleich zu Beginn noch am Flughafen in Santiago ein staubtrocken-zynisches Pointen-Feuerwerk abgebrannt wird. Chris erz\u00e4hlt einer linken Studentin (<a href=\"https:\/\/www.filmstarts.de\/personen\/848019.html\" class=\"bo-link\" rel=\"nofollow noopener\" target=\"_blank\">Mariana Di Gir\u00f3lamo<\/a>) frei heraus, dass sie als CIA-Agenten hier seien, um \u201edie Demokratie in Chile zu destabilisieren\u201c, und sein j\u00fcngerer Vorgesetzter Lee (Rockwell) tut alles, um die Situation irgendwie einzufangen. Zum Gl\u00fcck glaubt dem grantelnden Alten aber sowieso niemand.<\/p>\n<p>                                <img loading=\"lazy\" decoding=\"async\" class=\"article-figure-img\" gleich=\"\" in=\"\" der=\"\" ersten=\"\" szene=\"\" am=\"\" flughafen=\"\" gehen=\"\" john=\"\" malkovich=\"\" und=\"\" sam=\"\" rockwell=\"\" sachen=\"\" staubtrockenem=\"\" humor=\"\" direkt=\"\" die=\"\" vollen.=\"\" src=\"https:\/\/www.europesays.com\/de\/wp-content\/uploads\/2026\/09\/6dd60139372c8675438e93ea2c3a0eeb.jpg\" width=\"640\" height=\"320\" alt=\"Gleich in der ersten Szene am Flughafen gehen John Malkovich und Sam Rockwell in Sachen staubtrockenem Humor direkt in die Vollen.\"\/><\/p>\n<p>                                    Disney und seine verbundenen Unternehmen<\/p>\n<p>                    Gleich in der ersten Szene am Flughafen gehen John Malkovich und Sam Rockwell in Sachen staubtrockenem Humor direkt in die Vollen.<\/p>\n<p class=\"bo-p\">Es ist absolut r\u00fchrend, wie sich Lee um seinen Mentor sorgt \u2013 und daf\u00fcr notfalls auch alle Verantwortung gegen\u00fcber der CIA sowie seiner mit einem (Ex-)Clown fremdgehenden Frau Marge (<a href=\"https:\/\/www.filmstarts.de\/personen\/8739.html\" class=\"bo-link\" rel=\"nofollow noopener\" target=\"_blank\">Parker Posey<\/a>) hintenanstellt. Fast wie jemand, der seinen Job auf Halt stellt, um sich pers\u00f6nlich um einen sehr guten v\u00e4terlichen Freund zu k\u00fcmmern, statt ihn ins Heim abzuschieben. Nur dass der v\u00e4terliche Freund in diesem Fall mit einer buchst\u00e4blich und \u2013 noch schlimmer \u2013 metaphorisch geladenen Kanone herumrennt. Schlie\u00dflich hat Chris in seinem Kopf jede Menge CIA-Geheimnisse gebunkert, wom\u00f6glich sogar welche zur Kennedy-Ermordung. <\/p>\n<p class=\"bo-p\">Deshalb liegt auch dem S\u00fcdamerika-Chef MJ (<a href=\"https:\/\/www.filmstarts.de\/personen\/15126.html\" class=\"bo-link\" rel=\"nofollow noopener\" target=\"_blank\">Steve Buscemi<\/a>) ganz besonders daran, das Problem so schnell wie m\u00f6glich aus der Welt zu schaffen, bevor Chris wom\u00f6glich auf die Idee kommt, tats\u00e4chlich noch mit seinen Memoiren zu beginnen. Das anf\u00e4ngliche Zynismus-Zoten-Dauerfeuer weicht dabei nach und nach einer nachdenklicheren Stimmung. Statt schneller Pointen \u00fcber die Zahl der von ihm in seiner Karriere ermordeten Menschen versinkt Chris immer mehr in einem sehns\u00fcchtig-melancholischen Philosophie-Modus. Allerdings gibt es dabei neben gr\u00fcblerischen Fragen wie jener, ob denn wohl auch Motten in den Himmel kommen, auch jede Menge brillant-dadaistische Bonmots. <\/p>\n<p>Bissig-ber\u00fchrende Dialoge zum Niederknien<\/p>\n<p class=\"bo-p\">So etwa bei einer l\u00e4ngeren Ausschweifung \u00fcber den Zusammenhang zwischen dem Ma\u00df an Demokratie, der Anzahl der Schwulen und der Qualit\u00e4t des K\u00e4ses. Das mit dem Gouda und dem Emmentaler erinnert dabei fast zwangsl\u00e4ufig an die ebenfalls im Auto zwischen zwei Berufsm\u00f6rdern stattfindende Royale-mit-K\u00e4se-Diskussion aus \u201e<a href=\"https:\/\/www.filmstarts.de\/kritiken\/10126.html\" class=\"bo-link\" rel=\"nofollow noopener\" target=\"_blank\">Pulp Fiction<\/a>\u201c, nur dass Martin McDonagh zwar ebenso geschliffen-pr\u00e4zise Dialoge wie Quentin Tarantino schreibt, beim \u201e<a href=\"https:\/\/www.filmstarts.de\/kritiken\/245010.html\" class=\"bo-link\" rel=\"nofollow noopener\" target=\"_blank\">Three Billboards Outside Ebbing, Missouri<\/a>\u201c-Regisseur aber meist noch mehr dahintersteckt. Denn wie Chris einmal ern\u00fcchtert feststellt, braucht man sich nur einen der gro\u00dfen K\u00f6pfe anzuschauen \u2013 die anderen sehen dann eh alle gleich aus. Das macht die Osterinsel zum perfekten Schauplatz f\u00fcr eine gute Portion Selbstreflexion. <\/p>\n<p class=\"bo-p\">Als w\u00e4re er der Protagonist aus Christopher Nolans Ged\u00e4chtnisverlust-Mindfuck \u201e<a href=\"https:\/\/www.filmstarts.de\/kritiken\/25744.html\" class=\"bo-link\" rel=\"nofollow noopener\" target=\"_blank\">Memento<\/a>\u201c, tr\u00e4gt Chris zudem in seiner Tasche einen Zettel mit der Aufschrift \u201eLee ist nicht zu trauen\u201c mit sich herum \u2013 gepaart mit der CIA-Berufskrankheit Paranoia macht diese kryptische Erinnerung das Verh\u00e4ltnis der staatssanktionierten Killer-Kollegen nicht unbedingt einfacher, was Lees F\u00fcrsorge trotz des st\u00e4ndigen Misstrauens aber nur noch eindrucksvoller erscheinen l\u00e4sst. \u201eWild Horse Nine\u201c liefert so eine der wohl sch\u00f6nsten Leinwand-Freundschaften seit langer Zeit \u2013 und das ausgerechnet zwischen zwei M\u00e4nnern, die gemeinsam um den Globus jetten, um die Welt im Auftrag ihres Landes f\u00fcr m\u00f6glichst lange Zeit ins Chaos zu st\u00fcrzen.<\/p>\n<p class=\"bo-p\"><b>Fazit: Selten hat man einen in Bezug auf den Zustand und die Chancen der Welt pessimistischeren Film gesehen, der zugleich eine solch poetische Menschlichkeit ausstrahlt \u2013 auch weil John Malkovich hier die vielleicht beste Performance seiner Karriere abliefert. Und wer sich jetzt zu sehr Sorgen um seine gute Laune f\u00fcr den weiteren Abend macht: Martin McDonagh entl\u00e4sst sein Publikum nicht nur mit jeder Menge br\u00fcllender Lacher, sondern als Abschluss des schmerzhaft-zynischen Realitychecks auch noch mit einem kathartisch-blutigen Finale aus dem Kinosaal. <\/b><\/p>\n<p class=\"bo-p\">Wir haben \u201eWild Horse Nine\u201c beim Filmfestival in Venedig gesehen, wo er als Teil des offiziellen Wettbewerbs seine Weltpremiere gefeiert hat.<\/p>\n","protected":false},"excerpt":{"rendered":"Ich habe wohl noch nie einem Schauspieler mehr als John Malkovich abgenommen, dass die Welt zwangsl\u00e4ufig vor die&hellip;\n","protected":false},"author":2,"featured_media":1278692,"comment_status":"","ping_status":"","sticky":false,"template":"","format":"standard","meta":{"footnotes":"","_share_on_mastodon":"0"},"categories":[1771],"tags":[1778,29,214,30,95,1777,215],"class_list":["post-1278691","post","type-post","status-publish","format-standard","has-post-thumbnail","category-kino","tag-cinema","tag-deutschland","tag-entertainment","tag-germany","tag-kino","tag-movie","tag-unterhaltung"],"share_on_mastodon":{"url":"https:\/\/pubeurope.com\/@de\/117208966690546887","error":""},"_links":{"self":[{"href":"https:\/\/www.europesays.com\/de\/wp-json\/wp\/v2\/posts\/1278691","targetHints":{"allow":["GET"]}}],"collection":[{"href":"https:\/\/www.europesays.com\/de\/wp-json\/wp\/v2\/posts"}],"about":[{"href":"https:\/\/www.europesays.com\/de\/wp-json\/wp\/v2\/types\/post"}],"author":[{"embeddable":true,"href":"https:\/\/www.europesays.com\/de\/wp-json\/wp\/v2\/users\/2"}],"replies":[{"embeddable":true,"href":"https:\/\/www.europesays.com\/de\/wp-json\/wp\/v2\/comments?post=1278691"}],"version-history":[{"count":0,"href":"https:\/\/www.europesays.com\/de\/wp-json\/wp\/v2\/posts\/1278691\/revisions"}],"wp:featuredmedia":[{"embeddable":true,"href":"https:\/\/www.europesays.com\/de\/wp-json\/wp\/v2\/media\/1278692"}],"wp:attachment":[{"href":"https:\/\/www.europesays.com\/de\/wp-json\/wp\/v2\/media?parent=1278691"}],"wp:term":[{"taxonomy":"category","embeddable":true,"href":"https:\/\/www.europesays.com\/de\/wp-json\/wp\/v2\/categories?post=1278691"},{"taxonomy":"post_tag","embeddable":true,"href":"https:\/\/www.europesays.com\/de\/wp-json\/wp\/v2\/tags?post=1278691"}],"curies":[{"name":"wp","href":"https:\/\/api.w.org\/{rel}","templated":true}]}}