{"id":1278713,"date":"2026-09-03T20:37:15","date_gmt":"2026-09-03T20:37:15","guid":{"rendered":"https:\/\/www.europesays.com\/de\/1278713\/"},"modified":"2026-09-03T20:37:15","modified_gmt":"2026-09-03T20:37:15","slug":"krank-vernachlaessigt-katze-maja-sucht-ein-zuhause-in-braunschweig","status":"publish","type":"post","link":"https:\/\/www.europesays.com\/de\/1278713\/","title":{"rendered":"Krank &#038; vernachl\u00e4ssigt: Katze Maja sucht ein Zuhause in Braunschweig"},"content":{"rendered":"<p class=\"datum\">03.09.2026, 20:20 Uhr<\/p>\n<p><strong>Region. Viele Tiere warten in den Tierheimen der Region sehns\u00fcchtig darauf, endlich ein eigenes Zuhause zu finden. regionalHeute.de bringt Mensch und Tier zusammen und stellt regelm\u00e4\u00dfig Vierbeiner vor, die auf der Suche nach passenden Menschen sind.<br \/><\/strong><br \/>\n<\/p>\n<p>Sorgenfellchen Maja wohnt derzeit beim Tierschutz Braunschweig. Die etwa neunj\u00e4hrige Main-Coon-Katzendame wurde in einem schrecklichen Gesundheits- und Pflegezustand aufgefunden. Offenbar hatte sich lange niemand mehr um die arme Katze gek\u00fcmmert. Maja leidet an einem eosinophilen Granulom, einer Autoimmunerkrankung, die zu starken Entz\u00fcndungen im Maulbereich f\u00fchren kann. Da die Erkrankung vermutlich lange unbehandelt blieb, haben sich bereits deutliche Ver\u00e4nderungen an ihrer Oberlippe entwickelt.<\/p>\n<p>Das w\u00fcnscht sich Maja<\/p>\n<p>Trotz ihrer Erkrankung ist Maja eine freundliche und liebe Katze, die sich offen und aufgeschlossen gegen\u00fcber Menschen zeigt. F\u00fcr sie wird ein ruhiger und stressfreier Haushalt gesucht, in dem sie ihren Lebensabend verbringen darf. Andere Katzen braucht Maja nicht unbedingt an ihrer Seite, mit manchen Artgenossen kommt sie jedoch gut zurecht.<\/p>\n<p>\nDurch ihre Erkrankung ben\u00f6tigt Maja t\u00e4glich Medikamente. Diese l\u00e4sst sie sich nach Angaben des Tierschutzes brav verabreichen. Maja scheint bisher Freigang gehabt zu haben. Aufgrund ihrer Erkrankung w\u00e4re k\u00fcnftig ein gesicherter Auslauf oder Balkon die bessere Wahl.<\/p>\n<p>So kann man Maja kennenlernen<\/p>\n<p>Wer Maja kennenlernen und ihr ein ruhiges Zuhause schenken m\u00f6chte, kann sich an den Tierschutz Braunschweig gegr. 1882 e.V. wenden. Das Tierheim ist montags, dienstags und freitags von 13 bis 16 Uhr, donnerstags von 13 bis 18 Uhr sowie samstags von 10 bis 13 Uhr unter der Telefonnummer 0531 \/ 50 00 07 erreichbar. Die Gesch\u00e4ftsstelle ist montags bis freitags von 8 bis 16 Uhr unter 0531 \/ 50 00 06 erreichbar.<\/p>\n","protected":false},"excerpt":{"rendered":"03.09.2026, 20:20 Uhr Region. Viele Tiere warten in den Tierheimen der Region sehns\u00fcchtig darauf, endlich ein eigenes Zuhause&hellip;\n","protected":false},"author":2,"featured_media":1271230,"comment_status":"","ping_status":"","sticky":false,"template":"","format":"standard","meta":{"footnotes":"","_share_on_mastodon":"0"},"categories":[1850],"tags":[6429,3364,29,548,663,3934,30,13,14,15,1411,12],"class_list":["post-1278713","post","type-post","status-publish","format-standard","has-post-thumbnail","category-braunschweig","tag-braunschweig","tag-de","tag-deutschland","tag-eu","tag-europa","tag-europe","tag-germany","tag-headlines","tag-nachrichten","tag-news","tag-niedersachsen","tag-schlagzeilen"],"share_on_mastodon":{"url":"","error":""},"_links":{"self":[{"href":"https:\/\/www.europesays.com\/de\/wp-json\/wp\/v2\/posts\/1278713","targetHints":{"allow":["GET"]}}],"collection":[{"href":"https:\/\/www.europesays.com\/de\/wp-json\/wp\/v2\/posts"}],"about":[{"href":"https:\/\/www.europesays.com\/de\/wp-json\/wp\/v2\/types\/post"}],"author":[{"embeddable":true,"href":"https:\/\/www.europesays.com\/de\/wp-json\/wp\/v2\/users\/2"}],"replies":[{"embeddable":true,"href":"https:\/\/www.europesays.com\/de\/wp-json\/wp\/v2\/comments?post=1278713"}],"version-history":[{"count":0,"href":"https:\/\/www.europesays.com\/de\/wp-json\/wp\/v2\/posts\/1278713\/revisions"}],"wp:featuredmedia":[{"embeddable":true,"href":"https:\/\/www.europesays.com\/de\/wp-json\/wp\/v2\/media\/1271230"}],"wp:attachment":[{"href":"https:\/\/www.europesays.com\/de\/wp-json\/wp\/v2\/media?parent=1278713"}],"wp:term":[{"taxonomy":"category","embeddable":true,"href":"https:\/\/www.europesays.com\/de\/wp-json\/wp\/v2\/categories?post=1278713"},{"taxonomy":"post_tag","embeddable":true,"href":"https:\/\/www.europesays.com\/de\/wp-json\/wp\/v2\/tags?post=1278713"}],"curies":[{"name":"wp","href":"https:\/\/api.w.org\/{rel}","templated":true}]}}