{"id":1278746,"date":"2026-09-03T20:57:50","date_gmt":"2026-09-03T20:57:50","guid":{"rendered":"https:\/\/www.europesays.com\/de\/1278746\/"},"modified":"2026-09-03T20:57:50","modified_gmt":"2026-09-03T20:57:50","slug":"eu-steht-neuer-10-prozent-obergrenze-fuer-us-zoelle-positiv-gegenueber","status":"publish","type":"post","link":"https:\/\/www.europesays.com\/de\/1278746\/","title":{"rendered":"EU steht neuer 10-Prozent-Obergrenze f\u00fcr US-Z\u00f6lle \u201epositiv\u201c gegen\u00fcber"},"content":{"rendered":"<p class=\"p1\">Die EU muss ab Freitag mit einem pauschalen Zollsatz von 10 % rechnen, nachdem die USA eine Untersuchung zum Handel mit Produkten aus Zwangsarbeit abgeschlossen haben, erkl\u00e4rte ein Sprecher der Europ\u00e4ischen Kommission.<\/p>\n<p class=\"p1\">Washington k\u00fcndigte am Donnerstagabend an, im Anschluss an eine Untersuchung gem\u00e4\u00df Section 301 zu <a href=\"https:\/\/www.euractiv.com\/news\/brussels-says-new-us-forced-labour-tariffs-are-unjustified\/\" rel=\"nofollow noopener\" target=\"_blank\">unlauteren Handelspraktiken<\/a> Z\u00f6lle gegen Dutzende von Handelspartnern, darunter die EU und das Vereinigte K\u00f6nigreich, zu verh\u00e4ngen. Die Z\u00f6lle reichen von 10 % f\u00fcr L\u00e4nder, die ein <a href=\"https:\/\/www.euractiv.com\/news\/eu-strikes-speedy-agreement-banning-forced-labour-products\/\" rel=\"nofollow noopener\" target=\"_blank\">Zwangsarbeitsverbot<\/a> eingef\u00fchrt haben oder einf\u00fchren wollen, bis zu 12,5 % f\u00fcr alle anderen.<\/p>\n<p>Im Gegensatz zur bisherigen Regelung werden die neuen Z\u00f6lle nicht auf bestehende Z\u00f6lle <a href=\"https:\/\/www.euractiv.com\/news\/new-10-us-tariffs-bring-modest-relief-for-most-eu-sectors\/\" rel=\"nofollow noopener\" target=\"_blank\">aufgeschlagen<\/a>, was bedeutet, dass 10 % nun der H\u00f6chstsatz f\u00fcr die meisten Waren ist.<\/p>\n<p>Die EU \u201ewertet es positiv, dass dieses Ergebnis im Einklang mit den US-Zollverpflichtungen steht\u201c, die im Rahmen des <a href=\"https:\/\/www.euractiv.com\/news\/european-parliament-clears-way-for-eu-us-trade-pact\/\" rel=\"nofollow noopener\" target=\"_blank\">EU-US-Turnberry-Abkommens<\/a> im vergangenen Jahr vereinbart wurden, sagte der Sprecher und f\u00fcgte hinzu, dass die Ank\u00fcndigung vom Donnerstag Impulse f\u00fcr die Aushandlung weiterer <a href=\"https:\/\/www.euractiv.com\/news\/exclusive-brussels-to-ask-washington-for-tariff-exemptions-on-key-exports\/\" rel=\"nofollow noopener\" target=\"_blank\">Zollbefreiungen<\/a> und die Vertiefung der Zusammenarbeit in Bereichen wie Wirtschaftssicherheit, kritische Rohstoffe, KI und Digitalpolitik gebe.<\/p>\n<p>USA k\u00fcndigen im Rahmen von Trumps Handelsneustart Z\u00f6lle gegen 60 Handelspartner an<\/p>\n<p class=\"c-news-link__text\">\n\t\t\t\t\tAm Freitag trat eine neue Welle von US-Z\u00f6llen in Kraft, die sich gegen 60 Handelspartner\u2026\t\t\t\t<\/p>\n<p class=\"c-news-link__read-time\">\n\t\t\t\t\t4 Minuten\t\t\t\t<\/p>\n<p>\t\t\t\t\t<img loading=\"lazy\" decoding=\"async\" width=\"800\" height=\"549\" src=\"https:\/\/www.europesays.com\/de\/wp-content\/uploads\/2026\/09\/GettyImages-2286269119-e1784870972929-1-800x549.jpg\" class=\"c-news-link__img\" alt=\"USA k\u00fcndigen im Rahmen von Trumps Handelsneustart Z\u00f6lle gegen 60 Handelspartner an\"\/>\t\t\t<\/p>\n<p>Nicht alle in der Kommission schienen diese Einsch\u00e4tzung zu teilen. Die Vizepr\u00e4sidentin der Kommission und oberste EU-Diplomatin Kaja Kallas bezeichnete die Z\u00f6lle am Freitag als \u201enegative \u00dcberraschung\u201c und als Versto\u00df gegen das Turnberry-Abkommen.<\/p>\n<p>\u201eWenn man unsere Arbeitsgesetze mit denen der Vereinigten Staaten vergleicht \u2013 ich meine, wir haben bezahlten Urlaub, wir haben sehr gute Arbeitsbedingungen f\u00fcr unsere Besch\u00e4ftigten \u2013, dann ist das nicht wirklich begr\u00fcndet\u201c, sagte Kallas laut Reuters.<\/p>\n<p>Die Untersuchung gem\u00e4\u00df Section 301 wirft der EU jedoch nicht vor, Zwangsarbeit einzusetzen. Vielmehr wird argumentiert, dass die Union es vers\u00e4umt habe, die Einfuhr von Waren, die unter Einsatz solcher Praktiken hergestellt wurden, angemessen zu verbieten oder ein solches Verbot durchzusetzen.<\/p>\n<p><strong>Versto\u00df gegen die digitalen Vorschriften der Union<\/strong><\/p>\n<p>Ebenfalls am Donnerstag k\u00fcndigte die Kommission eine <a href=\"https:\/\/www.euractiv.com\/news\/google-fined-e890-million-for-breaching-eus-big-tech-rules\/\" rel=\"nofollow noopener\" target=\"_blank\">Geldbu\u00dfe<\/a> in H\u00f6he von 890 Millionen <a href=\"https:\/\/www.euractiv.com\/news\/google-fined-e890-million-for-breaching-eus-big-tech-rules\/\" rel=\"nofollow noopener\" target=\"_blank\">Euro<\/a> gegen Google wegen Versto\u00dfes gegen die digitalen Vorschriften der Union an. Der US-Handelsbeauftragte Jamieson Greer <a href=\"https:\/\/www.euractiv.com\/news\/us-trade-envoy-fires-back-at-aggressive-eu-over-record-google-fine\/\" rel=\"nofollow noopener\" target=\"_blank\">warnte<\/a>, dass die Entscheidung die transatlantischen Handelsspannungen sch\u00fcren k\u00f6nnte, da damit versucht werde, \u201edie wettbewerbsf\u00e4higsten US-Unternehmen ins Visier zu nehmen\u201c.<\/p>\n<p class=\"p1\">Die neuen Z\u00f6lle werden weithin als Versuch angesehen, die sogenannten \u201egegenseitigen\u201c Z\u00f6lle wieder einzuf\u00fchren, die im Februar vom Obersten Gerichtshof der USA <a href=\"https:\/\/www.euractiv.com\/news\/us-supreme-court-strikes-down-swath-of-trump-global-tariffs\/\" rel=\"nofollow noopener\" target=\"_blank\">f\u00fcr ung\u00fcltig erkl\u00e4rt<\/a> worden waren, darunter eine Abgabe von 15 % auf die meisten EU-Exporte. Die neuen Z\u00f6lle ersetzen einen vor\u00fcbergehenden Zollsatz von 10 %, den der US-Pr\u00e4sident nach dem Gerichtsurteil eingef\u00fchrt hatte.<\/p>\n<p class=\"p1\">Der Sprecher der Kommission erkl\u00e4rte, die neue Regelung sehe neben Zollbefreiungen f\u00fcr Flugzeuge und Flugzeugteile, Generika und pharmazeutische Wirkstoffe auch Zollbefreiungen f\u00fcr bestimmte EU-Produkte vor, darunter Kork und Diamanten.<\/p>\n<p class=\"p1\">Der Sprecher f\u00fcgte hinzu, dass man weiterhin mit Washington \u00fcber andere laufende Untersuchungen gem\u00e4\u00df Section 301 im Gespr\u00e4ch bleiben werde \u2013 beispielsweise \u00fcber die von den USA behaupteten <a href=\"https:\/\/ustr.gov\/about\/policy-offices\/press-office\/press-releases\/2026\/march\/ustr-initiates-section-301-investigations-relating-structural-excess-capacity-and-production\" rel=\"nofollow noopener\" target=\"_blank\">\u00dcberkapazit\u00e4ten<\/a> der EU und <a href=\"https:\/\/ustr.gov\/about\/policy-offices\/press-office\/press-releases\/2026\/june\/ustr-announces-initiation-section-301-investigation-germanys-persistent-underpayment-innovative\" rel=\"nofollow noopener\" target=\"_blank\">die \u201eanhaltende Unterzahlung<\/a>\u201c Deutschlands f\u00fcr Arzneimittel.<\/p>\n<p>(adm, vc)<\/p>\n<p>UPDATE: Dieser Artikel wurde aktualisiert und enth\u00e4lt nun Stellungnahmen von Kaja Kallas.<\/p>\n","protected":false},"excerpt":{"rendered":"Die EU muss ab Freitag mit einem pauschalen Zollsatz von 10 % rechnen, nachdem die USA eine Untersuchung&hellip;\n","protected":false},"author":2,"featured_media":1278747,"comment_status":"","ping_status":"","sticky":false,"template":"","format":"standard","meta":{"footnotes":"","_share_on_mastodon":"0"},"categories":[3977],"tags":[331,332,13,14,15,12,4017,4018,4016,64,4019,4020],"class_list":["post-1278746","post","type-post","status-publish","format-standard","has-post-thumbnail","category-usa","tag-aktuelle-nachrichten","tag-aktuelle-news","tag-headlines","tag-nachrichten","tag-news","tag-schlagzeilen","tag-united-states","tag-united-states-of-america","tag-us","tag-usa","tag-vereinigte-staaten","tag-vereinigte-staaten-von-amerika"],"share_on_mastodon":{"url":"https:\/\/pubeurope.com\/@de\/117209119713932596","error":""},"_links":{"self":[{"href":"https:\/\/www.europesays.com\/de\/wp-json\/wp\/v2\/posts\/1278746","targetHints":{"allow":["GET"]}}],"collection":[{"href":"https:\/\/www.europesays.com\/de\/wp-json\/wp\/v2\/posts"}],"about":[{"href":"https:\/\/www.europesays.com\/de\/wp-json\/wp\/v2\/types\/post"}],"author":[{"embeddable":true,"href":"https:\/\/www.europesays.com\/de\/wp-json\/wp\/v2\/users\/2"}],"replies":[{"embeddable":true,"href":"https:\/\/www.europesays.com\/de\/wp-json\/wp\/v2\/comments?post=1278746"}],"version-history":[{"count":0,"href":"https:\/\/www.europesays.com\/de\/wp-json\/wp\/v2\/posts\/1278746\/revisions"}],"wp:featuredmedia":[{"embeddable":true,"href":"https:\/\/www.europesays.com\/de\/wp-json\/wp\/v2\/media\/1278747"}],"wp:attachment":[{"href":"https:\/\/www.europesays.com\/de\/wp-json\/wp\/v2\/media?parent=1278746"}],"wp:term":[{"taxonomy":"category","embeddable":true,"href":"https:\/\/www.europesays.com\/de\/wp-json\/wp\/v2\/categories?post=1278746"},{"taxonomy":"post_tag","embeddable":true,"href":"https:\/\/www.europesays.com\/de\/wp-json\/wp\/v2\/tags?post=1278746"}],"curies":[{"name":"wp","href":"https:\/\/api.w.org\/{rel}","templated":true}]}}