{"id":1278754,"date":"2026-09-03T21:02:20","date_gmt":"2026-09-03T21:02:20","guid":{"rendered":"https:\/\/www.europesays.com\/de\/1278754\/"},"modified":"2026-09-03T21:02:20","modified_gmt":"2026-09-03T21:02:20","slug":"us-waffen-fuer-ukraine-trump-schickt-europa-die-rechnung","status":"publish","type":"post","link":"https:\/\/www.europesays.com\/de\/1278754\/","title":{"rendered":"US-Waffen f\u00fcr Ukraine: Trump schickt Europa die Rechnung"},"content":{"rendered":"<p class=\"text-black text-[17px] leading-7 font-normal font-merriweather\">\n              US-Pr\u00e4sident Donald Trump hat angek\u00fcndigt, europ\u00e4ische Staaten nachtr\u00e4glich an den Kosten fr\u00fcherer Milit\u00e4rhilfen der USA f\u00fcr die <a href=\"https:\/\/www.berliner-zeitung.de\/category\/ukraine\" rel=\"nofollow noopener\" target=\"_blank\">Ukraine<\/a> zu beteiligen. In einem Beitrag auf seiner Plattform Truth Social schrieb Trump, unter seinem Vorg\u00e4nger <a href=\"https:\/\/www.berliner-zeitung.de\/category\/joe-biden\" rel=\"nofollow noopener\" target=\"_blank\">Joe Biden<\/a> seien \u201eHunderte Milliarden Dollar\u201c unentgeltlich an die Ukraine und die Nato geflossen. <\/p>\n<p>Daf\u00fcr h\u00e4tte eigentlich Europa aufkommen m\u00fcssen, \u201ewenn man es nur gefragt h\u00e4tte\u201c. Dieses Geld werde man nun einfordern, \u201ewenn auch etwas versp\u00e4tet\u201c. \u00dcber den Vorsto\u00df berichtete am Donnerstag die Nachrichtenagentur Reuters.\n            <\/p>\n<p>            Munitionsverk\u00e4ufe ausgesetzt<\/p>\n<p class=\"text-black text-[17px] leading-7 font-normal font-merriweather\">\n              Trump erkl\u00e4rte zugleich, die USA behielten ihre Munitionsbest\u00e4nde vorerst f\u00fcr den Eigenbedarf ein. \u201eWir nehmen sie f\u00fcr uns selbst, die USA, statt sie an andere zu verkaufen, aber die Verk\u00e4ufe an Verb\u00fcndete werden bald wieder beginnen\u201c, schrieb der Pr\u00e4sident.\n            <\/p>\n<p class=\"text-black text-[17px] leading-7 font-normal font-merriweather\">\n              <a href=\"https:\/\/www.berliner-zeitung.de\/article\/iran-krieg-leert-us-waffenlager-10024410\" rel=\"nofollow noopener\" target=\"_blank\">Berichte \u00fcber stark geleerte US-Munitionsbest\u00e4nde infolge des Kriegs<\/a> gegen den <a href=\"https:\/\/www.berliner-zeitung.de\/category\/iran\" rel=\"nofollow noopener\" target=\"_blank\">Iran<\/a> wies er zur\u00fcck. Die Vereinigten Staaten produzierten so viel Munition wie nie zuvor und legten Vorr\u00e4te f\u00fcr \u201ejede denkbare Eventualit\u00e4t\u201c an.\n            <\/p>\n<p class=\"text-black text-[17px] leading-7 font-normal font-merriweather\">\n              Reuters hatte im vergangenen Monat gemeldet, die US-Armee habe w\u00e4hrend des Iran-Kriegs einen Gro\u00dfteil ihrer Pr\u00e4zisionsraketen mit gro\u00dfer Reichweite verbraucht. Das habe Zweifel an der Einsatzbereitschaft f\u00fcr k\u00fcnftige Konflikte geweckt.\n            <\/p>\n<p>            Verb\u00fcndete kommen f\u00fcr Waffen auf<\/p>\n<p class=\"text-black text-[17px] leading-7 font-normal font-merriweather\">\n              <a href=\"https:\/\/www.berliner-zeitung.de\/news\/us-botschafter-deutschland-zaehlt-zu-hauptgebern-fuer-nato-waffenhilfe-an-ukraine-li.10018413\" rel=\"nofollow noopener\" target=\"_blank\">Europ\u00e4ische Nato-Staaten und Kanada bezahlen bereits<\/a> \u00fcber die im vergangenen Jahr gestartete Initiative PURL (Prioritized Ukraine Requirements List) Waffen aus US-Produktion f\u00fcr die Ukraine. Trumps neue Forderung zielt hingegen r\u00fcckwirkend auf Lieferungen, die unter Biden ohne Bezahlung erfolgt waren. <\/p>\n<p>Eine offizielle Reaktion aus <a href=\"https:\/\/www.berliner-zeitung.de\/category\/bruessel\" rel=\"nofollow noopener\" target=\"_blank\">Br\u00fcssel<\/a>, der Nato oder einer europ\u00e4ischen Hauptstadt auf die Zahlungsforderung lag zun\u00e4chst nicht vor.<\/p>\n<p>                    <img decoding=\"async\" src=\"https:\/\/www.berliner-zeitung.de\/images\/blz\/send-mail.svg\" alt=\"Send feedback\"\/><\/p>\n<p>Lesen Sie mehr zum Thema<\/p>\n","protected":false},"excerpt":{"rendered":"US-Pr\u00e4sident Donald Trump hat angek\u00fcndigt, europ\u00e4ische Staaten nachtr\u00e4glich an den Kosten fr\u00fcherer Milit\u00e4rhilfen der USA f\u00fcr die Ukraine&hellip;\n","protected":false},"author":2,"featured_media":1278755,"comment_status":"","ping_status":"","sticky":false,"template":"","format":"standard","meta":{"footnotes":"","_share_on_mastodon":"0"},"categories":[3933],"tags":[331,332,106,548,663,158,3934,3935,13,6555,57741,258518,14,15,12,317,64,320],"class_list":["post-1278754","post","type-post","status-publish","format-standard","has-post-thumbnail","category-eu","tag-aktuelle-nachrichten","tag-aktuelle-news","tag-donald-trump","tag-eu","tag-europa","tag-europaeische-union","tag-europe","tag-european-union","tag-headlines","tag-joe-biden","tag-militaergut","tag-milliardenfoerderung","tag-nachrichten","tag-news","tag-schlagzeilen","tag-ukraine","tag-usa","tag-washington"],"share_on_mastodon":{"url":"https:\/\/pubeurope.com\/@de\/117209134332761667","error":""},"_links":{"self":[{"href":"https:\/\/www.europesays.com\/de\/wp-json\/wp\/v2\/posts\/1278754","targetHints":{"allow":["GET"]}}],"collection":[{"href":"https:\/\/www.europesays.com\/de\/wp-json\/wp\/v2\/posts"}],"about":[{"href":"https:\/\/www.europesays.com\/de\/wp-json\/wp\/v2\/types\/post"}],"author":[{"embeddable":true,"href":"https:\/\/www.europesays.com\/de\/wp-json\/wp\/v2\/users\/2"}],"replies":[{"embeddable":true,"href":"https:\/\/www.europesays.com\/de\/wp-json\/wp\/v2\/comments?post=1278754"}],"version-history":[{"count":0,"href":"https:\/\/www.europesays.com\/de\/wp-json\/wp\/v2\/posts\/1278754\/revisions"}],"wp:featuredmedia":[{"embeddable":true,"href":"https:\/\/www.europesays.com\/de\/wp-json\/wp\/v2\/media\/1278755"}],"wp:attachment":[{"href":"https:\/\/www.europesays.com\/de\/wp-json\/wp\/v2\/media?parent=1278754"}],"wp:term":[{"taxonomy":"category","embeddable":true,"href":"https:\/\/www.europesays.com\/de\/wp-json\/wp\/v2\/categories?post=1278754"},{"taxonomy":"post_tag","embeddable":true,"href":"https:\/\/www.europesays.com\/de\/wp-json\/wp\/v2\/tags?post=1278754"}],"curies":[{"name":"wp","href":"https:\/\/api.w.org\/{rel}","templated":true}]}}