{"id":1278760,"date":"2026-09-03T21:06:17","date_gmt":"2026-09-03T21:06:17","guid":{"rendered":"https:\/\/www.europesays.com\/de\/1278760\/"},"modified":"2026-09-03T21:06:17","modified_gmt":"2026-09-03T21:06:17","slug":"landtagswahl-mecklenburg-vorpommern-hoecke-sieht-deutschland-auf-dem-weg-in-eine-diktatur-neuen-typs","status":"publish","type":"post","link":"https:\/\/www.europesays.com\/de\/1278760\/","title":{"rendered":"Landtagswahl Mecklenburg-Vorpommern: H\u00f6cke sieht Deutschland \u201eauf dem Weg in eine Diktatur neuen Typs\u201c"},"content":{"rendered":"<p>Hunderte Anh\u00e4nger kommen zu einem Wahlkampfauftritt von Bj\u00f6rn H\u00f6cke in Mecklenburg-Vorpommern. Bei seiner Rede spricht er von \u201eKartellparteien\u201c. Die Polizei meldet zwei Hitlergr\u00fc\u00dfe nach der Kundgebung.<\/p>\n<p class=\"c-inline-alert__description\">Klicken Sie hier, um sich Artikel von WELT in der Google-Suche bevorzugt anzeigen zu lassen.<\/p>\n<p class=\"is-first-paragraph\" data-external=\"Article.FirstParagraph\">Hunderte AfD-Anh\u00e4nger haben w\u00e4hrend eines Wahlkampfauftritts auf dem Neubrandenburger Marktplatz Th\u00fcringens AfD-Chef Bj\u00f6rn H\u00f6cke zugejubelt. Die Polizei sprach von etwa 600 Menschen innerhalb des dort abgesperrten Veranstaltungsbereichs und weiteren Menschen au\u00dferhalb. <\/p>\n<p>Zum Gegenprotest hatten sich laut Polizei im Rahmen einer Versammlung etwa 130 und bei einem Protestzug weitere rund 130 Menschen zusammengefunden. Nennenswerte Vorkommnisse gab es demnach nicht. Die Polizei war mit einem gr\u00f6\u00dferen Aufgebot vor Ort.<\/p>\n<p><b>Alle News zu den Landtagswahlen lesen Sie <\/b><a class=\"is-link c-block-items__link c-link--rich-text-renderer\" href=\"https:\/\/www.welt.de\/politik\/deutschland\/article6a9555d4ec27d32fb526a8ea\/wahlen-merz-noetig-wie-eine-schnecke-beim-huerdenlauf-hallervorden-attackiert-bundeskanzler-liveticker.html\" data-internal-tracking-enabled=\"true\" data-internal-tracking=\"{&quot;action&quot;:&quot;click&quot;,&quot;label&quot;:&quot;link&quot;,&quot;name&quot;:&quot;Inline Element&quot;,&quot;data&quot;:{&quot;source&quot;:&quot;&quot;,&quot;target&quot;:&quot;https:\/\/www.welt.de\/politik\/deutschland\/article6a9555d4ec27d32fb526a8ea\/wahlen-merz-noetig-wie-eine-schnecke-beim-huerdenlauf-hallervorden-attackiert-bundeskanzler-liveticker.html&quot;,&quot;trackingName&quot;:&quot;&quot;,&quot;trackingLabel&quot;:&quot;&quot;}}\" rel=\"nofollow noopener\" target=\"_blank\"><b>in unserem Liveticker<\/b><\/a><b>.<\/b><\/p>\n<p>In seiner mehr als halbst\u00fcndigen Rede delegitimierte H\u00f6cke die politischen Konkurrenten als \u201eKartellparteien\u201c. Er sprach von vermeintlich \u201efremdbestimmten Politikern\u201c, sozialisiert in \u201etransatlantischen Netzwerken\u201c. Diese w\u00fcrden \u201egecastet\u201c und \u201edann den V\u00f6lkern Europas vor die Nase gesetzt\u201c. Mit Blick auf Deutschland sagte H\u00f6cke gar: \u201eWir sind auf dem Weg in eine Diktatur neuen Typs.\u201c<\/p>\n<p>Ein wiederkehrendes Thema in den AfD-Redebeitr\u00e4gen war zudem die Konfrontation mit Russland, die die Redner kritisierten, genauso wie Deutschlands Engagement f\u00fcr die von Russland angegriffene Ukraine.<\/p>\n<p>Zwei Anzeigen wegen des Hitlergru\u00dfes<\/p>\n<p>Der Auftritt war Teil des Wahlkampfes der AfD in Mecklenburg-Vorpommern vor der Landtagswahl am 20. September. In Umfragen f\u00fchrt die AfD vor der regierenden SPD, die Sozialdemokraten mit Spitzenkandidatin Manuela Schwesig holten zuletzt aber massiv auf.<\/p>\n<p>Nach Ende der Hauptveranstaltung in Neubrandenburg hat die Polizei nach eigenen Angaben zwei M\u00e4nner festgestellt, die einen Hitlergru\u00df gezeigt haben. Gegen beide wurden demnach Anzeigen wegen des Verwendens verfassungswidriger Symbole aufgenommen.<\/p>\n<p>Nach der Kundgebung machte H\u00f6cke noch l\u00e4ngere Zeit Fotos mit Fans und gab Autogramme. Am Freitagabend wird er zu einer weiteren Wahlkampfveranstaltung in Stralsund erwartet.<\/p>\n<p>dpa\/rct<\/p>\n","protected":false},"excerpt":{"rendered":"Hunderte Anh\u00e4nger kommen zu einem Wahlkampfauftritt von Bj\u00f6rn H\u00f6cke in Mecklenburg-Vorpommern. Bei seiner Rede spricht er von \u201eKartellparteien\u201c.&hellip;\n","protected":false},"author":2,"featured_media":1278761,"comment_status":"","ping_status":"","sticky":false,"template":"","format":"standard","meta":{"footnotes":"","_share_on_mastodon":"0"},"categories":[2],"tags":[186,331,3924,332,3922,22701,3364,29,30,13,75155,73199,14,3923,15,3921,110,12,45,861],"class_list":["post-1278760","post","type-post","status-publish","format-standard","has-post-thumbnail","category-deutschland","tag-afd","tag-aktuelle-nachrichten","tag-aktuelle-nachrichten-aus-deutschland","tag-aktuelle-news","tag-aktuelle-news-aus-deutschland","tag-bjoern","tag-de","tag-deutschland","tag-germany","tag-headlines","tag-hoecke","tag-landtagswahl-thueringen","tag-nachrichten","tag-nachrichten-aus-deutschland","tag-news","tag-news-aus-deutschland","tag-newsteam","tag-schlagzeilen","tag-texttospeech","tag-thueringen"],"share_on_mastodon":{"url":"https:\/\/pubeurope.com\/@de\/117209149330970582","error":""},"_links":{"self":[{"href":"https:\/\/www.europesays.com\/de\/wp-json\/wp\/v2\/posts\/1278760","targetHints":{"allow":["GET"]}}],"collection":[{"href":"https:\/\/www.europesays.com\/de\/wp-json\/wp\/v2\/posts"}],"about":[{"href":"https:\/\/www.europesays.com\/de\/wp-json\/wp\/v2\/types\/post"}],"author":[{"embeddable":true,"href":"https:\/\/www.europesays.com\/de\/wp-json\/wp\/v2\/users\/2"}],"replies":[{"embeddable":true,"href":"https:\/\/www.europesays.com\/de\/wp-json\/wp\/v2\/comments?post=1278760"}],"version-history":[{"count":0,"href":"https:\/\/www.europesays.com\/de\/wp-json\/wp\/v2\/posts\/1278760\/revisions"}],"wp:featuredmedia":[{"embeddable":true,"href":"https:\/\/www.europesays.com\/de\/wp-json\/wp\/v2\/media\/1278761"}],"wp:attachment":[{"href":"https:\/\/www.europesays.com\/de\/wp-json\/wp\/v2\/media?parent=1278760"}],"wp:term":[{"taxonomy":"category","embeddable":true,"href":"https:\/\/www.europesays.com\/de\/wp-json\/wp\/v2\/categories?post=1278760"},{"taxonomy":"post_tag","embeddable":true,"href":"https:\/\/www.europesays.com\/de\/wp-json\/wp\/v2\/tags?post=1278760"}],"curies":[{"name":"wp","href":"https:\/\/api.w.org\/{rel}","templated":true}]}}