{"id":1278762,"date":"2026-09-03T21:07:17","date_gmt":"2026-09-03T21:07:17","guid":{"rendered":"https:\/\/www.europesays.com\/de\/1278762\/"},"modified":"2026-09-03T21:07:17","modified_gmt":"2026-09-03T21:07:17","slug":"erster-koenigswinterer-lauf-fuer-luis-honnef-heute","status":"publish","type":"post","link":"https:\/\/www.europesays.com\/de\/1278762\/","title":{"rendered":"Erster K\u00f6nigswinterer \u201eLAUF F\u00dcR LUIS\u201c | Honnef heute"},"content":{"rendered":"<p><strong>K\u00f6nigswinter.\u00a0Dieses Motto h\u00e4tte ihm sicherlich gefallen. Denn Luis Paulo Jochim, der junge Mann der vor gut einem Jahr unter tragischen Umst\u00e4nden bei einem Autounfall ums Leben kam und dabei noch mehrere junge Menschen rettete, war auch sportbegeistert.<\/strong><\/p>\n<p>Deswegen veranstaltet die <a href=\"https:\/\/www.luispaulo-stiftung.de\/\" target=\"_blank\" rel=\"noopener nofollow\">Luis Paulo-Stiftung<\/a> zum ersten Mal seit ihrer Gr\u00fcndung 2025 einen Benefiz-Lauf in und um K\u00f6nigswinter mit anschlie\u00dfendem Kinder- und Familienfest auf dem historischen Marktplatz.<\/p>\n<p>\t\t\t\t\tAnzeige<br \/>\n<a href=\"https:\/\/rheinland-marketing-gruppe.de\/\" target=\"_blank\" rel=\"noopener nofollow\"><img loading=\"lazy\" decoding=\"async\" class=\"aligncenter wp-image-271419\" src=\"https:\/\/www.europesays.com\/de\/wp-content\/uploads\/2026\/06\/banner-rmg-26-v2.jpg\" alt=\"\" width=\"600\" height=\"400\"\/><\/a>\t\t\t\t<\/p>\n<p>Teilnehmen kann jeder \u2013 egal ob jung, alt, m\u00e4nnlich, weiblich oder divers. Laufen verbindet, macht Spa\u00df und ist gesund. Nicht zuletzt deshalb hat die Stiftung auch die bekannte Mittelstreckenl\u00e4uferin Konstanze Klosterhalfen als Botschafterin des ersten K\u00f6nigswinterer \u201eLAUF F\u00dcR LUIS\u201c gewinnen k\u00f6nnen.<\/p>\n<p>Die Strecke ist variabel: 5 und 10 Kilometer f\u00fcr die Erwachsenen, 1000 und 400 Meter f\u00fcr Sch\u00fcler\/-innen und die kleinen Bambinis. Sie verl\u00e4uft durch das malerische K\u00f6nigswinter und am zauberhaften Rhein entlang. Neben der sportlichen Herausforderung k\u00f6nnen die Teilnehmer\/-innen faszinierende Blicke und eine pittoreske Landschaft rund um den Drachenfels genie\u00dfen<br \/>Der erste Benefizlauf der Luis Paulo-Stiftung findet am 20.09.2026 statt. Start ist um 10.30 Uhr auf dem Marktplatz in K\u00f6nigswinter-Altstadt \/ Drachenfelsstr.<\/p>\n<p>Interessierte L\u00e4ufer\/-innen k\u00f6nnen sich unter folgendem Link anmelden:<a href=\"https:\/\/my.raceresult.com\/399564\/registration\" target=\"_blank\" rel=\"noopener nofollow\"> https:\/\/my.raceresult.com\/399564\/registration<\/a><\/p>\n<p>Die Anmeldegeb\u00fchr f\u00fcr die 10 Kilometer Strecke betr\u00e4gt 22 Euro, f\u00fcr die 5 Kilometer 18 Euro und f\u00fcr die 1000 und 400 Meter, der so genannte Sch\u00fclerlauf 5 Euro. F\u00fcr die Bambinis werden keine Anmeldegeb\u00fchren gefordert.<\/p>\n<p>Der Erl\u00f6s des Laufes kommt der Stiftung zugute. Sie unterst\u00fctzt bundesweit Verkehrsprojekte f\u00fcr Schulen sowie Projekte f\u00fcr sozial benachteiligte Jugendliche. Weiterhin k\u00fcmmert sich die Stiftung um internationale Sport- und Sozialprojekte mit Schwerpunkt in Brasilien.<\/p>\n<p>Die Luis Paulo-Stiftung hatte die Familie Jochim aus K\u00f6nigswinter im vergangenen Jahr gegr\u00fcndet. Sie tr\u00e4gt den Namen ihres verstorbenen Sohnes und Bruders.<\/p>\n<p>Doris M\u00fcller, Luis Paulo Stifung gGmbH<\/p>\n","protected":false},"excerpt":{"rendered":"K\u00f6nigswinter.\u00a0Dieses Motto h\u00e4tte ihm sicherlich gefallen. Denn Luis Paulo Jochim, der junge Mann der vor gut einem Jahr&hellip;\n","protected":false},"author":2,"featured_media":1278763,"comment_status":"","ping_status":"","sticky":false,"template":"","format":"standard","meta":{"footnotes":"","_share_on_mastodon":"0"},"categories":[1842],"tags":[21722,1741,3364,29,30,139272,1350,15,1209,178,1986],"class_list":["post-1278762","post","type-post","status-publish","format-standard","has-post-thumbnail","category-bonn","tag-bad-honnef","tag-bonn","tag-de","tag-deutschland","tag-germany","tag-honnef-heute","tag-neuigkeiten","tag-news","tag-nordrhein-westfalen","tag-presse","tag-zeitung"],"share_on_mastodon":{"url":"https:\/\/pubeurope.com\/@de\/117209155103667466","error":""},"_links":{"self":[{"href":"https:\/\/www.europesays.com\/de\/wp-json\/wp\/v2\/posts\/1278762","targetHints":{"allow":["GET"]}}],"collection":[{"href":"https:\/\/www.europesays.com\/de\/wp-json\/wp\/v2\/posts"}],"about":[{"href":"https:\/\/www.europesays.com\/de\/wp-json\/wp\/v2\/types\/post"}],"author":[{"embeddable":true,"href":"https:\/\/www.europesays.com\/de\/wp-json\/wp\/v2\/users\/2"}],"replies":[{"embeddable":true,"href":"https:\/\/www.europesays.com\/de\/wp-json\/wp\/v2\/comments?post=1278762"}],"version-history":[{"count":0,"href":"https:\/\/www.europesays.com\/de\/wp-json\/wp\/v2\/posts\/1278762\/revisions"}],"wp:featuredmedia":[{"embeddable":true,"href":"https:\/\/www.europesays.com\/de\/wp-json\/wp\/v2\/media\/1278763"}],"wp:attachment":[{"href":"https:\/\/www.europesays.com\/de\/wp-json\/wp\/v2\/media?parent=1278762"}],"wp:term":[{"taxonomy":"category","embeddable":true,"href":"https:\/\/www.europesays.com\/de\/wp-json\/wp\/v2\/categories?post=1278762"},{"taxonomy":"post_tag","embeddable":true,"href":"https:\/\/www.europesays.com\/de\/wp-json\/wp\/v2\/tags?post=1278762"}],"curies":[{"name":"wp","href":"https:\/\/api.w.org\/{rel}","templated":true}]}}