{"id":1278768,"date":"2026-09-03T21:11:37","date_gmt":"2026-09-03T21:11:37","guid":{"rendered":"https:\/\/www.europesays.com\/de\/1278768\/"},"modified":"2026-09-03T21:11:37","modified_gmt":"2026-09-03T21:11:37","slug":"fan-wahnsinn-msv-duisburg-sorgt-fuer-blaue-wand-in-duesseldorf-die-falsche-9","status":"publish","type":"post","link":"https:\/\/www.europesays.com\/de\/1278768\/","title":{"rendered":"Fan-Wahnsinn: MSV Duisburg sorgt f\u00fcr blaue Wand in D\u00fcsseldorf \u2013 Die falsche 9"},"content":{"rendered":"<p>Der MSV Duisburg sorgt f\u00fcr eine blaue Wand bei Fortuna D\u00fcsseldorf. W\u00e4hrend bei den Meiderichern das vergr\u00f6\u00dferte Kontingent ausverkauft ist, decken sich die MSV-Fans nun auch zahlreich \u00fcber den gestarteten freien Vorverkauf bei den Rheinl\u00e4ndern ein. Es k\u00fcndigt sich damit die gr\u00f6\u00dfte G\u00e4stekulisse der 3. Liga seit drei Jahren an.<\/p>\n<p>Blaue Wand in D\u00fcsseldorf: Freier Vorverkauf f\u00fcr Stra\u00dfenbahnderby gestartet<\/p>\n<p>Nachdem der MSV Duisburg f\u00fcr das Stra\u00dfenbahnderby bei Fortuna D\u00fcsseldorf ein G\u00e4stekontingent von rund 10.000 G\u00e4stekarten erhalten hat, decken sich seit dem Donnerstagmorgen weitere MSV-Fans mit Tickets f\u00fcr die Partie in der D\u00fcsseldorfer Arena ein. Die Fortuna hatte um 10 Uhr den freien Vorverkauf gestartet. Seither sind besonders die Karten auf der Nordtrib\u00fcne gefragt. Mehrere Stunden nach dem Verkaufsstart sind fast alle Tickets auf der Nordtrib\u00fcne vergriffen \u2013 in der Ecke zur \u201eMerkur-Trib\u00fcne\u201c gibt es noch letzte nicht ge\u00f6ffnete Bl\u00f6cke. Gewiss ist: Es kommt zu einer blau-wei\u00dfen Wand in der Landeshauptstadt.<\/p>\n<p><img loading=\"lazy\" decoding=\"async\" class=\"wp-image-85833 size-large\" src=\"https:\/\/www.europesays.com\/de\/wp-content\/uploads\/2026\/09\/MSVF95Tickets-1024x939.jpeg\" alt=\"Ticketplan D\u00fcsseldorf Duisburg\" width=\"1024\" height=\"939\"  \/>Der aktuelle Verkaufsstand (3.9. um 17 Uhr) f\u00fcr die Partie. Die roten Punkte kennzeichnen noch freie Pl\u00e4tze. Die roten Bl\u00f6cke wurden noch nicht ge\u00f6ffnet. Teilweise wurden Bl\u00f6cke auch noch nicht ganz ge\u00f6ffnet. Grundlage Screenshot: Ticketshop Fortuna D\u00fcsseldorf<\/p>\n<p>\u00a0<\/p>\n<p>Erstmals seit drei Jahren 10.000 G\u00e4stefans in der 3. Liga<\/p>\n<p>Die Fans des MSV Duisburg sorgen damit f\u00fcr die gr\u00f6\u00dfte G\u00e4stekulisse in der 3. Liga seit drei Jahren. Von mehr als 10.000 Fans wurde ein Drittligist zuletzt im Oktober 2023 begleitet. Damals gastierte Rot-Weiss Essen zum Revierduell bei der Zweitvertretung von Borussia Dortmund im Westfalenstadion. F\u00fcr den MSV Duisburg wird es der gr\u00f6\u00dfte G\u00e4steanhang seit April des vergangenen Jahres. Damals reisten 16.000 Fans mit zum Ausw\u00e4rtsspiel bei Borussia M\u00f6nchengladbach II, das im Borussia-Park ausgetragen wurde. Mittlerweile erscheint es durchaus realistisch, dass der MSV diese Marke auch in D\u00fcsseldorf erreichen wird.<\/p>\n<p><img loading=\"lazy\" decoding=\"async\" class=\"wp-image-80750 size-large\" src=\"https:\/\/www.europesays.com\/de\/wp-content\/uploads\/2026\/09\/f95_stadion-1024x577.jpeg\" alt=\"Hier gastieren mehrere Drittligisten aus Baden-W\u00fcrttemberg\" width=\"1024\" height=\"577\"  \/><a href=\"https:\/\/www.instagram.com\/xxflow87xx\/\" rel=\"nofollow noopener\" target=\"_blank\">Foto: Instagram: @xxflow87xx<\/a><\/p>\n<p>\u00a0<\/p>\n<p>Fortuna D\u00fcsseldorf und MSV Duisburg sorgen f\u00fcr gr\u00f6\u00dfte Drittligakulisse seit \u00fcber vier Jahren<\/p>\n<p>Das Stra\u00dfenbahnderby wird definitiv f\u00fcr die gr\u00f6\u00dfte Saisonkulisse der bisherigen Saison in der 3. Liga sorgen. Schon die ersten beiden Heimspiele der Fortuna waren die beiden Partien mit den meisten Zuschauern \u2013 trotz zwei kleiner G\u00e4stekulissen. \u00dcber <strong><a style=\"color: #000080;\" href=\"https:\/\/www.diefalsche9.de\/2026-27\/3-liga-zuschauer-und-auswaertsfahrer\/2-spieltag\/\" rel=\"nofollow noopener\" target=\"_blank\">27.000 Fans kamen gegen die TSG Hoffenheim (davon 12 G\u00e4stefans)<\/a><\/strong>, knapp <strong><a style=\"color: #000080;\" href=\"https:\/\/www.diefalsche9.de\/2026-27\/3-liga-zuschauer-und-auswaertsfahrer\/3-spieltag\/\" rel=\"nofollow noopener\" target=\"_blank\">26.000 waren es gegen Stuttgart II (davon 82 G\u00e4stefans)<\/a><\/strong>. Eine Drittligapartie vor \u00fcber 40.000 Fans fand zuletzt im April 2022 statt. Damals zog es 48.416 Zuschauer zum letzten Drittligaheimspiel des 1. FC Kaiserslautern gegen Borussia Dortmund II.<\/p>\n<p>Gro\u00dfer Fortuna-Anhang in Aachen<\/p>\n<p>Neben dem Stra\u00dfenbahn-Derby steht f\u00fcr die Fortuna ein weiteres Highlightspiel im September an. Mitte des Monats gastiert man bei Alemannia Aachen \u2013 <strong><a style=\"color: #000080;\" href=\"https:\/\/www.diefalsche9.de\/erstes-duell-seit-14-jahren-drittligist-verdoppelt-gaestekontingent\/\" rel=\"nofollow noopener\" target=\"_blank\">wo der Fortuna ein vergr\u00f6\u00dfertes G\u00e4stekontingent zur Verf\u00fcgung steht<\/a><\/strong>. Am kommenden Wochenende geht es allerdings zun\u00e4chst zu Fortuna K\u00f6ln. Dorthin wird die Fortuna aus D\u00fcsseldorf von 3.000 Fans begleitet.<\/p>\n<p><strong>Autor:<\/strong> Christian Link<br \/><strong>Quelle:<\/strong> Die falsche 9<\/p>\n<p><script async src=\"\/\/www.instagram.com\/embed.js\"><\/script><\/p>\n","protected":false},"excerpt":{"rendered":"Der MSV Duisburg sorgt f\u00fcr eine blaue Wand bei Fortuna D\u00fcsseldorf. W\u00e4hrend bei den Meiderichern das vergr\u00f6\u00dferte Kontingent&hellip;\n","protected":false},"author":2,"featured_media":1278769,"comment_status":"","ping_status":"","sticky":false,"template":"","format":"standard","meta":{"footnotes":"","_share_on_mastodon":"0"},"categories":[1838],"tags":[995,3364,29,3715,1002,3132,30,3721,1209,15609],"class_list":["post-1278768","post","type-post","status-publish","format-standard","has-post-thumbnail","category-duisburg","tag-3-liga","tag-de","tag-deutschland","tag-duisburg","tag-fans","tag-fortuna-duesseldorf","tag-germany","tag-msv-duisburg","tag-nordrhein-westfalen","tag-zuschauer"],"share_on_mastodon":{"url":"https:\/\/pubeurope.com\/@de\/117209171515010865","error":""},"_links":{"self":[{"href":"https:\/\/www.europesays.com\/de\/wp-json\/wp\/v2\/posts\/1278768","targetHints":{"allow":["GET"]}}],"collection":[{"href":"https:\/\/www.europesays.com\/de\/wp-json\/wp\/v2\/posts"}],"about":[{"href":"https:\/\/www.europesays.com\/de\/wp-json\/wp\/v2\/types\/post"}],"author":[{"embeddable":true,"href":"https:\/\/www.europesays.com\/de\/wp-json\/wp\/v2\/users\/2"}],"replies":[{"embeddable":true,"href":"https:\/\/www.europesays.com\/de\/wp-json\/wp\/v2\/comments?post=1278768"}],"version-history":[{"count":0,"href":"https:\/\/www.europesays.com\/de\/wp-json\/wp\/v2\/posts\/1278768\/revisions"}],"wp:featuredmedia":[{"embeddable":true,"href":"https:\/\/www.europesays.com\/de\/wp-json\/wp\/v2\/media\/1278769"}],"wp:attachment":[{"href":"https:\/\/www.europesays.com\/de\/wp-json\/wp\/v2\/media?parent=1278768"}],"wp:term":[{"taxonomy":"category","embeddable":true,"href":"https:\/\/www.europesays.com\/de\/wp-json\/wp\/v2\/categories?post=1278768"},{"taxonomy":"post_tag","embeddable":true,"href":"https:\/\/www.europesays.com\/de\/wp-json\/wp\/v2\/tags?post=1278768"}],"curies":[{"name":"wp","href":"https:\/\/api.w.org\/{rel}","templated":true}]}}