{"id":1278787,"date":"2026-09-03T21:26:24","date_gmt":"2026-09-03T21:26:24","guid":{"rendered":"https:\/\/www.europesays.com\/de\/1278787\/"},"modified":"2026-09-03T21:26:24","modified_gmt":"2026-09-03T21:26:24","slug":"fw-e-vermisste-person-umfangreiche-suchmassnahmen-an-der-ruhr","status":"publish","type":"post","link":"https:\/\/www.europesays.com\/de\/1278787\/","title":{"rendered":"FW-E: Vermisste Person &#8211; Umfangreiche Suchma\u00dfnahmen an der Ruhr"},"content":{"rendered":"<p class=\"date\">03.09.2026 \u2013 20:27<\/p>\n<p class=\"customer\">\n                        <a class=\"story-customer\" title=\"weiter zum newsroom von Feuerwehr Essen\" href=\"https:\/\/www.presseportal.de\/blaulicht\/nr\/56893\" rel=\"nofollow noopener\" target=\"_blank\">Feuerwehr Essen<\/a>\n                    <\/p>\n<p><a class=\"glightbox-pseudo event-trigger\" href=\"https:\/\/cache.pressmailing.net\/thumbnail\/story_hires\/bc5e3337-82c7-4d2e-8033-e2b2eeb9a788\/2026_09_03_W2_Vermis~InDerRuhr_LB_2.jpeg.jpg\" data-description=\"Mit drei Booten wurde die Ruhr bis zur Kettwiger Schleuse abgesucht. Hierbei kam auch Sonartechnik zum Einsatz.\" data-category=\"medialightbox\" data-action=\"click\" data-label=\"single\" data-value=\"6a99bc09270000fd2cc7c660\" rel=\"nofollow noopener\" target=\"_blank\"><img decoding=\"async\" height=\"540\" with=\"720\" src=\"https:\/\/www.europesays.com\/de\/wp-content\/uploads\/2026\/09\/fw-e-vermisste-person-umfangreiche-suchma-nahmen-an-der-ruhr.jpeg\"   alt=\"FW-E: Vermisste Person - Umfangreiche Suchma\u00dfnahmen an der Ruhr\" class=\"single\"\/><\/a><\/p>\n<p><a data-category=\"citylink-story-view\" data-action=\"click\" data-label=\"Citylink in Meldungsansicht\" class=\"story-city event-trigger\" href=\"https:\/\/www.presseportal.de\/regional\/Essen-Kettwig%2C%20Am%20Kettwiger%20Ruhrbogen%2C%2003.09.2026%2C%2017%3A34%20Uhr\" title=\"News aus Essen-Kettwig, Am Kettwiger Ruhrbogen, 03.09.2026, 17:34 Uhr \" rel=\"nofollow noopener\" target=\"_blank\">Essen-Kettwig, Am Kettwiger Ruhrbogen, 03.09.2026, 17:34 Uhr<\/a> (ots)<\/p>\n<p>Die Feuerwehr Essen wurde am heutigen Donnerstag, 3. September 2026, gegen 17:30 Uhr durch die Polizei \u00fcber eine vermisste Person informiert.<\/p>\n<p>Im Vorfeld war bereits mit mehreren Personensuchhunden nach der vermissten Person gesucht worden. Zwei Mantrailer-Hunde schlugen dabei unabh\u00e4ngig voneinander im Bereich der n\u00f6rdlichen Ruhrb\u00f6schung am Kettwiger Ruhrbogen an. Aufgrund der Spurenlage musste zun\u00e4chst davon ausgegangen werden, dass sich die Person m\u00f6glicherweise im Wasser der Ruhr befindet.<\/p>\n<p>Die Feuerwehr Essen leitete daraufhin umfangreiche Suchma\u00dfnahmen ein. Unterst\u00fctzt durch die DLRG Essen und die Wasserwacht des Deutschen Roten Kreuzes kamen insgesamt drei Boote zum Einsatz. Mit diesen wurde der Bereich rund um die vermutete Stelle gro\u00dffl\u00e4chig bis zur Kettwiger Schleuse abgesucht. Dabei kamen auch Sonartechnik und eine Drohne zum Einsatz. Zus\u00e4tzlich wurde ein Feuerwehrtaucher zur Suche unter Wasser eingesetzt.<\/p>\n<p>Nach rund zwei Stunden wurde die Suche eingestellt. Trotz der umfangreichen Ma\u00dfnahmen vor Ort konnte keine Person gefunden werden. Die Polizei \u00fcbernimmt die weiteren Ermittlungen.<\/p>\n<p>Rund 40 Einsatzkr\u00e4fte der Berufsfeuerwehr, des Essener Rettungsdienstes, der Freiwilligen Feuerwehren Essen-Werden und Kettwig sowie der DLRG Essen und der Wasserwacht des Deutschen Roten Kreuzes waren im Einsatz.<\/p>\n<p class=\"contact-headline\">R\u00fcckfragen bitte an:<\/p>\n<p class=\"contact-text\">Feuerwehr Essen<br \/>Lukas Bartoszak<br \/>Telefon: 0201-12370103<br \/>E-Mail: <a href=\"https:\/\/www.presseportal.de\/blaulicht\/pm\/56893\/mailto:lukas.bartoszak@feuerwehr.essen.de\" class=\"uri-mailto\" rel=\"nofollow noopener\" target=\"_blank\">lukas.bartoszak@feuerwehr.essen.de<\/a><br \/><a target=\"_blank\" class=\"uri-ext outbound\" rel=\"noopener nofollow\" href=\"https:\/\/www.essen.de\/feuerwehr\">https:\/\/www.essen.de\/feuerwehr<\/a><\/p>\n<p class=\"originator\">Original-Content von: Feuerwehr Essen, \u00fcbermittelt durch news aktuell<\/p>\n","protected":false},"excerpt":{"rendered":"03.09.2026 \u2013 20:27 Feuerwehr Essen Essen-Kettwig, Am Kettwiger Ruhrbogen, 03.09.2026, 17:34 Uhr (ots) Die Feuerwehr Essen wurde am&hellip;\n","protected":false},"author":2,"featured_media":1278788,"comment_status":"","ping_status":"","sticky":false,"template":"","format":"standard","meta":{"footnotes":"","_share_on_mastodon":"0"},"categories":[1834],"tags":[2919,3364,29,3688,985,30,1087,1209,176,178,180,179,181],"class_list":["post-1278787","post","type-post","status-publish","format-standard","has-post-thumbnail","category-essen","tag-brand","tag-de","tag-deutschland","tag-essen","tag-feuerwehr","tag-germany","tag-he","tag-nordrhein-westfalen","tag-nrw","tag-presse","tag-pressemeldung","tag-pressemitteilung","tag-pressemitteilungen"],"share_on_mastodon":{"url":"https:\/\/pubeurope.com\/@de\/117209227960066030","error":""},"_links":{"self":[{"href":"https:\/\/www.europesays.com\/de\/wp-json\/wp\/v2\/posts\/1278787","targetHints":{"allow":["GET"]}}],"collection":[{"href":"https:\/\/www.europesays.com\/de\/wp-json\/wp\/v2\/posts"}],"about":[{"href":"https:\/\/www.europesays.com\/de\/wp-json\/wp\/v2\/types\/post"}],"author":[{"embeddable":true,"href":"https:\/\/www.europesays.com\/de\/wp-json\/wp\/v2\/users\/2"}],"replies":[{"embeddable":true,"href":"https:\/\/www.europesays.com\/de\/wp-json\/wp\/v2\/comments?post=1278787"}],"version-history":[{"count":0,"href":"https:\/\/www.europesays.com\/de\/wp-json\/wp\/v2\/posts\/1278787\/revisions"}],"wp:featuredmedia":[{"embeddable":true,"href":"https:\/\/www.europesays.com\/de\/wp-json\/wp\/v2\/media\/1278788"}],"wp:attachment":[{"href":"https:\/\/www.europesays.com\/de\/wp-json\/wp\/v2\/media?parent=1278787"}],"wp:term":[{"taxonomy":"category","embeddable":true,"href":"https:\/\/www.europesays.com\/de\/wp-json\/wp\/v2\/categories?post=1278787"},{"taxonomy":"post_tag","embeddable":true,"href":"https:\/\/www.europesays.com\/de\/wp-json\/wp\/v2\/tags?post=1278787"}],"curies":[{"name":"wp","href":"https:\/\/api.w.org\/{rel}","templated":true}]}}