{"id":1278789,"date":"2026-09-03T21:27:18","date_gmt":"2026-09-03T21:27:18","guid":{"rendered":"https:\/\/www.europesays.com\/de\/1278789\/"},"modified":"2026-09-03T21:27:18","modified_gmt":"2026-09-03T21:27:18","slug":"angst-vor-gewalt-jobcenter-witten-schont-56-jaehrigen","status":"publish","type":"post","link":"https:\/\/www.europesays.com\/de\/1278789\/","title":{"rendered":"Angst vor Gewalt: Jobcenter Witten schont 56-J\u00e4hrigen"},"content":{"rendered":"<p class=\"text small\">Die Stellungnahme des NRW-Arbeitsministers bringt das Drama auf den Punkt. &#8222;Die Presseberichterstattung \u00fcber den Fall in Witten hat mich schockiert. Es darf nicht sein, dass Jobcenter-Mitarbeitende Angst vor Leistungsbeziehenden haben und ihre Aufgaben dadurch nicht rechtskonform erf\u00fcllen k\u00f6nnen&#8220;, so Karl-Josef Laumann auf Anfrage des WDR.<\/p>\n<p>Bef\u00fcrchtet wurden &#8222;potentielle Gefahrensituationen&#8220;<\/p>\n<p class=\"text small\">Es geht um einen 56-j\u00e4hrigen Wittener, der drei Jahre lang nicht im Jobcenter des Ennepe-Ruhr-Kreises erscheinen und nicht mitwirken musste, weil die Mitarbeiter dort wohl um ihre Sicherheit gef\u00fcrchtet haben und &#8222;potentielle Gefahrensituationen&#8220; nicht provozieren wollten. Sein Geld &#8211; wohl rund 530 Euro B\u00fcrgergeld monatlich &#8211; soll der Familienvater trotzdem bekommen haben.<\/p>\n<p>Wittener ist anerkannter Fl\u00fcchtling aus Syrien<\/p>\n<p class=\"text small\">Als WDR erfahren wir, dass der Mann anerkannter Fl\u00fcchtling aus Syrien ist und bei Beh\u00f6rden bekannt war, weil gegen ihn im Zeitraum von 2020 bis 2025 Anzeigen wegen Hausfriedensbruch, Beleidigung und Gewalt vorliegen. So sollen zwei Mitarbeiter des Ordnungsamtes ihn angezeigt haben, weil er ihnen den Mittelfinger gezeigt haben soll.<\/p>\n<p class=\"text small\">Die Staatsanwaltschaft Bochum wollte aus Gr\u00fcnden des Pers\u00f6nlichkeitsschutzes keine Ausk\u00fcnfte \u00fcber den Wittener geben. Nach WDR-Informationen hatte er aber einen Bew\u00e4hrungshelfer &#8211; also gab es rechtskr\u00e4ftige Urteile. <\/p>\n<p class=\"text small\">Dieser Bew\u00e4hrungshelfer soll &#8211; so erfahren wir &#8211; auf m\u00f6gliche Aggressionen des Syrers hingewiesen haben. Der zust\u00e4ndige <a href=\"https:\/\/www1.wdr.de\/nrw\/ruhrgebiet\/ennepe-ruhr-kreis\/index.html\" rel=\"neutral nofollow noopener\" title=\"\u00dcbersicht Aktuelles aus dem Ennepe-Ruhr-Kreis\" target=\"_blank\">Ennepe-Ruhr-Kreis<\/a> gibt selbst dazu keine Auskunft. Eine pers\u00f6nliche Vorstellung beim Jobcenter ist gesetzlich erst seit Juli 2026 Pflicht. M\u00f6glichkeiten, einen potenziell aggressiv auftretenden Kunden zur Mitwirkung zu verpflichten, hat das Jobcenter auch ohne einzubestellen.<\/p>\n","protected":false},"excerpt":{"rendered":"Die Stellungnahme des NRW-Arbeitsministers bringt das Drama auf den Punkt. &#8222;Die Presseberichterstattung \u00fcber den Fall in Witten hat&hellip;\n","protected":false},"author":2,"featured_media":1278790,"comment_status":"","ping_status":"","sticky":false,"template":"","format":"standard","meta":{"footnotes":"","_share_on_mastodon":"0"},"categories":[1833],"tags":[3364,29,217,30,1209],"class_list":["post-1278789","post","type-post","status-publish","format-standard","has-post-thumbnail","category-dortmund","tag-de","tag-deutschland","tag-dortmund","tag-germany","tag-nordrhein-westfalen"],"share_on_mastodon":{"url":"","error":""},"_links":{"self":[{"href":"https:\/\/www.europesays.com\/de\/wp-json\/wp\/v2\/posts\/1278789","targetHints":{"allow":["GET"]}}],"collection":[{"href":"https:\/\/www.europesays.com\/de\/wp-json\/wp\/v2\/posts"}],"about":[{"href":"https:\/\/www.europesays.com\/de\/wp-json\/wp\/v2\/types\/post"}],"author":[{"embeddable":true,"href":"https:\/\/www.europesays.com\/de\/wp-json\/wp\/v2\/users\/2"}],"replies":[{"embeddable":true,"href":"https:\/\/www.europesays.com\/de\/wp-json\/wp\/v2\/comments?post=1278789"}],"version-history":[{"count":0,"href":"https:\/\/www.europesays.com\/de\/wp-json\/wp\/v2\/posts\/1278789\/revisions"}],"wp:featuredmedia":[{"embeddable":true,"href":"https:\/\/www.europesays.com\/de\/wp-json\/wp\/v2\/media\/1278790"}],"wp:attachment":[{"href":"https:\/\/www.europesays.com\/de\/wp-json\/wp\/v2\/media?parent=1278789"}],"wp:term":[{"taxonomy":"category","embeddable":true,"href":"https:\/\/www.europesays.com\/de\/wp-json\/wp\/v2\/categories?post=1278789"},{"taxonomy":"post_tag","embeddable":true,"href":"https:\/\/www.europesays.com\/de\/wp-json\/wp\/v2\/tags?post=1278789"}],"curies":[{"name":"wp","href":"https:\/\/api.w.org\/{rel}","templated":true}]}}