{"id":1278806,"date":"2026-09-03T21:37:41","date_gmt":"2026-09-03T21:37:41","guid":{"rendered":"https:\/\/www.europesays.com\/de\/1278806\/"},"modified":"2026-09-03T21:37:41","modified_gmt":"2026-09-03T21:37:41","slug":"frankfurt-probt-den-krisenfall-mit-blaulicht-im-ganzen-stadtgebiet","status":"publish","type":"post","link":"https:\/\/www.europesays.com\/de\/1278806\/","title":{"rendered":"Frankfurt probt den Krisenfall \u2013 mit Blaulicht im ganzen Stadtgebiet"},"content":{"rendered":"<p>Gro\u00dfe \u00dcbung <\/p>\n<p>Frankfurt probt den Krisenfall \u2013 mit Blaulicht im ganzen Stadtgebiet<\/p>\n<p>03.09.2026 &#8211; 18:21 UhrLesedauer: 1 Min.<\/p>\n<p><a href=\"#focus-0\" class=\"transition-colors block text-current relative\" data-sctrack=\"FocusGalleryImage.Reference\"><img fetchpriority=\"high\" data-testid=\"Opener.Image\"   loading=\"eager\" src=\"https:\/\/www.europesays.com\/de\/wp-content\/uploads\/2026\/09\/grossuebung-der-feuerwehr-an-der-marienschule-in-dieburg-grossuebung-der-feuerwehr-unter-realistisch.jpeg\" alt=\"imago images 0864134820\" title=\"imago images 0864134820\" width=\"5219\" height=\"2936\" class=\"bg-[url:var(--lqipURL)] bg-cover bg-center flex h-full w-full max-w-full\" style=\"--lqipURL:url('https:\/\/images.t-online.de\/2026\/09\/7KaRpNKddXSA\/0x273:5219x2936\/fit-in\/150x0\/filters:blur(25)\/grossuebung-der-feuerwehr-an-der-marienschule-in-dieburg-grossuebung-der-feuerwehr-unter-realistischen-einsatzbedingungen-an-der-marienschule-in-dieburg-am-15-august-2026-simulierter-brand-in-der-grundschule-in-der-marienstrasse-alarmierung-und-anfahrt-der-einsatzkraefte-unter-einsatzbedingungen-rund-50-beteiligte-einsatzkraefte-nach-beobachtung-vor-ort-mehrere-feuerwehr-und-einsatzfahrzeuge-sowie-eine-drehleiter-im-einsatz-simulierte-menschenrettung-aus-dem-schulgebaeude-mitglieder-der-jugendfeuerwehr-als.jpg')\" decoding=\"async\"\/><img loading=\"lazy\" src=\"https:\/\/frankfurt.t-online.de\/s\/paper\/_next\/static\/media\/zoom-in.f7dae02f.svg\" alt=\"Vergr\u00f6\u00dfern des Bildes\" title=\"Vergr\u00f6\u00dfern des Bildes\" class=\"block h-[calc(var(--height)_\/_16_*_1rem)] w-[calc(var(--width)_\/_16_*_1rem)] max-w-none absolute right-8 bottom-8 rounded-4 bg-snow p-8\" style=\"--width:32;--height:32\" decoding=\"async\"\/><\/a><\/p>\n<p>Gro\u00df\u00fcbung der Feuerwehr (Symbolbild): In der kommenden Woche wird simuliert, wie krisensicher Frankfurt ist. (Quelle: IMAGO\/Kevin Joshua Fischer\/imago)<\/p>\n<p><img loading=\"lazy\" src=\"https:\/\/frankfurt.t-online.de\/s\/paper\/_next\/static\/media\/audio-volume.6689034c.svg\" alt=\"\" title=\"\" class=\"block h-[calc(var(--height)_\/_16_*_1rem)] w-[calc(var(--width)_\/_16_*_1rem)] max-w-none group-hover:brightness-0 group-hover:invert\" style=\"--width:16;--height:16\" decoding=\"async\"\/>Vorlesen<\/p>\n<p>Aktuelle Zeit:0:00Gesamtdauer:0:00<\/p>\n<p>1x<img loading=\"lazy\" src=\"https:\/\/frankfurt.t-online.de\/s\/paper\/_next\/static\/media\/font-sizes.32942e33.svg\" alt=\"\" title=\"\" class=\"block h-[calc(var(--height)_\/_16_*_1rem)] w-[calc(var(--width)_\/_16_*_1rem)] max-w-none group-hover:hidden group-aria-expanded:hidden\" style=\"--width:16;--height:16\" decoding=\"async\"\/><img loading=\"lazy\" src=\"https:\/\/frankfurt.t-online.de\/s\/paper\/_next\/static\/media\/font-sizes-dark-mode.e382645c.svg\" alt=\"\" title=\"\" class=\"block h-[calc(var(--height)_\/_16_*_1rem)] w-[calc(var(--width)_\/_16_*_1rem)] max-w-none hidden group-hover:block group-aria-expanded:block\" style=\"--width:16;--height:16\" decoding=\"async\"\/><img loading=\"lazy\" src=\"https:\/\/frankfurt.t-online.de\/s\/paper\/_next\/static\/media\/sharing-menu-icon.1eb71368.svg\" alt=\"\" title=\"\" class=\"block h-[calc(var(--height)_\/_16_*_1rem)] w-[calc(var(--width)_\/_16_*_1rem)] max-w-none group-hover:brightness-0 group-hover:invert\" style=\"--width:16;--height:16\" decoding=\"async\"\/>Artikel teilen<\/p>\n<p class=\"font-bold text-18 leading-17 user-text-lg:text-22 user-text-xl:text-24\">Sechs Tage lang trainieren Feuerwehr, Polizei und Hilfsorganisationen in Frankfurt gemeinsam f\u00fcr Extremlagen. Wer Einsatzfahrzeuge sieht, muss sich keine Sorgen machen.<\/p>\n<p class=\"text-18 leading-17 user-text-lg:text-22 user-text-xl:text-24\">Frankfurt probt den Ernstfall: Vom 7. bis 12. September 2026 l\u00e4uft in der Stadt die Bev\u00f6lkerungsschutz\u00fcbung &#8222;\u00dcB&#8217;s! 2026&#8220;. Das teilten die Stadt sowie die Feuerwehr Frankfurt am Donnerstag (3. September) mit.<\/p>\n<p class=\"text-18 leading-17 user-text-lg:text-22 user-text-xl:text-24\">Sechs Tage lang \u00fcben st\u00e4dtische \u00c4mter, Feuerwehr, Polizei und Hilfsorganisationen gemeinsam, wie sie bei schweren Krisen koordiniert reagieren. Szenarien wie Stromausfall, Cyberangriff oder Pandemie stehen im Mittelpunkt. Entscheidungswege und Zust\u00e4ndigkeiten sollen dabei gezielt erprobt werden.<\/p>\n<p>Ernstfall wird in zwei Phasen ge\u00fcbt<\/p>\n<p class=\"text-18 leading-17 user-text-lg:text-22 user-text-xl:text-24\">Wer in dieser Woche im Stadtgebiet vermehrt Einsatzfahrzeuge sieht, muss keinen echten Notfall bef\u00fcrchten \u2013 die Eins\u00e4tze sind Teil des \u00dcbungsbetriebs.<\/p>\n<p class=\"text-18 leading-17 user-text-lg:text-22 user-text-xl:text-24\">Die \u00dcbung l\u00e4uft in zwei Phasen. Vom 8. bis 10. September trainieren das st\u00e4dtische Krisenmanagement und der F\u00fchrungsstab der Feuerwehr gemeinsam mit Fachberatern aus der Polizei. Am 11. und 12. September folgen operative Einsatz\u00fcbungen am Osthafen, wo erneut die Katastrophenschutz\u00fcbung &#8222;Frankopia&#8220; stattfindet. Beteiligt sind ehrenamtliche Kr\u00e4fte von DRK, Malteser Hilfsdienst, Johanniter-Unfall-Hilfe, Arbeiter-Samariter-Bund, Technischem Hilfswerk, DLRG und den Freiwilligen Feuerwehren.<\/p>\n<p><a href=\"#focus-1\" class=\"transition-colors block text-current relative\" data-sctrack=\"FocusGalleryImage.Reference\"><img   loading=\"lazy\" src=\"https:\/\/www.europesays.com\/de\/wp-content\/uploads\/2026\/09\/frarescuefusion-2026-katastrophenschutz-grossuebung-unter-dem-namen-frarescuefusion-2026-probten-vom.jpeg\" alt=\"imago images 0851355574\" title=\"imago images 0851355574\" width=\"4000\" height=\"2250\" class=\"h-full w-full max-w-full rounded-8\" decoding=\"async\"\/><img loading=\"lazy\" src=\"https:\/\/frankfurt.t-online.de\/s\/paper\/_next\/static\/media\/zoom-in.f7dae02f.svg\" alt=\"Vergr\u00f6\u00dfern des Bildes\" title=\"Vergr\u00f6\u00dfern des Bildes\" class=\"block h-[calc(var(--height)_\/_16_*_1rem)] w-[calc(var(--width)_\/_16_*_1rem)] max-w-none absolute right-8 bottom-8 rounded-4 bg-snow p-8\" style=\"--width:32;--height:32\" decoding=\"async\"\/>Hilfsorganisationen wieder Arbeiter-Samariterbund (ASB) trainierten bereits im M\u00e4rz. (Quelle: IMAGO\/Andreas Friedrichs\/imago)<\/a><\/p>\n<p class=\"text-18 leading-17 user-text-lg:text-22 user-text-xl:text-24\">Als besonderer Gast nimmt eine Delegation des ukrainischen Zivilschutzes teil. Sie soll sich mit den Beteiligten \u00fcber Erfahrungen im Bev\u00f6lkerungsschutz austauschen.<\/p>\n<p class=\"text-18 leading-17 user-text-lg:text-22 user-text-xl:text-24\">Parallel dazu informiert die Feuerwehr Frankfurt auf ihren Social-Media-Kan\u00e4len \u00fcber pers\u00f6nliche Krisenvorsorge \u2013 etwa zum Anlegen eines Notvorrats oder zum richtigen Verhalten bei einem Stromausfall.<\/p>\n","protected":false},"excerpt":{"rendered":"Gro\u00dfe \u00dcbung Frankfurt probt den Krisenfall \u2013 mit Blaulicht im ganzen Stadtgebiet 03.09.2026 &#8211; 18:21 UhrLesedauer: 1 Min.&hellip;\n","protected":false},"author":2,"featured_media":1278807,"comment_status":"","ping_status":"","sticky":false,"template":"","format":"standard","meta":{"footnotes":"","_share_on_mastodon":"0"},"categories":[1829],"tags":[722,17161,1950,29,3046,161494,985,2050,2051,30,57356,2052,27,56828,121,2804],"class_list":["post-1278806","post","type-post","status-publish","format-standard","has-post-thumbnail","category-frankfurt-am-main","tag-722","tag-17161","tag-blaulicht","tag-deutschland","tag-einsatzfahrzeug","tag-extremlage","tag-feuerwehr","tag-frankfurt","tag-frankfurt-am-main","tag-germany","tag-grossuebung","tag-hessen","tag-hilfsorganisation","tag-krisenfall","tag-polizei","tag-stadtgebiet"],"share_on_mastodon":{"url":"","error":""},"_links":{"self":[{"href":"https:\/\/www.europesays.com\/de\/wp-json\/wp\/v2\/posts\/1278806","targetHints":{"allow":["GET"]}}],"collection":[{"href":"https:\/\/www.europesays.com\/de\/wp-json\/wp\/v2\/posts"}],"about":[{"href":"https:\/\/www.europesays.com\/de\/wp-json\/wp\/v2\/types\/post"}],"author":[{"embeddable":true,"href":"https:\/\/www.europesays.com\/de\/wp-json\/wp\/v2\/users\/2"}],"replies":[{"embeddable":true,"href":"https:\/\/www.europesays.com\/de\/wp-json\/wp\/v2\/comments?post=1278806"}],"version-history":[{"count":0,"href":"https:\/\/www.europesays.com\/de\/wp-json\/wp\/v2\/posts\/1278806\/revisions"}],"wp:featuredmedia":[{"embeddable":true,"href":"https:\/\/www.europesays.com\/de\/wp-json\/wp\/v2\/media\/1278807"}],"wp:attachment":[{"href":"https:\/\/www.europesays.com\/de\/wp-json\/wp\/v2\/media?parent=1278806"}],"wp:term":[{"taxonomy":"category","embeddable":true,"href":"https:\/\/www.europesays.com\/de\/wp-json\/wp\/v2\/categories?post=1278806"},{"taxonomy":"post_tag","embeddable":true,"href":"https:\/\/www.europesays.com\/de\/wp-json\/wp\/v2\/tags?post=1278806"}],"curies":[{"name":"wp","href":"https:\/\/api.w.org\/{rel}","templated":true}]}}