{"id":1278824,"date":"2026-09-03T21:49:20","date_gmt":"2026-09-03T21:49:20","guid":{"rendered":"https:\/\/www.europesays.com\/de\/1278824\/"},"modified":"2026-09-03T21:49:20","modified_gmt":"2026-09-03T21:49:20","slug":"hbl-sc-magdeburg-rasiert-erneut-die-fuechse-berlin","status":"publish","type":"post","link":"https:\/\/www.europesays.com\/de\/1278824\/","title":{"rendered":"HBL: SC Magdeburg rasiert erneut die F\u00fcchse Berlin"},"content":{"rendered":"<p class=\"topline\">Handball | Bundesliga<\/p>\n<p>\n                Stand: 03.09.2026 23:05 Uhr<\/p>\n<p class=\"preface\">Der SC Magdeburg hat das Topspiel der Handball-Bundesliga gegen die F\u00fcchse Berlin gewonnen. Nach einer durchwachsenen ersten H\u00e4lfte drehten die Wiegert-Jungs auf und setzten sich mit 36:32 (13:14) durch. Damit feierten sie den 25. Bundesliga-Heimsieg in Serie.<\/p>\n<p class=\"textauthor\">von Raphael Crass<\/p>\n<p class=\"\">Die erste Halbzeit war gepr\u00e4gt von Durchh\u00e4ngern auf beiden Seiten. Nach einem ausgeglichenen Beginn (2:2\/4. Minute) hatte Berlin erhebliche Probleme bei den Abschl\u00fcssen, scheiterte ein ums andere Mal an SCM-Keeper Matej Mandi\u0107 und blieb fast neun Minuten ohne eigenen Treffer. Da aber auch der SCM noch nach seiner Linie suchte und F\u00fcchse-Schlussmann Lasse Ludwig ebenfalls gut drauf war, konnten sich die Magdeburger in dieser Phase nur drei Tore absetzen (5:2\/12.).<\/p>\n<p class=\"\">Bei den F\u00fcchsen fand nun Welthandballer Mathias Gidsel mehr und mehr in die Partie und so glichen die Hauptst\u00e4dter bis zur 19. Minute aus (7:7). Der SCM hatte jetzt seinerseits Probleme in den Abschl\u00fcssen und hatte kurz vor der Pause seinerseits drei Tore R\u00fcckstand 9:12 (26.). Kurz vor der Halbzeit sah Frederik Simak auf Berliner Seite die Rote Karte und der SCM kam durch einen Siebenmeter von Matthias Musche wieder auf ein Tor heran. Mit 13:14 ging es in die erste Halbzeit.<\/p>\n<p>\n            <strong>Video:<\/strong><br \/>\n            Die Analyse und Stimmen zum Spiel SCM gegen F\u00fcchse (3 Min)\n        <\/p>\n<p>    Viel mehr Tempo im zweiten Abschnitt<\/p>\n<p class=\"\">Der Anfang der zweiten H\u00e4lfte war dann ein echtes Offensiv-Feuerwerk auf beiden Seiten. Der Torwartwechsel bei den G\u00e4sten zahlte sich nicht aus, sodass der SCM schnell zum Ausgleich kam (15:15\/33.). Und weil der neu ins Tor gestellte Dominik Kuzmanovi\u0107 sich gleich mal mit ein paar starken Paraden einf\u00fchrte, konnten sich die Gr\u00fcn-Roten auch die F\u00fchrung zur\u00fcckerobern (17:16\/35.).<\/p>\n<p>                    <a href=\"https:\/\/www.europesays.com\/de\/wp-content\/uploads\/2026\/09\/handball-scm-berlin-102.webp\" class=\"zoomimage\" title=\"Bild vergr\u00f6\u00dfern\"><\/p>\n<p>        <img decoding=\"async\" src=\"https:\/\/www.europesays.com\/de\/wp-content\/uploads\/2026\/09\/handball-scm-berlin-102.webp\" alt=\" Albin Lagergren (Magdeburg, 21) wirft Tor,\" title=\"Albin Lagergren war gemeinsam mit Magnus Saugstrup treffsicherster Magdeburger. | IMAGO \/ Jan Huebner\" class=\"responsive\" loading=\"lazy\"\/><\/p>\n<p>                    <\/a><\/p>\n<p>                    Albin Lagergren war gemeinsam mit Magnus Saugstrup treffsicherster Magdeburger.<\/p>\n<p class=\"\">Es ging nun mit viel Tempo die Platte hoch und runter, doch wegen des besseren Torwarts in seinen Reihen konnte sich der SCM nun sogar bis auf sechs Tore absetzen (26:20\/44.). Die Partie schien vorentschieden, eine rote Karte gegen Gisli Kristj\u00e1nsson (53.) brachte die Kr\u00e4fteverh\u00e4ltnisse aber noch mal kurz ins Wanken. Doch der SCM \u00fcberstand diese Phase auch dank zwei Treffern von Routinier Philipp Weber binnen knapp zweieinhalb Minuten und setzte sich am Ende verdient durch.<\/p>\n<p>\n            <strong>Video:<\/strong><br \/>\n            Die Schlussphase zwischen Magdeburg und Berlin (4 Min)\n        <\/p>\n<p class=\"\">Beste Werfer auf Seiten der Magdeburger waren Magnus Saugstrup und Albin Lagergren mit sieben Treffern.<\/p>\n<p>        <img decoding=\"async\" src=\"https:\/\/www.europesays.com\/de\/wp-content\/uploads\/2026\/08\/1787969123_972_google-handy-100.webp\" alt=\"Ein Handy liegt auf einer Laptoptastatur. Das Display zeigt das Google Logo\" title=\"Ein Handy liegt auf einer Laptoptastatur. Das Display zeigt das Google Logo |  IMAGO \/ SOPA Images\" class=\"responsive\" loading=\"lazy\"\/><\/p>\n<p>Nachrichten personalisieren<\/p>\n<p>Die Nachrichtenlage ist un\u00fcbersichtlich und Sie wollen aktuelle Informationen aus Ihrer Region, die f\u00fcr Sie relevant sind? Dann legen Sie MDR.de als bevorzugte Quelle in der Google-Suche fest. So funktioniert&#8217;s.<\/p>\n<p>        <a href=\"https:\/\/www.mdr.de\/sport\/handball\" aria-label=\"Mehr Handball-News bei SPORT IM OSTEN\" rel=\"nofollow noopener\" target=\"_blank\"><\/p>\n<p>        <img decoding=\"async\" src=\"https:\/\/www.europesays.com\/de\/wp-content\/uploads\/2026\/07\/handball-symbolbild-110.webp\" alt=\"Drei B\u00e4lle liegen auf einem Handballfeld.\" title=\"Drei B\u00e4lle liegen auf einem Handballfeld. | imago\/Zink\" class=\"responsive\" loading=\"lazy\"\/><\/p>\n<p>        <\/a><\/p>\n","protected":false},"excerpt":{"rendered":"Handball | Bundesliga Stand: 03.09.2026 23:05 Uhr Der SC Magdeburg hat das Topspiel der Handball-Bundesliga gegen die F\u00fcchse&hellip;\n","protected":false},"author":2,"featured_media":1278825,"comment_status":"","ping_status":"","sticky":false,"template":"","format":"standard","meta":{"footnotes":"","_share_on_mastodon":"0"},"categories":[1825],"tags":[9381,296,299,29,1933,30,1391,5009,9378,9379,3499,265,3498],"class_list":["post-1278824","post","type-post","status-publish","format-standard","has-post-thumbnail","category-berlin","tag-bennet-wiegert","tag-berlin","tag-bundesliga","tag-deutschland","tag-fuechse-berlin","tag-germany","tag-handball","tag-hbl","tag-sc-magdeburg","tag-scm","tag-spio","tag-sport","tag-sport-im-osten"],"share_on_mastodon":{"url":"https:\/\/pubeurope.com\/@de\/117209321422385000","error":""},"_links":{"self":[{"href":"https:\/\/www.europesays.com\/de\/wp-json\/wp\/v2\/posts\/1278824","targetHints":{"allow":["GET"]}}],"collection":[{"href":"https:\/\/www.europesays.com\/de\/wp-json\/wp\/v2\/posts"}],"about":[{"href":"https:\/\/www.europesays.com\/de\/wp-json\/wp\/v2\/types\/post"}],"author":[{"embeddable":true,"href":"https:\/\/www.europesays.com\/de\/wp-json\/wp\/v2\/users\/2"}],"replies":[{"embeddable":true,"href":"https:\/\/www.europesays.com\/de\/wp-json\/wp\/v2\/comments?post=1278824"}],"version-history":[{"count":0,"href":"https:\/\/www.europesays.com\/de\/wp-json\/wp\/v2\/posts\/1278824\/revisions"}],"wp:featuredmedia":[{"embeddable":true,"href":"https:\/\/www.europesays.com\/de\/wp-json\/wp\/v2\/media\/1278825"}],"wp:attachment":[{"href":"https:\/\/www.europesays.com\/de\/wp-json\/wp\/v2\/media?parent=1278824"}],"wp:term":[{"taxonomy":"category","embeddable":true,"href":"https:\/\/www.europesays.com\/de\/wp-json\/wp\/v2\/categories?post=1278824"},{"taxonomy":"post_tag","embeddable":true,"href":"https:\/\/www.europesays.com\/de\/wp-json\/wp\/v2\/tags?post=1278824"}],"curies":[{"name":"wp","href":"https:\/\/api.w.org\/{rel}","templated":true}]}}