{"id":1278838,"date":"2026-09-03T22:00:21","date_gmt":"2026-09-03T22:00:21","guid":{"rendered":"https:\/\/www.europesays.com\/de\/1278838\/"},"modified":"2026-09-03T22:00:21","modified_gmt":"2026-09-03T22:00:21","slug":"familiengeheimnisse-film-rezensionen-de","status":"publish","type":"post","link":"https:\/\/www.europesays.com\/de\/1278838\/","title":{"rendered":"Familiengeheimnisse | Film-Rezensionen.de"},"content":{"rendered":"<p><b>Inhalt \/ Kritik<\/b><\/p>\n<p style=\"text-align: justify;\">Als die alleinerziehende Journalistin J\u00falia (<strong>Leticia Dolera<\/strong>) mit ihrem Sohn Roger (<strong>Bruno Bistuer Farr\u00e9<\/strong>) zu einem Familientreffen anl\u00e4sslich des 14. Geburtstags ihres Neffen Pol (<strong>Ot Serra Bas<\/strong>) f\u00e4hrt, ahnt sie nicht, was ihnen bevorsteht. W\u00e4hrend es zwischen den Erwachsenen zu Streitigkeiten kommt, verbringen die beiden Cousins am Abend des Johannistags Zeit mit Manu (<strong>Aina Mart\u00ednez<\/strong>) und Steven (<strong>Nael Gamell Orejuela<\/strong>), die zum Freundeskreis von Pol geh\u00f6ren. Die Stimmung ist ausgelassen, wie auch im Rest der Stadt. Doch am n\u00e4chsten Morgen macht ein Ger\u00fccht die Runde, dass es zu einem sexuellen \u00dcbergriff gekommen sein soll. Tats\u00e4chlich soll Manu das Opfer sein und die Situation der beteiligten Familien spitzt sich sehr schnell zu \u2026<\/p>\n<p>Rekonstruktion eines sexuellen \u00dcbergriffs<\/p>\n<p style=\"text-align: justify;\">Inzwischen sollte es sich bei Serienfans herumgesprochen haben: Am sp\u00e4ten Donnerstagabend werden auf <strong>arte<\/strong> Serien ausgestrahlt. Die meisten davon stammen aus Europa und erz\u00e4hlen dabei d\u00fcstere Geschichten. Dieses Jahr gab es beispielsweise das Drama <a href=\"https:\/\/www.film-rezensionen.de\/2026\/05\/etty-tv-fernsehen-arte\/\" rel=\"nofollow noopener\" target=\"_blank\">Etty<\/a> um eine junge Frau, die in einem erstarkenden Faschismus ums \u00dcberleben k\u00e4mpft. Aus Island kam der Thriller <a href=\"https:\/\/www.film-rezensionen.de\/2026\/04\/reykjavik-fusion-staffel-1-tv-fernsehen-arte\/\" rel=\"nofollow noopener\" target=\"_blank\">Reykjav\u00edk Fusion<\/a> um einen vorbestraften Koch, der auf kriminelle Methoden zur\u00fcckgreifen muss, um sich seinen Traum vom eigenen Restaurant zu erf\u00fcllen. Nach einer langen Sommerpause, in der es lediglich Wiederholungen zu sehen gab, startet der Sender mit Familiengeheimnisse\u00a0eine neue Seriensaison. Und die spanische Produktion hat es in sich, wenn ein Blick hinter die Kulissen mehrerer Familien tiefe Abgr\u00fcnde offenbart.<\/p>\n<p style=\"text-align: justify;\">Das Hauptthema der Serie ist dabei der Vorwurf von Manu, dass die anderen drei sie in der Nacht des Johannistags vergewaltigt haben. Leticia Dolera, \u00fcberwiegend als Schauspielerin bekannt, etwa in <a href=\"https:\/\/www.film-rezensionen.de\/2020\/10\/rec-genesis\/\" rel=\"nofollow noopener\" target=\"_blank\">[REC]\u00b3 Genesis<\/a>, hat es dabei nicht sonderlich eilig. Die Spanierin, die hier als Regisseurin, Drehbuchautorin, Seriensch\u00f6pferin und Hauptdarstellerin t\u00e4tig ist, hat eine offensichtliche Vorliebe f\u00fcr ein nicht-chronologisches Erz\u00e4hlen. Schon beim Einstieg springt sie in der Zeit hin und her. Und das wird sie auch sp\u00e4ter im Verlauf der sechs Folgen tun. So gibt es in Familiengeheimnisse zwar schon fr\u00fch den Vorwurf des sexuellen \u00dcbergriffs. Aber erst nach und nach wird enth\u00fcllt, was sich in dieser einen Nacht wirklich zugetragen hat. Es geht also nicht nur um die Frage, wie auf diesen Vorwurf reagiert wird, sondern auch, wie es \u00fcberhaupt dazu kam.<\/p>\n<p>Kaputte Menschen, viele Themen<\/p>\n<p style=\"text-align: justify;\">Kombiniert wird das mit einer Reihe von anderen Themen. Denn irgendwie sind sie in der Serie praktisch alle kaputt. Ehen sind gescheitert, Kinder f\u00fchlen sich nicht wahrgenommen, es werden Emotionen unterdr\u00fcckt. Auch innerhalb der Freundschaften kriselt es. Dazu kommen universelle Themen wie Geschlechterbilder, Homophobie oder Klassenunterschiede. Das ist dann manchmal ein bisschen viel, es h\u00e4tte nicht unbedingt all diese Nebenstr\u00e4nge gebraucht. Hinzu kommt, dass Familiengeheimnisse nicht zu allen Punkten etwas Interessantes zu sagen hat. Beispielsweise sind manche der Charaktere etwas stereotyp geraten, bei der Handlung verl\u00e4sst man sich auf das eine oder andere Klischee. Da h\u00e4tte mehr investiert werden k\u00f6nnen und daf\u00fcr anderes weggelassen.<\/p>\n<p style=\"text-align: justify;\">Und doch ist die Serie sehenswert. Streckenweise erinnert sie an das letztj\u00e4hrige Ph\u00e4nomen <a href=\"https:\/\/www.film-rezensionen.de\/2025\/03\/adolescence-2025-netflix\/\" rel=\"nofollow noopener\" target=\"_blank\">Adolescence<\/a>, wo es ebenfalls um jugendliche Grenz\u00fcberschreitungen geht. Familiengeheimnisse ist im Vergleich ein weniger harter Tobak, da statt eines Mordes \u201enur\u201c eine Vergewaltigung im Raum steht. Die Inszenierung ist zudem weniger kunstvoll. Daf\u00fcr gibt es eine Reihe von emotionalen Szenen, bei denen es um die kaputten Beziehungen geht. Gerade bei den Jugendlichen ist da einiges zu sehen, wenn sie sich nach und nach damit auseinandersetzen m\u00fcssen, was sie da eigentlich getan haben. Zumindest an der Stelle ist Dolera auch um Ambivalenz und Nuancen bem\u00fcht, wenn es keine einfachen Antworten gibt \u2013 selbst dann, wenn wir sie uns w\u00fcnschen.<\/p>\n<p><b>Credits<\/b><\/p>\n<p><strong>OT:<\/strong>\u00a0\u201ePubertat\u201c<br \/><strong>Land:<\/strong>\u00a0Spanien<br \/><strong>Jahr:<\/strong>\u00a02025<br \/><strong>Regie:<\/strong>\u00a0Leticia Dolera<br \/><strong>Drehbuch:<\/strong> Leticia Dolera, Almudena Monz\u00fa<br \/><strong>Idee:<\/strong> Leticia Dolera<br \/><strong>Musik:<\/strong> Alfred Tapscott, Rafa\u00ebl Leloup<br \/><strong>Kamera:<\/strong> Marc G\u00f3mez del Moral<br \/><strong>Besetzung:<\/strong> Leticia Dolera, Betsy T\u00farnez, Xavi S\u00e1ez, Aina Mart\u00ednez, Ot Serra Bas, Bruno Bistuer Farr\u00e9, Nael Gamell Orejuela, Carla Qu\u00edlez, Jean Cruz, Alexandra Russo, David Vert, Biel Duran<\/p>\n<p><b>Kaufen \/ Streamen<\/b><\/p>\n<p>Bei diesen Links handelt es sich um sogenannte Affiliate-Links. Bei einem Kauf \u00fcber diesen Link erhalten wir eine Provision, ohne dass f\u00fcr euch Mehrkosten entstehen. Auf diese Weise k\u00f6nnt ihr unsere Seite unterst\u00fctzen.<\/p>\n","protected":false},"excerpt":{"rendered":"Inhalt \/ Kritik Als die alleinerziehende Journalistin J\u00falia (Leticia Dolera) mit ihrem Sohn Roger (Bruno Bistuer Farr\u00e9) zu&hellip;\n","protected":false},"author":2,"featured_media":1278839,"comment_status":"","ping_status":"","sticky":false,"template":"","format":"standard","meta":{"footnotes":"","_share_on_mastodon":"0"},"categories":[1771],"tags":[1778,29,20122,214,30,95,1777,1806,4026,215],"class_list":["post-1278838","post","type-post","status-publish","format-standard","has-post-thumbnail","category-kino","tag-cinema","tag-deutschland","tag-drama","tag-entertainment","tag-germany","tag-kino","tag-movie","tag-serie","tag-spanien","tag-unterhaltung"],"share_on_mastodon":{"url":"https:\/\/pubeurope.com\/@de\/117209361956334865","error":""},"_links":{"self":[{"href":"https:\/\/www.europesays.com\/de\/wp-json\/wp\/v2\/posts\/1278838","targetHints":{"allow":["GET"]}}],"collection":[{"href":"https:\/\/www.europesays.com\/de\/wp-json\/wp\/v2\/posts"}],"about":[{"href":"https:\/\/www.europesays.com\/de\/wp-json\/wp\/v2\/types\/post"}],"author":[{"embeddable":true,"href":"https:\/\/www.europesays.com\/de\/wp-json\/wp\/v2\/users\/2"}],"replies":[{"embeddable":true,"href":"https:\/\/www.europesays.com\/de\/wp-json\/wp\/v2\/comments?post=1278838"}],"version-history":[{"count":0,"href":"https:\/\/www.europesays.com\/de\/wp-json\/wp\/v2\/posts\/1278838\/revisions"}],"wp:featuredmedia":[{"embeddable":true,"href":"https:\/\/www.europesays.com\/de\/wp-json\/wp\/v2\/media\/1278839"}],"wp:attachment":[{"href":"https:\/\/www.europesays.com\/de\/wp-json\/wp\/v2\/media?parent=1278838"}],"wp:term":[{"taxonomy":"category","embeddable":true,"href":"https:\/\/www.europesays.com\/de\/wp-json\/wp\/v2\/categories?post=1278838"},{"taxonomy":"post_tag","embeddable":true,"href":"https:\/\/www.europesays.com\/de\/wp-json\/wp\/v2\/tags?post=1278838"}],"curies":[{"name":"wp","href":"https:\/\/api.w.org\/{rel}","templated":true}]}}