{"id":1278850,"date":"2026-09-03T22:06:22","date_gmt":"2026-09-03T22:06:22","guid":{"rendered":"https:\/\/www.europesays.com\/de\/1278850\/"},"modified":"2026-09-03T22:06:22","modified_gmt":"2026-09-03T22:06:22","slug":"us-finanzminister-bessent-kritisiert-klingbeil-wegen-russland-haltung","status":"publish","type":"post","link":"https:\/\/www.europesays.com\/de\/1278850\/","title":{"rendered":"US-Finanzminister Bessent kritisiert Klingbeil wegen Russland-Haltung"},"content":{"rendered":"<p>Auch Bundesbank-Pr\u00e4sident in Ungnade gefallen <\/p>\n<p>US-Finanzminister kritisiert Klingbeil wegen Russland-Haltung<\/p>\n<p>03.09.2026 &#8211; 22:19 UhrLesedauer: 2 Min.<\/p>\n<p><a href=\"#focus-0\" class=\"transition-colors block text-current relative\" data-sctrack=\"FocusGalleryImage.Reference\"><img fetchpriority=\"high\" data-testid=\"Opener.Image\"   loading=\"eager\" src=\"https:\/\/www.europesays.com\/de\/wp-content\/uploads\/2026\/09\/lars-klingbeil-bundesminister-der-finanzen-aufgenommen-im-rahmen-seines-antrittsbesuchs-in-washingto.jpeg\" alt=\"imago images 0828984194\" title=\"imago images 0828984194\" width=\"4000\" height=\"2250\" class=\"bg-[url:var(--lqipURL)] bg-cover bg-center flex h-full w-full max-w-full\" style=\"--lqipURL:url('https:\/\/images.t-online.de\/2026\/01\/WbsaZOSSCBzq\/0x280:4000x2250\/fit-in\/150x0\/filters:blur(25)\/lars-klingbeil-bundesminister-der-finanzen-aufgenommen-im-rahmen-seines-antrittsbesuchs-in-washington-usa-hier-beim-treffen-mit-dem-amerikanischen-finanzminister-scott-bessent-fotografiert-im-auftrag-des-bundesfinanzministeriums-washington-usa-lars-klingbeil-federal-minister-of-finance-photographed-during-his-inaugural-visit-to-washington-usa-here-at-the-meeting-with-us-treasury-secretary-scott-bessent-photographed-on-behalf-of-the-federal-ministry-of-finance-washington-usa-copyright-xthomasxko.jpg')\" decoding=\"async\"\/><img loading=\"lazy\" src=\"https:\/\/www.t-online.de\/s\/paper\/_next\/static\/media\/zoom-in.f7dae02f.svg\" alt=\"Vergr\u00f6\u00dfern des Bildes\" title=\"Vergr\u00f6\u00dfern des Bildes\" class=\"block h-[calc(var(--height)_\/_16_*_1rem)] w-[calc(var(--width)_\/_16_*_1rem)] max-w-none absolute right-8 bottom-8 rounded-4 bg-snow p-8\" style=\"--width:32;--height:32\" decoding=\"async\"\/><\/a><\/p>\n<p>Lars Klingbeil (r.) mit Scott Bessent: Der US-Amerikaner kritisiert den Deutschen. (Quelle: Thomas Koehler\/imago)<\/p>\n<p><img loading=\"lazy\" src=\"https:\/\/www.t-online.de\/s\/paper\/_next\/static\/media\/audio-volume.6689034c.svg\" alt=\"\" title=\"\" class=\"block h-[calc(var(--height)_\/_16_*_1rem)] w-[calc(var(--width)_\/_16_*_1rem)] max-w-none group-hover:brightness-0 group-hover:invert\" style=\"--width:16;--height:16\" decoding=\"async\"\/>Vorlesen<\/p>\n<p>Aktuelle Zeit:0:00Gesamtdauer:0:00<\/p>\n<p>1x<img loading=\"lazy\" src=\"https:\/\/www.t-online.de\/s\/paper\/_next\/static\/media\/font-sizes.32942e33.svg\" alt=\"\" title=\"\" class=\"block h-[calc(var(--height)_\/_16_*_1rem)] w-[calc(var(--width)_\/_16_*_1rem)] max-w-none group-hover:hidden group-aria-expanded:hidden\" style=\"--width:16;--height:16\" decoding=\"async\"\/><img loading=\"lazy\" src=\"https:\/\/www.t-online.de\/s\/paper\/_next\/static\/media\/font-sizes-dark-mode.e382645c.svg\" alt=\"\" title=\"\" class=\"block h-[calc(var(--height)_\/_16_*_1rem)] w-[calc(var(--width)_\/_16_*_1rem)] max-w-none hidden group-hover:block group-aria-expanded:block\" style=\"--width:16;--height:16\" decoding=\"async\"\/><img loading=\"lazy\" src=\"https:\/\/www.t-online.de\/s\/paper\/_next\/static\/media\/sharing-menu-icon.1eb71368.svg\" alt=\"\" title=\"\" class=\"block h-[calc(var(--height)_\/_16_*_1rem)] w-[calc(var(--width)_\/_16_*_1rem)] max-w-none group-hover:brightness-0 group-hover:invert\" style=\"--width:16;--height:16\" decoding=\"async\"\/>Artikel teilen<\/p>\n<p class=\"font-bold text-18 leading-17 user-text-lg:text-22 user-text-xl:text-24\">Beim G20-Treffen ist es zwischen Deutschland und den USA zu Spannungen gekommen. Washington st\u00f6rte sich nach einem Medienbericht besonders am Auftreten von Finanzminister Lars Klingbeil gegen\u00fcber Russland.<\/p>\n<p class=\"text-18 leading-17 user-text-lg:text-22 user-text-xl:text-24\">Die US-Regierung hat sich bei der <a href=\"https:\/\/www.t-online.de\/themen\/bundesregierung\/\" class=\"transition-colors cursor-pointer no-underline md:hover:text-magenta md:focus:text-magenta border-b border-solid border-current text-salemsfur md:hover:border-magenta\" data-tracking=\"{&quot;action&quot;:&quot;click&quot;,&quot;category&quot;:&quot;intextLink&quot;,&quot;label&quot;:&quot;\/themen\/bundesregierung\/&quot;}\" data-sctrack=\"BodyAnchor\" rel=\"nofollow noopener\" target=\"_blank\">Bundesregierung<\/a> offenbar \u00fcber das Verhalten von Finanzminister Lars Klingbeil und anderer deutscher Vertreter beim G20-Treffen in North Carolina beschwert. Das berichtet die Nachrichtenagentur Bloomberg unter Berufung auf mit den Vorg\u00e4ngen vertraute Personen. US-Finanzminister Scott Bessent habe demnach vor allem Klingbeils konfrontativen und kompromisslosen Kurs gegen\u00fcber dem russischen Finanzminister Anton Siluanow kritisiert.<\/p>\n<p class=\"text-18 leading-17 user-text-lg:text-22 user-text-xl:text-24\">Klingbeil hatte sich gegen die Teilnahme Siluanows gestellt, den Bessent ohne vorherige Abstimmung mit anderen G20-Staaten eingeladen hatte. Der SPD-Politiker lehnte es zudem ab, gemeinsam mit Siluanow f\u00fcr das traditionelle Gruppenfoto zu posieren. Andere europ\u00e4ische Teilnehmer unterst\u00fctzten ihn, schlie\u00dflich nahm der russische Minister nicht an dem Fototermin teil.<\/p>\n<ul class=\"text-18 leading-17 block pl-24 *:pb-16 *:before:inline-block *:before:size-8 *:before:bg-magenta *:before:mt-0 *:before:mr-12 *:before:mb-2 *:before:-ml-[20px]\">\n<li><strong class=\"font-bold\">Er wagt die Konfrontation:<\/strong> <a href=\"https:\/\/www.t-online.de\/nachrichten\/deutschland\/parteien\/id_101415180\/lars-klingbeil-pocht-beim-g20-auf-regeln-usa-und-russland-bremsen.html\" class=\"transition-colors cursor-pointer no-underline md:hover:text-magenta md:focus:text-magenta border-b border-solid border-current text-salemsfur md:hover:border-magenta\" data-tracking=\"{&quot;action&quot;:&quot;click&quot;,&quot;category&quot;:&quot;intextLink&quot;,&quot;label&quot;:&quot;\/nachrichten\/deutschland\/parteien\/id_101415180\/lars-klingbeil-pocht-beim-g20-auf-regeln-usa-und-russland-bremsen.html&quot;}\" data-sctrack=\"BodyAnchor\" rel=\"nofollow noopener\" target=\"_blank\">Klingbeil k\u00e4mpft \u2013 doch er steht fast allein<\/a><\/li>\n<li><strong class=\"font-bold\">G20-Treffen:<\/strong> <a href=\"https:\/\/www.t-online.de\/nachrichten\/ausland\/internationale-politik\/id_101413340\/klingbeil-und-der-putin-minister-der-affront-von-asheville.html\" class=\"transition-colors cursor-pointer no-underline md:hover:text-magenta md:focus:text-magenta border-b border-solid border-current text-salemsfur md:hover:border-magenta\" data-tracking=\"{&quot;action&quot;:&quot;click&quot;,&quot;category&quot;:&quot;intextLink&quot;,&quot;label&quot;:&quot;\/nachrichten\/ausland\/internationale-politik\/id_101413340\/klingbeil-und-der-putin-minister-der-affront-von-asheville.html&quot;}\" data-sctrack=\"BodyAnchor\" rel=\"nofollow noopener\" target=\"_blank\">Der Affront von Asheville<\/a><\/li>\n<\/ul>\n<p class=\"text-18 leading-17 user-text-lg:text-22 user-text-xl:text-24\">Klingbeil hatte erkl\u00e4rt, die Einladung Siluanows habe ihn irritiert. Nach seiner Einsch\u00e4tzung k\u00f6nne sie als Versuch verstanden werden, die Beziehungen zu <a href=\"https:\/\/www.t-online.de\/themen\/russland\/\" class=\"transition-colors cursor-pointer no-underline md:hover:text-magenta md:focus:text-magenta border-b border-solid border-current text-salemsfur md:hover:border-magenta\" data-tracking=\"{&quot;action&quot;:&quot;click&quot;,&quot;category&quot;:&quot;intextLink&quot;,&quot;label&quot;:&quot;\/themen\/russland\/&quot;}\" data-sctrack=\"BodyAnchor\" rel=\"nofollow noopener\" target=\"_blank\">Russland<\/a> trotz des Kriegs gegen die <a href=\"https:\/\/www.t-online.de\/themen\/ukraine\/\" class=\"transition-colors cursor-pointer no-underline md:hover:text-magenta md:focus:text-magenta border-b border-solid border-current text-salemsfur md:hover:border-magenta\" data-tracking=\"{&quot;action&quot;:&quot;click&quot;,&quot;category&quot;:&quot;intextLink&quot;,&quot;label&quot;:&quot;\/themen\/ukraine\/&quot;}\" data-sctrack=\"BodyAnchor\" rel=\"nofollow noopener\" target=\"_blank\">Ukraine<\/a> wieder zu normalisieren.<\/p>\n<p>Bessent kritisiert Klingbeils Verhalten<\/p>\n<p class=\"text-18 leading-17 user-text-lg:text-22 user-text-xl:text-24\">Nach dem Treffen kritisierte Bessent den deutschen Finanzminister auch \u00f6ffentlich. Klingbeil sei w\u00e4hrend eines Beitrags Siluanows aufgestanden und habe dem russischen Minister den R\u00fccken zugedreht, erkl\u00e4rte der US-Finanzminister. Mit den Gespr\u00e4chen vertraute Personen widersprachen dieser Darstellung jedoch. Einer von ihnen zufolge konfrontierte Klingbeil Siluanow direkt und forderte ihn auf, den Krieg gegen die Ukraine zu beenden.<\/p>\n<p><a href=\"#focus-1\" class=\"transition-colors block text-current relative\" data-sctrack=\"FocusGalleryImage.Reference\"><img   loading=\"lazy\" src=\"https:\/\/www.europesays.com\/de\/wp-content\/uploads\/2026\/09\/1788473182_665_image.jpg\" alt=\"USA-G20\/KLINGBEIL\" title=\"USA-G20\/KLINGBEIL\" width=\"960\" height=\"540\" class=\"h-full w-full max-w-full rounded-8\" decoding=\"async\"\/><img loading=\"lazy\" src=\"https:\/\/www.t-online.de\/s\/paper\/_next\/static\/media\/zoom-in.f7dae02f.svg\" alt=\"Vergr\u00f6\u00dfern des Bildes\" title=\"Vergr\u00f6\u00dfern des Bildes\" class=\"block h-[calc(var(--height)_\/_16_*_1rem)] w-[calc(var(--width)_\/_16_*_1rem)] max-w-none absolute right-8 bottom-8 rounded-4 bg-snow p-8\" style=\"--width:32;--height:32\" decoding=\"async\"\/>Fruppenfoto beim G20-Treffen: Der russische Minister fehlt. <\/a><\/p>\n<p class=\"text-18 leading-17 user-text-lg:text-22 user-text-xl:text-24\">Die Spannungen zwischen beiden Seiten hatten sich bereits vor dem Treffen gezeigt. Klingbeil hatte vor seiner Reise in die <a href=\"https:\/\/www.t-online.de\/themen\/usa\/\" class=\"transition-colors cursor-pointer no-underline md:hover:text-magenta md:focus:text-magenta border-b border-solid border-current text-salemsfur md:hover:border-magenta\" data-tracking=\"{&quot;action&quot;:&quot;click&quot;,&quot;category&quot;:&quot;intextLink&quot;,&quot;label&quot;:&quot;\/themen\/usa\/&quot;}\" data-sctrack=\"BodyAnchor\" rel=\"nofollow noopener\" target=\"_blank\">USA<\/a> erkl\u00e4rt, Kriege und Handelskonflikte schadeten der Wirtschaft und alle Staaten tr\u00fcgen Verantwortung f\u00fcr stabile geopolitische Bedingungen. Die Aussagen wurden laut Bloomberg auch als Botschaft an die Regierung von US-Pr\u00e4sident <a href=\"https:\/\/www.t-online.de\/themen\/donald-trump\/\" class=\"transition-colors cursor-pointer no-underline md:hover:text-magenta md:focus:text-magenta border-b border-solid border-current text-salemsfur md:hover:border-magenta\" data-tracking=\"{&quot;action&quot;:&quot;click&quot;,&quot;category&quot;:&quot;intextLink&quot;,&quot;label&quot;:&quot;\/themen\/donald-trump\/&quot;}\" data-sctrack=\"BodyAnchor\" rel=\"nofollow noopener\" target=\"_blank\">Donald Trump<\/a> verstanden.<\/p>\n<p class=\"text-18 leading-17 user-text-lg:text-22 user-text-xl:text-24\">Neben Klingbeil sorgte auch Bundesbank-Pr\u00e4sident Joachim Nagel f\u00fcr Unmut in <a href=\"https:\/\/www.t-online.de\/themen\/washington\/\" class=\"transition-colors cursor-pointer no-underline md:hover:text-magenta md:focus:text-magenta border-b border-solid border-current text-salemsfur md:hover:border-magenta\" data-tracking=\"{&quot;action&quot;:&quot;click&quot;,&quot;category&quot;:&quot;intextLink&quot;,&quot;label&quot;:&quot;\/themen\/washington\/&quot;}\" data-sctrack=\"BodyAnchor\" rel=\"nofollow noopener\" target=\"_blank\">Washington<\/a>. Das US-Finanzministerium beschwerte sich Bloomberg zufolge \u00fcber seine Kritik an einer amerikanischen Intervention zugunsten des japanischen <a href=\"https:\/\/www.t-online.de\/finanzen\/boerse\/waehrung\/eur-jpy\/eu0009652627\/\" class=\"transition-colors cursor-pointer no-underline md:hover:text-magenta md:focus:text-magenta border-b border-solid border-current text-salemsfur md:hover:border-magenta\" data-tracking=\"{&quot;action&quot;:&quot;click&quot;,&quot;category&quot;:&quot;intextLink&quot;,&quot;label&quot;:&quot;\/finanzen\/boerse\/waehrung\/eur-jpy\/eu0009652627\/&quot;}\" data-sctrack=\"BodyAnchor\" rel=\"nofollow noopener\" target=\"_blank\">Yen<\/a>. Nagel hatte erkl\u00e4rt, die USA h\u00e4tten sich vor dem Verkauf von Euro mit ihren europ\u00e4ischen Partnern abstimmen sollen. Das <a href=\"https:\/\/www.t-online.de\/themen\/bundesfinanzministerium\/\" class=\"transition-colors cursor-pointer no-underline md:hover:text-magenta md:focus:text-magenta border-b border-solid border-current text-salemsfur md:hover:border-magenta\" data-tracking=\"{&quot;action&quot;:&quot;click&quot;,&quot;category&quot;:&quot;intextLink&quot;,&quot;label&quot;:&quot;\/themen\/bundesfinanzministerium\/&quot;}\" data-sctrack=\"BodyAnchor\" rel=\"nofollow noopener\" target=\"_blank\">Bundesfinanzministerium<\/a> und die Bundesbank wollten sich gegen\u00fcber Bloomberg nicht zu den Vorg\u00e4ngen \u00e4u\u00dfern.<\/p>\n<p class=\"text-18 leading-17 user-text-lg:text-22 user-text-xl:text-24\">Bessent hatte zuletzt auch behauptet, die Ukraine sei f\u00fcr die hohen internationalen Energiepreise verantwortlich, weil sie fortgehend russische \u00d6lanlagen angreife. Das die Preise wesentlich anstiegen, nachdem die USA den <a href=\"https:\/\/www.t-online.de\/themen\/iran\/\" class=\"transition-colors cursor-pointer no-underline md:hover:text-magenta md:focus:text-magenta border-b border-solid border-current text-salemsfur md:hover:border-magenta\" data-tracking=\"{&quot;action&quot;:&quot;click&quot;,&quot;category&quot;:&quot;intextLink&quot;,&quot;label&quot;:&quot;\/themen\/iran\/&quot;}\" data-sctrack=\"BodyAnchor\" rel=\"nofollow noopener\" target=\"_blank\">Iran<\/a> angegriffen hatten und die <a href=\"https:\/\/www.t-online.de\/themen\/strasse-von-hormus\/\" class=\"transition-colors cursor-pointer no-underline md:hover:text-magenta md:focus:text-magenta border-b border-solid border-current text-salemsfur md:hover:border-magenta\" data-tracking=\"{&quot;action&quot;:&quot;click&quot;,&quot;category&quot;:&quot;intextLink&quot;,&quot;label&quot;:&quot;\/themen\/strasse-von-hormus\/&quot;}\" data-sctrack=\"BodyAnchor\" rel=\"nofollow noopener\" target=\"_blank\">Stra\u00dfe von Hormus<\/a> blockiert wurde, erw\u00e4hnte er dabei nicht.<\/p>\n","protected":false},"excerpt":{"rendered":"Auch Bundesbank-Pr\u00e4sident in Ungnade gefallen US-Finanzminister kritisiert Klingbeil wegen Russland-Haltung 03.09.2026 &#8211; 22:19 UhrLesedauer: 2 Min. Lars Klingbeil&hellip;\n","protected":false},"author":2,"featured_media":1278851,"comment_status":"","ping_status":"","sticky":false,"template":"","format":"standard","meta":{"footnotes":"","_share_on_mastodon":"0"},"categories":[3],"tags":[326,108249,19095,1173,9218,29,37169,13,776,14,15,55279,307,12,14575,184,10,8,9,11,317,64,320,103,104],"class_list":["post-1278850","post","type-post","status-publish","format-standard","has-post-thumbnail","category-welt","tag-326","tag-anton-siluanow","tag-bloomberg-news","tag-bundesregierung","tag-deutsche-bundesbank","tag-deutschland","tag-g20","tag-headlines","tag-lars-klingbeil","tag-nachrichten","tag-news","tag-north-carolina","tag-russland","tag-schlagzeilen","tag-scott-bessent","tag-spd","tag-top-news","tag-top-meldungen","tag-topmeldungen","tag-topnews","tag-ukraine","tag-usa","tag-washington","tag-welt","tag-world"],"share_on_mastodon":{"url":"https:\/\/pubeurope.com\/@de\/117209389043563387","error":""},"_links":{"self":[{"href":"https:\/\/www.europesays.com\/de\/wp-json\/wp\/v2\/posts\/1278850","targetHints":{"allow":["GET"]}}],"collection":[{"href":"https:\/\/www.europesays.com\/de\/wp-json\/wp\/v2\/posts"}],"about":[{"href":"https:\/\/www.europesays.com\/de\/wp-json\/wp\/v2\/types\/post"}],"author":[{"embeddable":true,"href":"https:\/\/www.europesays.com\/de\/wp-json\/wp\/v2\/users\/2"}],"replies":[{"embeddable":true,"href":"https:\/\/www.europesays.com\/de\/wp-json\/wp\/v2\/comments?post=1278850"}],"version-history":[{"count":0,"href":"https:\/\/www.europesays.com\/de\/wp-json\/wp\/v2\/posts\/1278850\/revisions"}],"wp:featuredmedia":[{"embeddable":true,"href":"https:\/\/www.europesays.com\/de\/wp-json\/wp\/v2\/media\/1278851"}],"wp:attachment":[{"href":"https:\/\/www.europesays.com\/de\/wp-json\/wp\/v2\/media?parent=1278850"}],"wp:term":[{"taxonomy":"category","embeddable":true,"href":"https:\/\/www.europesays.com\/de\/wp-json\/wp\/v2\/categories?post=1278850"},{"taxonomy":"post_tag","embeddable":true,"href":"https:\/\/www.europesays.com\/de\/wp-json\/wp\/v2\/tags?post=1278850"}],"curies":[{"name":"wp","href":"https:\/\/api.w.org\/{rel}","templated":true}]}}