{"id":1278859,"date":"2026-09-03T22:13:20","date_gmt":"2026-09-03T22:13:20","guid":{"rendered":"https:\/\/www.europesays.com\/de\/1278859\/"},"modified":"2026-09-03T22:13:20","modified_gmt":"2026-09-03T22:13:20","slug":"handball-frech-attacke-von-aufsteiger-gegen-den-thw-kiel-sportmix","status":"publish","type":"post","link":"https:\/\/www.europesays.com\/de\/1278859\/","title":{"rendered":"Handball: Frech-Attacke von Aufsteiger gegen den THW Kiel | Sportmix"},"content":{"rendered":"<p><b>Dieser Sieg war in der <\/b><a href=\"https:\/\/sportbild.bild.de\/sportmix\/handball\/handball\/home-49760070.sport.html\" class=\"text-link\" rel=\"nofollow noopener\" target=\"_blank\"><b>Handball<\/b><\/a><b>-Bundesliga zu erwarten. Der THW Kiel siegte bei der SG BBM Bietigheim 36:28. Aber lange Zeit hielt der Aufsteiger ordentlich dagegen und spielte gegen den Favoriten frech auf.<\/b><\/p>\n<p>Bietigheim startete stark gegen den THW Kiel<\/p>\n<p>Wirklich starke 22 Minuten der SG, die keinerlei Bammel vor dem Elite-Kader des <a href=\"https:\/\/sportbild.bild.de\/sportmix\/handball\/thw-kiel\/thw-kiel-aktuelle-news-und-videos-85557654.sport.html\" class=\"text-link\" rel=\"nofollow noopener\" target=\"_blank\">Rekordmeister<\/a>s hat und zu diesem Zeitpunkt 14:11 f\u00fchrt. THW-Torwart Gonzalo P\u00e9rez de Vargas, der nur einen Ball halten konnte, musste da bereits f\u00fcr Andreas Wolff weichen. Und die Paraden des deutschen Nationaltorwarts und einige Fehler beim Gastgeber zuvor brachten noch vor der Pause die Wende.<\/p>\n<p><a class=\"article-image__anchor\" href=\"https:\/\/www.dyn.sport\/sport_handball\" target=\"_blank\" rel=\"noopener nofollow\"><img decoding=\"async\" width=\"992\" height=\"84\" alt=\"\" loading=\"lazy\" src=\"https:\/\/www.europesays.com\/de\/wp-content\/uploads\/2026\/09\/b3b848c06cf3a9d3b03f0628d9ae8e24,1013c5a6.png\"   class=\"dynamic\"\/><\/a><\/p>\n<p>Foto: BILD<\/p>\n<p>Der 5. Treffer des neuen THW-Spielmachers Domen Makuc, der vom FC Barcelona kam, bringt den Ausgleich zum 16:16 (27.). Der Slowene hatte diesmal die Hauptverantwortung, weil Elias Ellefsen \u00e1 Skipag\u00f8tu mit gesundheitlichen Problemen ausfiel. Julian K\u00f6ster erzielte mit dem 16:17 kurz darauf die erste F\u00fchrung f\u00fcr den Favoriten, die bis zur Pause noch auf 16:19 ausgebaut wurde. Schade f\u00fcr die SG, bei der Lukas Wucherpfennig (Ex-Dresden, zuletzt Los Angeles Handball Club) sein Deb\u00fct gab.<\/p>\n<p>Mehr zum Thema<\/p>\n<p>Kiels Harald Reinkind zur Pause bei Dyn: \u201eDer Gegner wollte uns aus dem Rhythmus bringen, das hat ja auch einigerma\u00dfen geklappt. Aber wir sind bei uns geblieben.\u201c Dennoch folgte eine zweite Frech-Attacke der Bietigheimer. Kurz nach der Pause krachte Wucherpfennig den erneuten Ausgleich zum 20:20 ins Netz. Angetrieben von den Paraden ihres Torwarts Martin Tomovski ist der Gastgeber pl\u00f6tzlich sogar wieder 23:21 vorn. Und wer hat getroffen? Wieder dieser unglaubliche Wucherpfennig mit seinem 7. Tor. Die SG schnuppert mal kurz an der Sensation.<\/p>\n<p>Doch das l\u00e4sst der THW nicht zu. Tor um Tor wird der Vorsprung egalisiert und dann bis hin zum 26:31 ausgebaut. Kiels Lukas Laube trifft dann zum Endstand von 28:36, der nach dem Spielverlauf einige Tore zu hoch ausf\u00e4llt. THW-Kreisl\u00e4ufer Hendrik Pekeler: \u201eWir haben uns unheimlich schwergetan und wussten, dass Bietigheim mit viel Selbstvertrauen antreten wird. Diesen Kampf haben wir erst Mitte der zweiten Halbzeit angenommen.\u201c Bietigheims Wucherpfennig: \u201eIch bin beeindruckt vom Auftreten unserer Mannschaft.\u201c<\/p>\n<p>Eisenach bezieht gegen Balingen Pr\u00fcgel<\/p>\n<p>Der ThSV Eisenach lag gegen Aufsteiger HBW Balingen-Weilstetten zur Pause nach acht technischen Fehlern 15:18 hinten. In H\u00e4lfte zwei wurde der R\u00fcckstand in viereinhalb Minuten wettgemacht. Dann jedoch kassierte Felix Aellen eine Zwei-Minuten-Strafe, weil er Balingens Torwart Daniel Rebmann mitten im Gesicht traf. Nach diesem Kopftreffer war die Aufholjagd wieder beendet. Balingen holte sich m\u00fchelos den bereits zweiten Saisonsieg (36:27) im zweiten Spiel. F\u00fcr den ThSV ist es die zweite Pleite.<\/p>\n","protected":false},"excerpt":{"rendered":"Dieser Sieg war in der Handball-Bundesliga zu erwarten. Der THW Kiel siegte bei der SG BBM Bietigheim 36:28.&hellip;\n","protected":false},"author":2,"featured_media":1278860,"comment_status":"","ping_status":"","sticky":false,"template":"","format":"standard","meta":{"footnotes":"","_share_on_mastodon":"0"},"categories":[1852],"tags":[43058,3364,29,11662,1932,548,663,3934,30,1391,5009,13,4949,14,15,12,1971,4580,3460,7748],"class_list":["post-1278859","post","type-post","status-publish","format-standard","has-post-thumbnail","category-kiel","tag-bietigheim-bissingen","tag-de","tag-deutschland","tag-dhb","tag-dyn-handball","tag-eu","tag-europa","tag-europe","tag-germany","tag-handball","tag-hbl","tag-headlines","tag-kiel","tag-nachrichten","tag-news","tag-schlagzeilen","tag-schleswig-holstein","tag-schmidt-andre","tag-sport-leuchtturm-leipzig","tag-thw-kiel"],"share_on_mastodon":{"url":"https:\/\/pubeurope.com\/@de\/117209414880835873","error":""},"_links":{"self":[{"href":"https:\/\/www.europesays.com\/de\/wp-json\/wp\/v2\/posts\/1278859","targetHints":{"allow":["GET"]}}],"collection":[{"href":"https:\/\/www.europesays.com\/de\/wp-json\/wp\/v2\/posts"}],"about":[{"href":"https:\/\/www.europesays.com\/de\/wp-json\/wp\/v2\/types\/post"}],"author":[{"embeddable":true,"href":"https:\/\/www.europesays.com\/de\/wp-json\/wp\/v2\/users\/2"}],"replies":[{"embeddable":true,"href":"https:\/\/www.europesays.com\/de\/wp-json\/wp\/v2\/comments?post=1278859"}],"version-history":[{"count":0,"href":"https:\/\/www.europesays.com\/de\/wp-json\/wp\/v2\/posts\/1278859\/revisions"}],"wp:featuredmedia":[{"embeddable":true,"href":"https:\/\/www.europesays.com\/de\/wp-json\/wp\/v2\/media\/1278860"}],"wp:attachment":[{"href":"https:\/\/www.europesays.com\/de\/wp-json\/wp\/v2\/media?parent=1278859"}],"wp:term":[{"taxonomy":"category","embeddable":true,"href":"https:\/\/www.europesays.com\/de\/wp-json\/wp\/v2\/categories?post=1278859"},{"taxonomy":"post_tag","embeddable":true,"href":"https:\/\/www.europesays.com\/de\/wp-json\/wp\/v2\/tags?post=1278859"}],"curies":[{"name":"wp","href":"https:\/\/api.w.org\/{rel}","templated":true}]}}