{"id":1278861,"date":"2026-09-03T22:14:14","date_gmt":"2026-09-03T22:14:14","guid":{"rendered":"https:\/\/www.europesays.com\/de\/1278861\/"},"modified":"2026-09-03T22:14:14","modified_gmt":"2026-09-03T22:14:14","slug":"explosion-in-chemnitz-tatverdaechtiger-mit-schweren-verbrennungen-gefasst","status":"publish","type":"post","link":"https:\/\/www.europesays.com\/de\/1278861\/","title":{"rendered":"Explosion in Chemnitz \u2013 Tatverd\u00e4chtiger mit schweren Verbrennungen gefasst"},"content":{"rendered":"<p>Bei einer Explosion in der Bl\u00fccherstra\u00dfe ist am Donnerstagabend ein Mann schwer verletzt worden. <a href=\"https:\/\/www.blick.de\/thema\/organisation\/feuerwehr\" title=\"Feuerwehr\" class=\"internal-article-link\" data-ct=\"ENTITY\/ORGANISATION\/FEUERWEHR\" rel=\"nofollow noopener\" target=\"_blank\">Feuerwehr<\/a>, Rettungsdienst und <a href=\"https:\/\/www.blick.de\/thema\/organisation\/polizei\" title=\"Polizei\" class=\"internal-article-link\" data-ct=\"ENTITY\/ORGANISATION\/POLIZEI\" rel=\"nofollow noopener\" target=\"_blank\">Polizei<\/a> wurden gegen 22.30 Uhr zu dem Einsatz alarmiert.<\/p>\n<p>\n\tExplosion l\u00f6st Einsatz aus\n\t<\/p>\n<p>Nach Reporterangaben war es in der Bl\u00fccherstra\u00dfe aus bislang ungekl\u00e4rter Ursache zu einer Explosion gekommen. Die Einsatzkr\u00e4fte r\u00fcckten daraufhin zu dem betroffenen Bereich aus.<\/p>\n<p>Ein Tatverd\u00e4chtiger im Zusammenhang mit dem Geschehen festgenommen. Der Mann erlitt schwere Verbrennungen und musste medizinisch versorgt werden.<\/p>\n<p>\n\tWeitere Person kommt ins Krankenhaus\n\t<\/p>\n<p>Eine weitere Person wurde nach Reporterangaben mit dem Verdacht auf eine Rauchgasintoxikation in ein <a href=\"https:\/\/www.blick.de\/thema\/organisation\/krankenhaus\" title=\"Krankenhaus\" class=\"internal-article-link\" data-ct=\"ENTITY\/ORGANISATION\/KRANKENHAUS\" rel=\"nofollow noopener\" target=\"_blank\">Krankenhaus<\/a> gebracht.<\/p>\n<p>Was genau explodierte und wie es zu dem Vorfall kam, ist derzeit noch unklar.<\/p>\n<p>\n\tHintergr\u00fcnde noch offen\n\t<\/p>\n<p>Die genauen Hintergr\u00fcnde des Geschehens sind bislang nicht bekannt. Auch zu m\u00f6glichen Sch\u00e4den oder zum konkreten Tatvorwurf gegen den festgenommenen Mann liegen derzeit keine gesicherten Angaben vor.<\/p>\n<p><b>F\u00fcr alle, die wissen wollen, was in der Region los ist:<\/b><\/p>\n<p>Mit dem Blaulicht-Newsletter von BLICK.de bekommst du jeden Freitag aktuelle Polizeimeldungen, Ermittlungen und Verkehrshinweise direkt in dein Postfach.<\/p>\n<p><b>Jetzt\u00a0kostenlos\u00a0anmelden:<\/b><\/p>\n<p><a href=\"http:\/\/www.blick.de\/service\/formulare\/newsletteranmeldung?k=bl-Artikel#blaulicht\" class=\"button button--cta\" rel=\"nofollow noopener\" target=\"_blank\">Zum\u00a0Blaulicht-Newsletter<\/a><\/p>\n<p>\n\t\t\t<a class=\"link\" href=\"http:\/\/www.blick.de\/cdn-cgi\/l\/email-protection#284347465c49435c684a44414b43064c4d175b5d4a424d4b5c156041465f4d415b0d1a18525d450d1a18695a5c41434d440d1a186d505844475b4147460d1a1841460d1a186b404d4546415c520d1a180d6d1a0d10180d111b0d1a187c495c5e4d5a4c0d6b1b0d691c4b405c414f4d5a0d1a1845415c0d1a185b4b405f4d5a4d460d1a187e4d5a4a5a4d46465d464f4d460d1a184f4d4e495b5b5c\" data-ct=\"ARTIKEL\/FOOTER\/KORREKTURHINWEIS\" rel=\"nofollow noopener\" target=\"_blank\"><br \/>\n\t\t\t\tHabt ihr eine Meinung zu diesem Artikel oder einen Fehler entdeckt? Dann weist uns gern darauf hin.<br \/>\n\t\t\t<\/a>\n\t\t<\/p>\n","protected":false},"excerpt":{"rendered":"Bei einer Explosion in der Bl\u00fccherstra\u00dfe ist am Donnerstagabend ein Mann schwer verletzt worden. Feuerwehr, Rettungsdienst und Polizei&hellip;\n","protected":false},"author":2,"featured_media":1278862,"comment_status":"","ping_status":"","sticky":false,"template":"","format":"standard","meta":{"footnotes":"","_share_on_mastodon":"0"},"categories":[1851],"tags":[2770,3364,29,548,663,3934,30,13,17318,14,15,859,12],"class_list":["post-1278861","post","type-post","status-publish","format-standard","has-post-thumbnail","category-chemnitz","tag-chemnitz","tag-de","tag-deutschland","tag-eu","tag-europa","tag-europe","tag-germany","tag-headlines","tag-kriminalitaet-verstoesse","tag-nachrichten","tag-news","tag-sachsen","tag-schlagzeilen"],"share_on_mastodon":{"url":"https:\/\/pubeurope.com\/@de\/117209416701930849","error":""},"_links":{"self":[{"href":"https:\/\/www.europesays.com\/de\/wp-json\/wp\/v2\/posts\/1278861","targetHints":{"allow":["GET"]}}],"collection":[{"href":"https:\/\/www.europesays.com\/de\/wp-json\/wp\/v2\/posts"}],"about":[{"href":"https:\/\/www.europesays.com\/de\/wp-json\/wp\/v2\/types\/post"}],"author":[{"embeddable":true,"href":"https:\/\/www.europesays.com\/de\/wp-json\/wp\/v2\/users\/2"}],"replies":[{"embeddable":true,"href":"https:\/\/www.europesays.com\/de\/wp-json\/wp\/v2\/comments?post=1278861"}],"version-history":[{"count":0,"href":"https:\/\/www.europesays.com\/de\/wp-json\/wp\/v2\/posts\/1278861\/revisions"}],"wp:featuredmedia":[{"embeddable":true,"href":"https:\/\/www.europesays.com\/de\/wp-json\/wp\/v2\/media\/1278862"}],"wp:attachment":[{"href":"https:\/\/www.europesays.com\/de\/wp-json\/wp\/v2\/media?parent=1278861"}],"wp:term":[{"taxonomy":"category","embeddable":true,"href":"https:\/\/www.europesays.com\/de\/wp-json\/wp\/v2\/categories?post=1278861"},{"taxonomy":"post_tag","embeddable":true,"href":"https:\/\/www.europesays.com\/de\/wp-json\/wp\/v2\/tags?post=1278861"}],"curies":[{"name":"wp","href":"https:\/\/api.w.org\/{rel}","templated":true}]}}