{"id":1278863,"date":"2026-09-03T22:15:14","date_gmt":"2026-09-03T22:15:14","guid":{"rendered":"https:\/\/www.europesays.com\/de\/1278863\/"},"modified":"2026-09-03T22:15:14","modified_gmt":"2026-09-03T22:15:14","slug":"schapener-volkslauf-2026-ergebnisse-live","status":"publish","type":"post","link":"https:\/\/www.europesays.com\/de\/1278863\/","title":{"rendered":"Schapener Volkslauf 2026 \u2013 Ergebnisse Live"},"content":{"rendered":"<p><strong>Kurz &amp; knapp:<\/strong> Der <strong>52. Schapener Volkslauf<\/strong> findet am <strong>Sonntag, 6. September 2026<\/strong>, mitten im <strong>Naturschutzgebiet Buchhorst<\/strong> in Braunschweig statt, mit Start und Ziel an der <strong>Mehrzweckhalle Schapen<\/strong>. Als <strong>\u00e4ltester Lauf der Region<\/strong> (seit 1974) bietet der TSV Schapen acht Disziplinen von <strong>1,2 km bis zum Halbmarathon<\/strong> (10:00 Uhr), Laufen und Walking inklusive. Ergebnisse auf <strong>RaceResult<\/strong>.<\/p>\n<p>Mitten im <strong>Naturschutzgebiet Buchhorst<\/strong> in Braunschweig treffen sich am <strong>Sonntag, 6. September 2026<\/strong>, wieder L\u00e4uferinnen und L\u00e4ufer aus der ganzen Region: Der <strong>TSV Schapen<\/strong> richtet zum <strong>52. Mal<\/strong> seinen traditionsreichen Volkslauf aus. Bereits <strong>1974<\/strong> organisierte der Verein erstmals einen Volkslauf, womit die Veranstaltung als <strong>\u00e4ltester Lauf der Region<\/strong> gilt. Was einst als kleine Vereinsveranstaltung begann, hat sich \u00fcber Jahrzehnte zu einem festen Termin im Braunschweiger Laufkalender entwickelt \u2014 getragen vom Engagement des Sportvereins f\u00fcr Breitensport und Dorfgemeinschaft.<\/p>\n<p>Start und Ziel liegen an der <strong>Mehrzweckhalle Schapen<\/strong> (Buchhorstblick 9). Der Streckenverlauf gilt als h\u00fcgelig (\u00abrolling course\u00bb) und f\u00fchrt mitten durch das Naturschutzgebiet. Insgesamt stehen <strong>acht Disziplinen<\/strong> zur Auswahl: Der <strong>1,2-km-Lauf<\/strong> (10:05 Uhr, ab Jg. 2023, auch f\u00fcr Senioren) und der <strong>2,4-km-Lauf<\/strong> (10:20 Uhr, ab Jg. 2022) bieten dem Laufnachwuchs erste Wettkampferfahrungen; der <strong>6,1-km-Lauf<\/strong> (9:15 Uhr) und das <strong>6,1-km-Walking<\/strong> (9:30 Uhr) sprechen Familien und Hobbysportler an; der <strong>10,5-km-Lauf<\/strong> (10:15 Uhr) und das <strong>10,5-km-Walking<\/strong> (9:30 Uhr) fordern etwas mehr Ausdauer; und der <strong>Halbmarathon<\/strong> (21,098 km, 10:00 Uhr, ab Jg. 2010) ist die K\u00f6nigsdisziplin des Tages.<\/p>\n<p>\u00abWer bei uns startet, l\u00e4uft nicht einfach nur eine Strecke ab \u2014 er l\u00e4uft mitten durch eines der sch\u00f6nsten Naturschutzgebiete der Region. Genau das macht unseren Volkslauf Jahr f\u00fcr Jahr so besonders\u00bb, sagt Michael Zierold, Leiter des Volkslaufteams. Rund um den Lauf erwartet die Teilnehmenden das gewohnte Rahmenprogramm: ein gemeinsames <strong>Warm-Up<\/strong> vor dem Start, <strong>Massagen<\/strong> gegen eine Spende f\u00fcr den guten Zweck, herzhafte Verpflegung an den St\u00e4nden, ein gem\u00fctlicher <strong>Kaffeegarten<\/strong> sowie eine <strong>H\u00fcpfburg<\/strong> f\u00fcr die j\u00fcngsten G\u00e4ste. Jede Teilnehmerin und jeder Teilnehmer erh\u00e4lt zum Zieleinlauf eine <strong>Finishermedaille<\/strong>. Ergebnisse und Live-Ticker: <strong>RaceResult<\/strong>.<\/p>\n<p><a class=\"shop-cta irun\" href=\"https:\/\/fsx.i-run.fr\/?P4572B4851A191&amp;redir=https%3A%2F%2Fwww.i-run.fr%2Frunning%2F\" rel=\"sponsored noopener noreferrer nofollow\" target=\"_blank\">\ud83c\udfc3 I-RUN \u2014 Laufausr\u00fcstung zum besten Preis \u2192<\/a><\/p>\n<p>Programm 2026<\/p>\n<p>HALBMARATHON (21,098 KM)<\/p>\n<p>So. 6. Sept., Start 10:00 Uhr \u2014 Mehrzweckhalle Schapen, Braunschweig<\/p>\n<p>H\u00fcgeliger Rundkurs durch das Naturschutzgebiet Buchhorst, ab Jahrgang 2010<\/p>\n<p>10,5-KM-LAUF &amp; WALKING<\/p>\n<p>So. 6. Sept., Start 10:15 Uhr (Lauf) \/ 9:30 Uhr (Walking)<\/p>\n<p>Lauf ab Jahrgang 2015, Walking ab Jahrgang 2015<\/p>\n<p>6,1-KM-LAUF &amp; WALKING<\/p>\n<p>So. 6. Sept., Start 9:15 Uhr (Lauf) \/ 9:30 Uhr (Walking)<\/p>\n<p>Ab Jahrgang 2016, familienfreundliche Distanz<\/p>\n<p>2,4-KM- &amp; 1,2-KM-LAUF<\/p>\n<p>So. 6. Sept., Start 10:20 &amp; 10:05 Uhr<\/p>\n<p>F\u00fcr Kinder und Senioren, erste Wettkampferfahrungen<\/p>\n<p><strong>Ort:<\/strong> Mehrzweckhalle Schapen, Buchhorstblick 9, 38104 Braunschweig, Naturschutzgebiet Buchhorst, Niedersachsen. <strong>Datum:<\/strong> Sonntag, 6. September 2026. <strong>Zeitplan:<\/strong> 9:15 Uhr 6,1 km Lauf; 9:30 Uhr 6,1 km Walking und 10,5 km Walking; 10:00 Uhr Halbmarathon; 10:05 Uhr 1,2 km Lauf; 10:15 Uhr 10,5 km Lauf; 10:20 Uhr 2,4 km Lauf. <strong>Altersklassen:<\/strong> Halbmarathon ab Jg. 2010; 10,5 km Lauf\/Walking ab Jg. 2015; 6,1 km Lauf\/Walking ab Jg. 2016; 2,4 km ab Jg. 2022; 1,2 km ab Jg. 2023 (auch Senioren). <strong>Strecke:<\/strong> h\u00fcgeliger Rundkurs durch das Naturschutzgebiet Buchhorst. <strong>Rahmenprogramm:<\/strong> Warm-Up, Massagen gegen Spende, Verpflegungsst\u00e4nde, Kaffeegarten, H\u00fcpfburg f\u00fcr Kinder, Finishermedaille f\u00fcr alle. <strong>Historie:<\/strong> \u00e4ltester Lauf der Region, erstmals 1974 organisiert, 52. Auflage 2026. <strong>Veranstalter:<\/strong> TSV Schapen (TSV 1921 Schapen e.V.). <strong>Ergebnisse:<\/strong> RaceResult.<\/p>\n<p>Streckenhighlights<\/p>\n<p>&#13;<br \/>\n\t&#13;<\/p>\n<tr>&#13;<br \/>\n\t\t\tOrt&#13;<br \/>\n\t\t\tWettbewerb&#13;<br \/>\n\t\t\tDetails&#13;<br \/>\n\t\t<\/tr>\n<p>&#13;<br \/>\n\t&#13;<br \/>\n\t&#13;<\/p>\n<tr>&#13;<\/p>\n<td><strong>Mehrzweckhalle Schapen<\/strong> START\/ZIEL<\/td>\n<p>&#13;<\/p>\n<td>Alle Wettbewerbe<\/td>\n<p>&#13;<\/p>\n<td>Buchhorstblick 9, Rahmenprogramm vor Ort<\/td>\n<p>&#13;<br \/>\n\t\t<\/tr>\n<p>&#13;<\/p>\n<tr>&#13;<\/p>\n<td><strong>Naturschutzgebiet Buchhorst<\/strong> STRECKE<\/td>\n<p>&#13;<\/p>\n<td>Alle Distanzen<\/td>\n<p>&#13;<\/p>\n<td>H\u00fcgeliger Rundkurs, eines der sch\u00f6nsten Gebiete der Region<\/td>\n<p>&#13;<br \/>\n\t\t<\/tr>\n<p>&#13;<\/p>\n<tr>&#13;<\/p>\n<td><strong>Halbmarathon<\/strong> K\u00d6NIGSDISZIPLIN<\/td>\n<p>&#13;<\/p>\n<td>21,098 km<\/td>\n<p>&#13;<\/p>\n<td>Start 10:00 Uhr, ab Jahrgang 2010<\/td>\n<p>&#13;<br \/>\n\t\t<\/tr>\n<p>&#13;<\/p>\n<tr>&#13;<\/p>\n<td><strong>52. Auflage seit 1974<\/strong> HISTORIE<\/td>\n<p>&#13;<\/p>\n<td>Alle Distanzen<\/td>\n<p>&#13;<\/p>\n<td>\u00c4ltester Lauf der Region Braunschweig<\/td>\n<p>&#13;<br \/>\n\t\t<\/tr>\n<p>&#13;<\/p>\n<tr>&#13;<\/p>\n<td colspan=\"3\" style=\"font-size:.80rem;color:#444;padding:7px 13px\">\u00c4LTESTER LAUF DER REGION Braunschweig-Schapen \u00b7 RaceResult<\/td>\n<p>&#13;<br \/>\n\t\t<\/tr>\n<p>&#13;<br \/>\n\t&#13;<\/p>\n<p>H\u00e4ufige Fragen zum Schapener Volkslauf 2026<\/p>\n<p>&#13;<br \/>\nWann findet der Schapener Volkslauf 2026 statt?&#13;<\/p>\n<p>Der 52. Schapener Volkslauf findet am Sonntag, 6. September 2026, statt. Start und Ziel sind an der Mehrzweckhalle Schapen in Braunschweig, mitten im Naturschutzgebiet Buchhorst. Der Halbmarathon startet um 10:00 Uhr.<\/p>\n<p>&#13;<\/p>\n<p>&#13;<br \/>\nWo finden sich die Ergebnisse des Schapener Volkslauf 2026?&#13;<\/p>\n<p>Die offiziellen Ergebnisse werden auf RaceResult ver\u00f6ffentlicht.<\/p>\n<p>&#13;<\/p>\n<p>&#13;<br \/>\nIst der Schapener Volkslauf wirklich der \u00e4lteste Lauf der Region?&#13;<\/p>\n<p>Ja, der TSV Schapen organisierte bereits 1974 erstmals einen Volkslauf, womit die Veranstaltung als \u00e4ltester Lauf der Region Braunschweig gilt. 2026 findet die 52. Auflage statt.<\/p>\n<p>&#13;<\/p>\n<p>&#13;<br \/>\nWelche Distanzen bietet der Schapener Volkslauf 2026?&#13;<\/p>\n<p>Das Programm umfasst acht Disziplinen: 1,2 km, 2,4 km, 6,1 km, 10,5 km und den Halbmarathon (21,098 km) jeweils als Lauf, sowie 6,1 km und 10,5 km auch als (Nordic-)Walking.<\/p>\n<p>&#13;<\/p>\n<p><a class=\"rando-cta\" href=\"https:\/\/www.ski-nordique.net\/les-plus-belles-randonnees-en-france-221-guides-2026.6743292-623561.html\" rel=\"noopener nofollow\" target=\"_blank\">\ud83e\udd7e Unsere sch\u00f6nsten Wanderungen in Frankreich entdecken \u2192<\/a><\/p>\n","protected":false},"excerpt":{"rendered":"Kurz &amp; knapp: Der 52. Schapener Volkslauf findet am Sonntag, 6. September 2026, mitten im Naturschutzgebiet Buchhorst in&hellip;\n","protected":false},"author":2,"featured_media":1278864,"comment_status":"","ping_status":"","sticky":false,"template":"","format":"standard","meta":{"footnotes":"","_share_on_mastodon":"0"},"categories":[1850],"tags":[263796,6429,3364,29,548,663,3934,30,13,263794,14,15,1411,263792,263795,263793,263791,12,263797],"class_list":["post-1278863","post","type-post","status-publish","format-standard","has-post-thumbnail","category-braunschweig","tag-biathlon-live","tag-braunschweig","tag-de","tag-deutschland","tag-eu","tag-europa","tag-europe","tag-germany","tag-headlines","tag-live-sport","tag-nachrichten","tag-news","tag-niedersachsen","tag-resultats-biathlon","tag-resultats-en-direct","tag-resultats-ski","tag-resultats-sportifs","tag-schlagzeilen","tag-ski-alpin-resultats"],"share_on_mastodon":{"url":"https:\/\/pubeurope.com\/@de\/117209420434135383","error":""},"_links":{"self":[{"href":"https:\/\/www.europesays.com\/de\/wp-json\/wp\/v2\/posts\/1278863","targetHints":{"allow":["GET"]}}],"collection":[{"href":"https:\/\/www.europesays.com\/de\/wp-json\/wp\/v2\/posts"}],"about":[{"href":"https:\/\/www.europesays.com\/de\/wp-json\/wp\/v2\/types\/post"}],"author":[{"embeddable":true,"href":"https:\/\/www.europesays.com\/de\/wp-json\/wp\/v2\/users\/2"}],"replies":[{"embeddable":true,"href":"https:\/\/www.europesays.com\/de\/wp-json\/wp\/v2\/comments?post=1278863"}],"version-history":[{"count":0,"href":"https:\/\/www.europesays.com\/de\/wp-json\/wp\/v2\/posts\/1278863\/revisions"}],"wp:featuredmedia":[{"embeddable":true,"href":"https:\/\/www.europesays.com\/de\/wp-json\/wp\/v2\/media\/1278864"}],"wp:attachment":[{"href":"https:\/\/www.europesays.com\/de\/wp-json\/wp\/v2\/media?parent=1278863"}],"wp:term":[{"taxonomy":"category","embeddable":true,"href":"https:\/\/www.europesays.com\/de\/wp-json\/wp\/v2\/categories?post=1278863"},{"taxonomy":"post_tag","embeddable":true,"href":"https:\/\/www.europesays.com\/de\/wp-json\/wp\/v2\/tags?post=1278863"}],"curies":[{"name":"wp","href":"https:\/\/api.w.org\/{rel}","templated":true}]}}