{"id":1278872,"date":"2026-09-03T22:23:19","date_gmt":"2026-09-03T22:23:19","guid":{"rendered":"https:\/\/www.europesays.com\/de\/1278872\/"},"modified":"2026-09-03T22:23:19","modified_gmt":"2026-09-03T22:23:19","slug":"bundesweiter-warntag-am-10-september","status":"publish","type":"post","link":"https:\/\/www.europesays.com\/de\/1278872\/","title":{"rendered":"Bundesweiter Warntag am 10. September"},"content":{"rendered":"<p><img loading=\"lazy\" decoding=\"async\" src=\"https:\/\/www.europesays.com\/de\/wp-content\/uploads\/2026\/09\/mrn_news_platzhalter_logo-2026-neu-20.jpg\" alt=\"Mrn news platzhalter logo 2026 neu\" width=\"1500\" height=\"833\" class=\"alignnone size-full wp-image-651957\"  \/><br \/>Ladenburg \/ Metropolregion Rhein-Neckar \u2013 Am Donnerstag, 10. September 2026, findet der diesj\u00e4hrige Bundesweite Warntag statt. Bund, L\u00e4nder und Kommunen erproben dabei gemeinsam ihre Warnsysteme. Auch die Stadt Ladenburg beteiligt sich zum zweiten Mal mit ihrem Sirenenwarnsystem an dem bundesweiten Aktionstag. Um 11 Uhr wird das Bundesamt f\u00fcr Bev\u00f6lkerungsschutz und Katastrophenhilfe (BBK) eine bundesweite Probewarnung ausl\u00f6sen. Diese wird \u00fcber verschiedene Warnkan\u00e4le verbreitet, unter anderem \u00fcber Warn-Apps und den Mobilfunkdienst Cell Broadcast. Auch die an das Modulare Warnsystem (MoWaS) angeschlossenen Rundfunk- und Medienunternehmen erhalten die Probewarnung.<br \/>Parallel dazu wird auch das Ladenburger Sirenenwarnsystem ausgel\u00f6st. Damit werden die technischen Abl\u00e4ufe und das Zusammenspiel der beteiligten Stellen getestet. Ziel ist es, die Bev\u00f6lkerung im Ernstfall schnell und zuverl\u00e4ssig warnen zu k\u00f6nnen.<br \/>Bei dem Sirenenalarm am 10. September handelt es sich ausschlie\u00dflich um einen Probealarm. Es besteht keine Gefahr und kein Handlungsbedarf. Die Bev\u00f6lkerung wird daher gebeten, aufgrund der Sirenensignale keinen Notruf zu w\u00e4hlen. Die zentrale Probewarnung des BBK wird um 11.45 Uhr wieder aufgehoben. <\/p>\n<p>Sirenensignale kennen und richtig reagieren<br \/>Der Bundesweite Warntag dient nicht nur dazu, die technischen Warnsysteme zu testen. Er soll auch die Bev\u00f6lkerung f\u00fcr das Thema Warnung sensibilisieren. Denn im Ernstfall ist es wichtig, Warnsignale zu erkennen, Warnmeldungen richtig einzuordnen und entsprechend zu handeln.<\/p>\n<p>Informationen zum Ladenburger Sirenenwarnsystem und zur Bedeutung der verschiedenen Sirenensignale finden sich auf der Internetseite der Stadt Ladenburg: Sirenenwarnsystem | Stadt Ladenburg <\/p>\n<p>R\u00fcckmeldung zum Warntag<br \/>Auch die Erfahrungen der Bev\u00f6lkerung sind ein wichtiger Bestandteil des Bundesweiten Warntags. Das BBK bietet deshalb wieder eine Umfrage an. B\u00fcrgerinnen und B\u00fcrger k\u00f6nnen am 10. September ab 11 Uhr unter www.warntag-umfrage.de ihre Erfahrungen und Wahrnehmungen zum Warntag mitteilen.<br \/>Weitere Informationen zum Bundesweiten Warntag gibt es unter: www.bundesweiter-warntag.de<\/p>\n<p>Quelle: Stadt Ladenburg<\/p>\n<p class=\"post-modified-info\">Zuletzt aktualisiert am 3. September 2026, 21:46<\/p>\n","protected":false},"excerpt":{"rendered":"Ladenburg \/ Metropolregion Rhein-Neckar \u2013 Am Donnerstag, 10. September 2026, findet der diesj\u00e4hrige Bundesweite Warntag statt. Bund, L\u00e4nder&hellip;\n","protected":false},"author":2,"featured_media":1278873,"comment_status":"","ping_status":"","sticky":false,"template":"","format":"standard","meta":{"footnotes":"","_share_on_mastodon":"0"},"categories":[1845],"tags":[1634,4488,12612,29849,3364,29,26417,548,663,3934,2464,30,13,259,1236,98729,2096,25488,25489,14,14480,15,16184,5206,28951,4486,12,3041,98730,39146,4649,23290,27984],"class_list":["post-1278872","post","type-post","status-publish","format-standard","has-post-thumbnail","category-mannheim","tag-baden-wuerttemberg","tag-bund","tag-buerger","tag-buergerinnen","tag-de","tag-deutschland","tag-donnerstag","tag-eu","tag-europa","tag-europe","tag-gefahr","tag-germany","tag-headlines","tag-informationen","tag-kommunen","tag-ladenburg","tag-mannheim","tag-metropolregion","tag-metropolregion-rhein-neckar","tag-nachrichten","tag-neckar","tag-news","tag-notruf","tag-rhein","tag-rhein-neckar","tag-rundfunk","tag-schlagzeilen","tag-stadt","tag-stadt-ladenburg","tag-thema","tag-umfrage","tag-warnung","tag-zusammenspiel"],"share_on_mastodon":{"url":"https:\/\/pubeurope.com\/@de\/117209453713597524","error":""},"_links":{"self":[{"href":"https:\/\/www.europesays.com\/de\/wp-json\/wp\/v2\/posts\/1278872","targetHints":{"allow":["GET"]}}],"collection":[{"href":"https:\/\/www.europesays.com\/de\/wp-json\/wp\/v2\/posts"}],"about":[{"href":"https:\/\/www.europesays.com\/de\/wp-json\/wp\/v2\/types\/post"}],"author":[{"embeddable":true,"href":"https:\/\/www.europesays.com\/de\/wp-json\/wp\/v2\/users\/2"}],"replies":[{"embeddable":true,"href":"https:\/\/www.europesays.com\/de\/wp-json\/wp\/v2\/comments?post=1278872"}],"version-history":[{"count":0,"href":"https:\/\/www.europesays.com\/de\/wp-json\/wp\/v2\/posts\/1278872\/revisions"}],"wp:featuredmedia":[{"embeddable":true,"href":"https:\/\/www.europesays.com\/de\/wp-json\/wp\/v2\/media\/1278873"}],"wp:attachment":[{"href":"https:\/\/www.europesays.com\/de\/wp-json\/wp\/v2\/media?parent=1278872"}],"wp:term":[{"taxonomy":"category","embeddable":true,"href":"https:\/\/www.europesays.com\/de\/wp-json\/wp\/v2\/categories?post=1278872"},{"taxonomy":"post_tag","embeddable":true,"href":"https:\/\/www.europesays.com\/de\/wp-json\/wp\/v2\/tags?post=1278872"}],"curies":[{"name":"wp","href":"https:\/\/api.w.org\/{rel}","templated":true}]}}