{"id":1278884,"date":"2026-09-03T22:30:22","date_gmt":"2026-09-03T22:30:22","guid":{"rendered":"https:\/\/www.europesays.com\/de\/1278884\/"},"modified":"2026-09-03T22:30:22","modified_gmt":"2026-09-03T22:30:22","slug":"antipode-kunst-fuer-globale-verantwortung-und-nord-sued-gerechtigkeit-2","status":"publish","type":"post","link":"https:\/\/www.europesays.com\/de\/1278884\/","title":{"rendered":"Antipode: Kunst f\u00fcr globale Verantwortung und Nord-S\u00fcd-Gerechtigkeit"},"content":{"rendered":"<p>Wie beeinflusst unser t\u00e4gliches Tun und Unterlassen Menschen, die wir nicht stets vor Augen haben? Welches unsichtbare Band verbindet Wuppertal mit dem exakt gegen\u00fcberliegenden Punkt der Erdkugel? Und wie kann Kunst als Impulsgeber f\u00fcr eine nachhaltige Transformation dienen?<\/p>\n<p>Am 22. September 2026 um 16 Uhr findet die feierliche Einweihung der Skulptur &#8222;Antipode&#8220; im Au\u00dfenbereich des Wuppertal Instituts statt \u2013 am Standort der neuen &#8222;Zukunftsk\u00fcche&#8220;, D\u00f6ppersberg 19, 42103 Wuppertal. Konzipiert und geschaffen wurde das 3,40 Meter hohe Werk aus Stahl vom K\u00fcnstler H. O. Schmidt. Der Remscheider H. O. Schmidt ist Bildhauer, Maler und Neo-Fluxus-K\u00fcnstler. Er steht f\u00fcr Themen, die uns alle betreffen \u2013 um Zusammenleben, Umwelt und gesellschaftliche Verantwortung darzustellen. Seine Werke gelangten zur UNESCO, zum Vatikan und zum Dalai Lama.<\/p>\n<p>Die Skulptur &#8222;Antipode&#8220; stellt einen symbolischen &#8222;Kopfsteher&#8220; dar. Sie macht die globalen Verflechtungen zwischen der ressourcenstarken n\u00f6rdlichen Hemisph\u00e4re und dem globalen S\u00fcden visuell erlebbar \u2013 und erinnert an unsere gemeinsame \u00f6kologische und soziale Verantwortung. Das Besondere: Das symbolische Herz der Skulptur reiste vorab an das andere Ende der Welt und wurde nahe des Antipodenpunktes in Wellington (Neuseeland) vor dem Maori-Nationalmuseum Te Papa dem S\u00fcdpazifik \u00fcbergeben. Das Kunstwerk dient als Vermittlungsschnittstelle f\u00fcr die wissenschaftliche Arbeit des Wuppertal Instituts \u2013 denn Fragen der Nord-S\u00fcd-Gerechtigkeit und des Ressourcenschutzes sind zentrale Pfeiler der Wuppertaler Forschung.<\/p>\n<p>Die Teilnahme an der Veranstaltung ist kostenfrei. Eine Anmeldung ist bis zum 18. September \u00fcber den folgenden Link m\u00f6glich.<\/p>\n","protected":false},"excerpt":{"rendered":"Wie beeinflusst unser t\u00e4gliches Tun und Unterlassen Menschen, die wir nicht stets vor Augen haben? Welches unsichtbare Band&hellip;\n","protected":false},"author":2,"featured_media":329526,"comment_status":"","ping_status":"","sticky":false,"template":"","format":"standard","meta":{"footnotes":"","_share_on_mastodon":"0"},"categories":[1840],"tags":[3364,29,1149,4781,19165,30,1563,19164,4507,1209,19166,19162,19160,19163,19161,383,601,4418,19159],"class_list":["post-1278884","post","type-post","status-publish","format-standard","has-post-thumbnail","category-wuppertal","tag-de","tag-deutschland","tag-energie","tag-energieeffizienz","tag-ernst-ulrich-von-weizsaecker","tag-germany","tag-klima","tag-manfred-fischedick","tag-nachhaltigkeit","tag-nordrhein-westfalen","tag-peter-hennicke","tag-ressourceneffizienz","tag-stoffstroeme","tag-sustainability","tag-transition-forschung","tag-umwelt","tag-verkehr","tag-wuppertal","tag-wuppertal-institut"],"share_on_mastodon":{"url":"https:\/\/pubeurope.com\/@de\/117209479584312919","error":""},"_links":{"self":[{"href":"https:\/\/www.europesays.com\/de\/wp-json\/wp\/v2\/posts\/1278884","targetHints":{"allow":["GET"]}}],"collection":[{"href":"https:\/\/www.europesays.com\/de\/wp-json\/wp\/v2\/posts"}],"about":[{"href":"https:\/\/www.europesays.com\/de\/wp-json\/wp\/v2\/types\/post"}],"author":[{"embeddable":true,"href":"https:\/\/www.europesays.com\/de\/wp-json\/wp\/v2\/users\/2"}],"replies":[{"embeddable":true,"href":"https:\/\/www.europesays.com\/de\/wp-json\/wp\/v2\/comments?post=1278884"}],"version-history":[{"count":0,"href":"https:\/\/www.europesays.com\/de\/wp-json\/wp\/v2\/posts\/1278884\/revisions"}],"wp:featuredmedia":[{"embeddable":true,"href":"https:\/\/www.europesays.com\/de\/wp-json\/wp\/v2\/media\/329526"}],"wp:attachment":[{"href":"https:\/\/www.europesays.com\/de\/wp-json\/wp\/v2\/media?parent=1278884"}],"wp:term":[{"taxonomy":"category","embeddable":true,"href":"https:\/\/www.europesays.com\/de\/wp-json\/wp\/v2\/categories?post=1278884"},{"taxonomy":"post_tag","embeddable":true,"href":"https:\/\/www.europesays.com\/de\/wp-json\/wp\/v2\/tags?post=1278884"}],"curies":[{"name":"wp","href":"https:\/\/api.w.org\/{rel}","templated":true}]}}