{"id":1278889,"date":"2026-09-03T22:36:01","date_gmt":"2026-09-03T22:36:01","guid":{"rendered":"https:\/\/www.europesays.com\/de\/1278889\/"},"modified":"2026-09-03T22:36:01","modified_gmt":"2026-09-03T22:36:01","slug":"service-de-c-1995-2026-ruhr-concept-kg-das-presseportal-fuer-die-erfolgreiche-pressearbeit-von-staedten-kreisen-verbaenden-verlagen-parteien-unternehmen-medienbueros-hotelketten-etc-79","status":"publish","type":"post","link":"https:\/\/www.europesays.com\/de\/1278889\/","title":{"rendered":"service.de &#8211; (c) 1995-2026 ruhr-concept KG, das Presseportal f\u00fcr die erfolgreiche Pressearbeit von St\u00e4dten, Kreisen, Verb\u00e4nden, Verlagen, Parteien, Unternehmen, Medienb\u00fcros, Hotelketten etc."},"content":{"rendered":"<p>            &#13;<br \/>\n                Alle Meldungen:<\/p>\n<p>  &#13;<br \/>\n03.09.2026 &#8211; <a href=\"https:\/\/www.presse-service.de\/public\/Default.aspx?p=405\" rel=\"nofollow noopener\" target=\"_blank\">Landkreis Leer<\/a>&#13;<\/p>\n<p>  &#13;<br \/>\nAG Weser-Ems: Mit neuer Strategie die Wirtschaftskraft der Region st\u00e4rken&#13;<br \/>\n\u201eZusammen.Wachsen-Transformationspfade f\u00fcr Weser-Ems\u201c an den nieders\u00e4chsischen Ministerpr\u00e4sidenten Olaf Lies \u00fcbergeben&#13;<\/p>\n<p class=\"ins_r\">&#13;<br \/>\n      <img decoding=\"async\" class=\"news_list_single_image\" src=\"https:\/\/www.europesays.com\/de\/wp-content\/uploads\/2026\/09\/326197V.jpg\" alt=\"\u00a9 \"\/>&#13;<br \/>\nMit einer neuen Strategie will die Arbeitsgemeinschaft der Landkreise und kreisfreien St\u00e4dte in Weser-Ems die Wirtschaftskraft der Region st\u00e4rken und f\u00fcr Wachstum sorgen. Die Strategie unter dem Titel &#8222;Zusammen.Wachsen-Transformationspfade f\u00fcr Weser-Ems&#8220; wurde am Freitag, 28. August 2026, bei einem gemeinsamen Termin im Schloss zu Jever der \u00d6ffentlichkeit vorgestellt und an den nieders\u00e4chsischen Ministerpr\u00e4sidenten Olaf Lies \u00fcbergeben.&#13;<br \/>\n&#13;<br \/>\nDie neue Strategie fu\u00dft auf der bisherigen langfristig ausgerichteten Zusammenarbeit der zw\u00f6lf beteiligten&#8230;&#13;\n  <\/p>\n<p> &#13;<br \/>\n      <a href=\"https:\/\/www.presse-service.de\/public\/Single.aspx?iid=1225986\" rel=\"nofollow noopener\" target=\"_blank\">mehr lesen&#8230;<\/a>  <\/p>\n<p>  &#13;<br \/>\n03.09.2026 &#8211; <a href=\"https:\/\/www.presse-service.de\/public\/Default.aspx?p=1599\" rel=\"nofollow noopener\" target=\"_blank\">Knappschaft Kliniken Universit\u00e4tsklinikum Bochum GmbH<\/a>&#13;<\/p>\n<p>  &#13;<br \/>\nPr\u00e4zisionsmedizin f\u00fcr das Krankenhaus der Zukunft &#13;<br \/>\nEuropaabgeordneter Dennis Radtke besucht Knappschaft Kliniken Universit\u00e4tsklinikum Bochum &#13;<\/p>\n<p class=\"ins_r\">&#13;<br \/>\n      <img decoding=\"async\" class=\"news_list_single_image\" src=\"https:\/\/www.europesays.com\/de\/wp-content\/uploads\/2026\/09\/326191V.jpg\" alt=\"\u00a9 Knappschaft Kliniken Universit\u00e4tsklinikum Bochum\"\/>&#13;<br \/>\nAm vergangenen Dienstag durften die Knappschaft Kliniken Universit\u00e4tsklinikum Bochum eine Delegation um Dennis Radtke, Europaabgeordnerter der CDU f\u00fcr das Ruhrgebiet, zu einem Besuch im Rahmen seiner Sommertour begr\u00fc\u00dfen. Schwerpunkt des Besuchs war die innovative Arbeit des Zentrums f\u00fcr K\u00fcnstliche Intelligenz, Medizininformatik und Datenwissenschaften (ZKIMED) der Knappschaft Kliniken am Standort Bochum. &#13;\n  <\/p>\n<p> &#13;<br \/>\n      <a href=\"https:\/\/www.presse-service.de\/public\/Single.aspx?iid=1225978\" rel=\"nofollow noopener\" target=\"_blank\">mehr lesen&#8230;<\/a>  <\/p>\n<p>  &#13;<br \/>\n03.09.2026 &#8211; <a href=\"https:\/\/www.presse-service.de\/public\/Default.aspx?p=113\" rel=\"nofollow noopener\" target=\"_blank\">Stadt Bocholt &#8211; Fahrradfreundliche Stadt im M\u00fcnsterland<\/a>&#13;<\/p>\n<p>  &#13;<br \/>\nDeutsch-Britische Gesellschaft feiert &#8222;80 Jahre Freundschaft NRW-Gro\u00dfbritannien&#8220;&#13;<br \/>\nVortrag mit Imbiss und Getr\u00e4nken im Appendix des LernWerk Bocholt am Donnerstag, den 1. Oktober 2026 \/\/ Deutsch-Britische Gesellschaft Bocholt e.V. und EUROPE DIRECT Bocholt laden ein&#13;<\/p>\n<p class=\"ins_r\">&#13;<br \/>\n      <img decoding=\"async\" class=\"news_list_single_image\" src=\"https:\/\/www.europesays.com\/de\/wp-content\/uploads\/2026\/08\/325736V.png\" alt=\"\u00a9 Stadt Bocholt\"\/>&#13;<br \/>\nNRW feiert dieses Jahr sein 80-j\u00e4hriges Bestehen. Gleichzeitig begeht die Deutsch-Britische Gesellschaft das Jubil\u00e4um &#8222;80 Jahre Freundschaft zwischen Nordrhein-Westfalen und Gro\u00dfbritannien. Dr. Birgit Bujard wird im LernWerk eine historischen Einordnung und einen Ausblick vornehmen. Die Veranstaltung inklusive Imbiss ist kostenlos. Anmeldungen bei der Deutsch-Britischen Gesellschaft oder beim EUROPE DIRECT Bocholt.&#13;\n  <\/p>\n<p> &#13;<br \/>\n      <a href=\"https:\/\/www.presse-service.de\/public\/Single.aspx?iid=1225340\" rel=\"nofollow noopener\" target=\"_blank\">mehr lesen&#8230;<\/a>  <\/p>\n<p>  &#13;<br \/>\n03.09.2026 &#8211; <a href=\"https:\/\/www.presse-service.de\/public\/Default.aspx?p=1232\" rel=\"nofollow noopener\" target=\"_blank\">Stadt Wolfsburg<\/a>&#13;<\/p>\n<p>  &#13;<br \/>\nBunte Grundschule wird fit f\u00fcr die Zukunft&#13;<br \/>\nN\u00e4chster Sanierungsabschnitt abgeschlossen \u2013 Photovoltaikanlage folgt&#13;<\/p>\n<p class=\"ins_r\">&#13;<br \/>\n      <img decoding=\"async\" class=\"news_list_single_image\" src=\"https:\/\/www.europesays.com\/de\/wp-content\/uploads\/2026\/09\/326194V.jpg\" alt=\"\u00a9 \"\/>&#13;<br \/>\nDie Sanierung der Bunten Grundschule in Detmerode kommt weiter gut voran. Ein weiterer wichtiger Bauabschnitt ist inzwischen abgeschlossen und die modernisierten R\u00e4ume k\u00f6nnen wieder genutzt werden. Vor Ort machten sich Oberb\u00fcrgermeister Dennis Weilmann, Schulleiterin Tanja Moormann und weitere Vertreter der Verwaltung ein Bild von den umgesetzten Ma\u00dfnahmen. Saniert und modernisiert wurden ein Flurbereich sowie vier Klassenr\u00e4ume im Erdgeschoss. Als n\u00e4chste Schritte folgen der Abschluss der Dacharbeiten und die Installation einer&#8230;&#13;\n  <\/p>\n<p> &#13;<br \/>\n      <a href=\"https:\/\/www.presse-service.de\/public\/Single.aspx?iid=1225902\" rel=\"nofollow noopener\" target=\"_blank\">mehr lesen&#8230;<\/a>  <\/p>\n<p>  &#13;<br \/>\n03.09.2026 &#8211; <a href=\"https:\/\/www.presse-service.de\/public\/Default.aspx?p=83\" rel=\"nofollow noopener\" target=\"_blank\">Stadt Herten<\/a>&#13;<\/p>\n<p>  &#13;<br \/>\nZum Weltalphabetisierungstag am 8. September: VHS Herten startet im September kostenlose Grundbildungsangebote f\u00fcr mehr Sicherheit im Alltag&#13;<\/p>\n<p class=\"ins_r\">&#13;<br \/>\n      <img decoding=\"async\" class=\"news_list_single_image\" src=\"https:\/\/www.europesays.com\/de\/wp-content\/uploads\/2026\/09\/249713V.jpg\" alt=\"\u00a9 \"\/>&#13;<br \/>\nEinen Brief verstehen, ein Formular ausf\u00fcllen, eine Fahrkarte per App kaufen oder beim Online-Banking den \u00dcberblick behalten: Was f\u00fcr viele Menschen ganz selbstverst\u00e4ndlich ist, kann im Alltag manchmal schwierig sein. In Deutschland betrifft da s rund 6,2 Millionen Menschen, die geringe Lese- und Schreibkenntnissen haben.&#13;\n  <\/p>\n<p> &#13;<br \/>\n      <a href=\"https:\/\/www.presse-service.de\/public\/Single.aspx?iid=1225957\" rel=\"nofollow noopener\" target=\"_blank\">mehr lesen&#8230;<\/a>  <\/p>\n<p>  &#13;<br \/>\n03.09.2026 &#8211; <a href=\"https:\/\/www.presse-service.de\/public\/Default.aspx?p=1589\" rel=\"nofollow noopener\" target=\"_blank\">Stadt Dortmund<\/a>&#13;<\/p>\n<p>  &#13;<br \/>\nJetzt schnell sein: Letzte Chancen f\u00fcr F\u00fchrungen beim Tag des offenen Denkmals in Dortmund &#13;<br \/>\nEiniges schon ausgebucht \u2013 Was ist in welchem Stadtteil los? Spezial-Text-Angebote f\u00fcr die Medien&#13;<\/p>\n<p class=\"ins_r\">&#13;<br \/>\n      <img decoding=\"async\" class=\"news_list_single_image\" src=\"https:\/\/www.presse-service.de\/data.aspx\/medien\/326209V.gif\" alt=\"\u00a9 Stadt Dortmund\"\/>&#13;<br \/>\n50 Orte und noch mehr Programm beim Tag des offenen Denkmals: Manche F\u00fchrungen, f\u00fcr die man sich vorher anmelden muss, sind bereits ausgebucht. Doch es gibt es gibt noch viele Alternativen. Die meisten Angebote ben\u00f6tigen keine Anmeldung.&#13;\n  <\/p>\n<p> &#13;<br \/>\n      <a href=\"https:\/\/www.presse-service.de\/public\/Single.aspx?iid=1225993\" rel=\"nofollow noopener\" target=\"_blank\">mehr lesen&#8230;<\/a>  <\/p>\n<p>  &#13;<br \/>\n03.09.2026 &#8211; <a href=\"https:\/\/www.presse-service.de\/public\/Default.aspx?p=85\" rel=\"nofollow noopener\" target=\"_blank\">Stadt M\u00f6nchengladbach<\/a>&#13;<\/p>\n<p>  &#13;<br \/>\n\u201eSerenade f\u00fcr Bl\u00e4ser in alten Mauern\u201c\u2013 Trompete und Fagott in der Klosterkirche Neuwerk&#13;<\/p>\n<p class=\"ins_r\">&#13;<br \/>\n      <img decoding=\"async\" class=\"news_list_single_image\" src=\"https:\/\/www.europesays.com\/de\/wp-content\/uploads\/2026\/06\/logo_mg.jpg\" alt=\"\u00a9 \"\/>&#13;<br \/>\nAm Sonntag, den\u202f27. September 2026, um 16:30 Uhr \u00f6ffnen Annelise\u202fLickfett und Kathrin\u202fSimons die Tore der Klosterkirche Neuwerk (Dammer Str. 165) f\u00fcr ein au\u00dfergew\u00f6hnliches Konzert, das Trompeten und Fagottmusik zu einer seltenen, aber eindrucksvollen Klangkombination vereint.&#13;<br \/>\nDas Programm wurde speziell f\u00fcr die herausragende Akustik der Kirche zusammengestellt \u2013 es reicht von barocken Meisterwerken \u00fcber romantische Vertonungen bis zu zeitgen\u00f6ssischen Klangexperimenten. So kommen die warmen, klaren Klangfarben von Trompete und Fagott im&#8230;&#13;\n  <\/p>\n<p> &#13;<br \/>\n      <a href=\"https:\/\/www.presse-service.de\/public\/Single.aspx?iid=1225994\" rel=\"nofollow noopener\" target=\"_blank\">mehr lesen&#8230;<\/a>  <\/p>\n<p>  &#13;<br \/>\n03.09.2026 &#8211; <a href=\"https:\/\/www.presse-service.de\/public\/Default.aspx?p=85\" rel=\"nofollow noopener\" target=\"_blank\">Stadt M\u00f6nchengladbach<\/a>&#13;<\/p>\n<p>  &#13;<br \/>\nSherlock Horns\u2026 eine kriminelle Geschichte \u2013 Internationales Abschlusskonzert des Hornwochenendes&#13;<\/p>\n<p class=\"ins_r\">&#13;<br \/>\n      <img decoding=\"async\" class=\"news_list_single_image\" src=\"https:\/\/www.europesays.com\/de\/wp-content\/uploads\/2026\/06\/logo_mg.jpg\" alt=\"\u00a9 \"\/>&#13;<br \/>\nZum 10. Internationalen Abschlusskonzert des Hornwochenendes l\u00e4dt die Hornklasse der Musikschule M\u00f6nchengladbach unter der Leitung von Kristiaan Slootmaekers gemeinsam mit den Partnerst\u00e4dten Roubaix und Verviers ein. Das Jubil\u00e4umskonzert findet am Sonntag, 27. September 2026, um 15:30 Uhr im Carl-Orff-Saal (L\u00fcpertzender Stra\u00dfe 83) statt. Befreundete Hornklassen aus Frankreich, Belgien, den Niederlanden und Nordrhein-Westfalen pr\u00e4sentieren an diesem Abend ein abwechslungsreiches Programm.&#13;<br \/>\nUnter dem Motto eines musikalischen Krimis verwandeln&#8230;&#13;\n  <\/p>\n<p> &#13;<br \/>\n      <a href=\"https:\/\/www.presse-service.de\/public\/Single.aspx?iid=1225995\" rel=\"nofollow noopener\" target=\"_blank\">mehr lesen&#8230;<\/a>  <\/p>\n<p>  &#13;<br \/>\n03.09.2026 &#8211; <a href=\"https:\/\/www.presse-service.de\/public\/Default.aspx?p=1568\" rel=\"nofollow noopener\" target=\"_blank\">Stadt Osnabr\u00fcck<\/a>&#13;<\/p>\n<p>  &#13;<br \/>\nJulina Huppert vertritt Osnabr\u00fcck als St\u00e4dtebotschafterin in Angers&#13;<\/p>\n<p class=\"ins_r\">&#13;<br \/>\n      <img decoding=\"async\" class=\"news_list_single_image\" src=\"https:\/\/www.europesays.com\/de\/wp-content\/uploads\/2026\/09\/326215V.jpg\" alt=\"\u00a9 Stadt Osnabr\u00fcck, Monika Nestmann\"\/>&#13;<br \/>\nJedes Jahr im Sp\u00e4tsommer reist ein junger Mensch von Osnabr\u00fcck nach Angers, um dort im Rathaus eine neue Stelle anzutreten. Dieses Jahr ist es Julina Huppert, sie wird Osnabr\u00fcck als St\u00e4dtebotschafterin in der franz\u00f6sischen Partnerstadt vertreten.&#13;<br \/>\nDie 19-J\u00e4hrige hat gerade ihr Abitur an der IGS Osnabr\u00fcck bestanden und m\u00f6chte nun aus ihrer Liebe zur franz\u00f6sischen Sprache und zu Frankreich mehr machen. Aufgewachsen ist sie in Wallenhorst-Hollage. Frankreich kennt sie nicht nur von privaten Reisen, auch zum Sch\u00fcleraustausch war sie mehrfach dort&#8230;.&#13;\n  <\/p>\n<p> &#13;<br \/>\n      <a href=\"https:\/\/www.presse-service.de\/public\/Single.aspx?iid=1225996\" rel=\"nofollow noopener\" target=\"_blank\">mehr lesen&#8230;<\/a>  <\/p>\n<p>  &#13;<br \/>\n03.09.2026 &#8211; <a href=\"https:\/\/www.presse-service.de\/public\/Default.aspx?p=116\" rel=\"nofollow noopener\" target=\"_blank\">Stadt Hanau<\/a>&#13;<\/p>\n<p>  &#13;<br \/>\nSchlager und Sahne im Stadthof Hanau&#13;<br \/>\nNeue Veranstaltungsreihe \u201eTakt &amp; Torte\u201c von Seniorenb\u00fcro und Hanau Marketing GmbH \/ Jeden ersten Donnerstag \/ Mehr als 100 Premieren-G\u00e4ste&#13;<\/p>\n<p class=\"ins_r\">&#13;<br \/>\n      <img decoding=\"async\" class=\"news_list_single_image\" src=\"https:\/\/www.europesays.com\/de\/wp-content\/uploads\/2026\/09\/326218V.jpg\" alt=\"\u00a9 Stadt Hanau\"\/>&#13;<br \/>\nSchlager und Schlagsahne, Musik und gute Laune: Die neue Veranstaltungsreihe \u201eTakt &amp; Torte\u201c ist im Stadthof Hanau erfolgreich gestartet. Mehr als 100 Seniorinnen und Senioren kamen zur Premiere auf die Agora am Marktplatz und lie\u00dfen sich von Takt, Tanz und leckerer Torte unterhalten.&#13;\n  <\/p>\n<p> &#13;<br \/>\n      <a href=\"https:\/\/www.presse-service.de\/public\/Single.aspx?iid=1225998\" rel=\"nofollow noopener\" target=\"_blank\">mehr lesen&#8230;<\/a>  <\/p>\n<p>  &#13;<br \/>\n03.09.2026 &#8211; <a href=\"https:\/\/www.presse-service.de\/public\/Default.aspx?p=77\" rel=\"nofollow noopener\" target=\"_blank\">Stadt M\u00fcnster<\/a>&#13;<\/p>\n<p>  &#13;<br \/>\nF\u00fcnf Grundschulkinder aus M\u00fcnster gewinnen beim Mathematik-Landeswettbewerb&#13;<\/p>\n<p class=\"ins_r\">&#13;<br \/>\n      <img decoding=\"async\" class=\"news_list_single_image\" src=\"https:\/\/www.europesays.com\/de\/wp-content\/uploads\/2026\/09\/326221V.jpg\" alt=\"\u00a9 Stadt M\u00fcnster \/ M\u00fcnsterView\"\/>&#13;<br \/>\nM\u00fcnster (SMS) Schnelles Kopfrechnen, logisches Denken, knifflige Zahlenspiele und geometrische Formen: F\u00fcnf Sch\u00fclerinnen und Sch\u00fcler aus M\u00fcnster haben beim Grundschulwettbewerb Mathematik 2025\/2026 den Landessieg erreicht. Thomas Paal Beigeordneter f\u00fcr Bildung, Jugend, Familie und Sport, zeichnete Jakob Albiker (Dietrich-Bonhoeffer-Schule), Nick R\u00f6hl (Marienschule Roxel), Esther Spin (Matthias-Claudius-Schule Handorf), Emil Otto Sch\u00f6ll (Peter-Wust-Schule) und Clara Huesmann (Thomas-Morus-Schule) am Donnerstag, 3. September, im Stadthaus 2 aus&#8230;.&#13;\n  <\/p>\n<p> &#13;<br \/>\n      <a href=\"https:\/\/www.presse-service.de\/public\/Single.aspx?iid=1226001\" rel=\"nofollow noopener\" target=\"_blank\">mehr lesen&#8230;<\/a>  <\/p>\n<p>  &#13;<br \/>\n03.09.2026 &#8211; <a href=\"https:\/\/www.presse-service.de\/public\/Default.aspx?p=116\" rel=\"nofollow noopener\" target=\"_blank\">Stadt Hanau<\/a>&#13;<\/p>\n<p>  &#13;<br \/>\nAltpapiercontainer in Mittelbuchen zieht um&#13;<\/p>\n<p class=\"ins_r\">&#13;<br \/>\n      <img decoding=\"async\" class=\"news_list_single_image\" src=\"https:\/\/www.europesays.com\/de\/wp-content\/uploads\/2026\/09\/326104V.jpg\" alt=\"\u00a9 Stadt Hanau\"\/>&#13;<br \/>\nNeuer Standort f\u00fcr den Altpapiercontainer an der alten Kl\u00e4ranlage in der Riedstra\u00dfe in Mittelbuchen: Auf Wunsch des Ortsbeirats hat der st\u00e4dtische Eigenbetrieb Hanau Infrastruktur Service (HIS) diesen an die Mehrzweckhalle in der Kesselst\u00e4dter Stra\u00dfe umgesetzt, nahe Hausnummer 19.&#13;\n  <\/p>\n<p> &#13;<br \/>\n      <a href=\"https:\/\/www.presse-service.de\/public\/Single.aspx?iid=1225859\" rel=\"nofollow noopener\" target=\"_blank\">mehr lesen&#8230;<\/a>  <\/p>\n<p>  &#13;<br \/>\n03.09.2026 &#8211; <a href=\"https:\/\/www.presse-service.de\/public\/Default.aspx?p=925\" rel=\"nofollow noopener\" target=\"_blank\">Stadt Braunschweig<\/a>&#13;<\/p>\n<p>  &#13;<br \/>\nLandrat und OB: B\u00fcndelung der Kr\u00e4fte sorgt f\u00fcr Sicherheit und Verl\u00e4sslichkeit&#13;<br \/>\n&#8211; Plan: Integrierte Regionalleitstelle Braunschweig\/Peine\/Wolfenb\u00fcttel soll um den Landkreis Gifhorn erweitert werden\/OB und Landrat unterschrieben Absichtserkl\u00e4rung&#13;<\/p>\n<p class=\"ins_r\">&#13;<br \/>\n      <img decoding=\"async\" class=\"news_list_single_image\" src=\"https:\/\/www.europesays.com\/de\/wp-content\/uploads\/2025\/05\/logo_braunschweig.jpg\" alt=\"\u00a9 \"\/>&#13;<br \/>\nDer Landkreis Gifhorn und die Stadt Braunschweig wollen k\u00fcnftig im Bereich ihrer Leitstellen kooperieren. Die Aufgaben der Leitstelle des Landkreises Gifhorn sollen k\u00fcnftig \u2013 wie auch schon f\u00fcr die Kreise Wolfenb\u00fcttel und Peine \u2013durch die Integrierte Regionalleitstelle (IRLS) der Berufsfeuerwehr Braunschweig erledigt werden. Der Kreistag in Gifhorn hat Ende August bereits grunds\u00e4tzlich gr\u00fcnes Licht f\u00fcr dieses Vorhaben gegeben.&#13;<br \/>\n\u00a0&#13;<br \/>\nLandrat Philipp Raulfs und Oberb\u00fcrgermeister Dr. Thorsten Kornblum haben auf dieser Basis heute eine&#8230;&#13;\n  <\/p>\n<p> &#13;<br \/>\n      <a href=\"https:\/\/www.presse-service.de\/public\/Single.aspx?iid=1225928\" rel=\"nofollow noopener\" target=\"_blank\">mehr lesen&#8230;<\/a>  <\/p>\n<p>  &#13;<br \/>\n03.09.2026 &#8211; <a href=\"https:\/\/www.presse-service.de\/public\/Default.aspx?p=113\" rel=\"nofollow noopener\" target=\"_blank\">Stadt Bocholt &#8211; Fahrradfreundliche Stadt im M\u00fcnsterland<\/a>&#13;<\/p>\n<p>  &#13;<br \/>\nStadt Bocholt richtet 8. Deutsch-Niederl\u00e4ndische Grenzlandkonferenz aus &#13;<br \/>\nBewerbungsphase f\u00fcr den Grenzlandpreis 2026 l\u00e4uft noch bis zum 14. September&#13;<\/p>\n<p class=\"ins_r\">&#13;<br \/>\n      <img decoding=\"async\" class=\"news_list_single_image\" src=\"https:\/\/www.europesays.com\/de\/wp-content\/uploads\/2026\/09\/326167V.jpg\" alt=\"\u00a9 Stadt Bocholt \"\/>&#13;<br \/>\nDie Stadt Bocholt wird am 2. Dezember 2026 zum zentralen Treffpunkt der grenz\u00fcberschreitenden Zusammenarbeit. Als Europastadt und wichtiger Knotenpunkt im deutsch-niederl\u00e4ndischen Grenzraum ist Bocholt in diesem Jahr Gastgeberin der 8. Deutsch-Niederl\u00e4ndischen Grenzlandkonferenz. &#13;\n  <\/p>\n<p> &#13;<br \/>\n      <a href=\"https:\/\/www.presse-service.de\/public\/Single.aspx?iid=1225943\" rel=\"nofollow noopener\" target=\"_blank\">mehr lesen&#8230;<\/a>  <\/p>\n<p>  &#13;<br \/>\n03.09.2026 &#8211; <a href=\"https:\/\/www.presse-service.de\/public\/Default.aspx?p=1591\" rel=\"nofollow noopener\" target=\"_blank\">Stadt Soest<\/a>&#13;<\/p>\n<p>  &#13;<br \/>\nKunstwochenende mit freiem Eintritt und kostenlosen F\u00fchrungen&#13;<\/p>\n<p class=\"ins_r\">&#13;<br \/>\n      <img decoding=\"async\" class=\"news_list_single_image\" src=\"https:\/\/www.europesays.com\/de\/wp-content\/uploads\/2026\/09\/324054V.jpg\" alt=\"\u00a9 Jens Gerber\"\/>&#13;<br \/>\nDrei Ausstellungen im Museum Wilhelm Morgner enden.&#13;\n  <\/p>\n<p> &#13;<br \/>\n      <a href=\"https:\/\/www.presse-service.de\/public\/Single.aspx?iid=1225947\" rel=\"nofollow noopener\" target=\"_blank\">mehr lesen&#8230;<\/a>  <\/p>\n<p>  &#13;<br \/>\n03.09.2026 &#8211; <a href=\"https:\/\/www.presse-service.de\/public\/Default.aspx?p=83\" rel=\"nofollow noopener\" target=\"_blank\">Stadt Herten<\/a>&#13;<\/p>\n<p>  &#13;<br \/>\nPatrick Nederkoorn er\u00f6ffnet Spielzeit 2026\/2027 f\u00fcr die Veranstaltungsreihe \u201e7nach8\u201c im Glashaus Herten&#13;<\/p>\n<p class=\"ins_r\">&#13;<br \/>\n      <img decoding=\"async\" class=\"news_list_single_image\" src=\"https:\/\/www.europesays.com\/de\/wp-content\/uploads\/2026\/09\/326179V.png\" alt=\"\u00a9 Nico Brons\"\/>&#13;<br \/>\nWas passiert, wenn politische Absurdit\u00e4ten auf niederl\u00e4ndischen Humor treffen? Antworten darauf gibt Patrick Nederkoorn am Donnerstag, 24. September, im Glashaus Herten. Mit seinem Programm \u201eDie orangene Gefahr\u201c bringt der Kabarettist politische Satire auf die B\u00fchne und er\u00f6ffnet damit die neue Spielzeit der Veranstaltungsreihe \u201e7nach8\u201c. Los geht es wie gewohnt um 20:07 Uhr.&#13;\n  <\/p>\n<p> &#13;<br \/>\n      <a href=\"https:\/\/www.presse-service.de\/public\/Single.aspx?iid=1225952\" rel=\"nofollow noopener\" target=\"_blank\">mehr lesen&#8230;<\/a>  <\/p>\n<p>  &#13;<br \/>\n03.09.2026 &#8211; <a href=\"https:\/\/www.presse-service.de\/public\/Default.aspx?p=113\" rel=\"nofollow noopener\" target=\"_blank\">Stadt Bocholt &#8211; Fahrradfreundliche Stadt im M\u00fcnsterland<\/a>&#13;<\/p>\n<p>  &#13;<br \/>\nBauarbeiten: Vollsperrung auf der Seeheidestra\u00dfe&#13;<br \/>\nVerlegung von Stromleitungen \/\/ 7. September bis 16. Oktober 2026&#13;<\/p>\n<p class=\"ins_r\">&#13;<br \/>\n      <img decoding=\"async\" class=\"news_list_single_image\" src=\"https:\/\/www.europesays.com\/de\/wp-content\/uploads\/2026\/09\/326183V.jpg\" alt=\"\u00a9 Stadt Bocholt\"\/>&#13;<br \/>\nAufgrund von Bauarbeiten wird die Seeheidestra\u00dfe auf H\u00f6he der Einm\u00fcndung zur Brahmsstra\u00dfe vom 7. September bis zum 16. Oktober 2026 voll gesperrt.  &#13;\n  <\/p>\n<p> &#13;<br \/>\n      <a href=\"https:\/\/www.presse-service.de\/public\/Single.aspx?iid=1225962\" rel=\"nofollow noopener\" target=\"_blank\">mehr lesen&#8230;<\/a>  <\/p>\n<p>  &#13;<br \/>\n03.09.2026 &#8211; <a href=\"https:\/\/www.presse-service.de\/public\/Default.aspx?p=1566\" rel=\"nofollow noopener\" target=\"_blank\">Stadt Hemer<\/a>&#13;<\/p>\n<p>  &#13;<br \/>\nDigital Caf\u00e9 am 8. September&#13;<\/p>\n<p class=\"ins_r\">&#13;<br \/>\n      <img decoding=\"async\" class=\"news_list_single_image\" src=\"https:\/\/www.europesays.com\/de\/wp-content\/uploads\/2025\/05\/1747235957_533_logo.png\" alt=\"\u00a9 \"\/>&#13;<br \/>\nAm Dienstag, 8. September, findet wieder das Digital Caf\u00e9 von 15 bis 17 Uhr im gro\u00dfen Saal des Alten Amtshauses, Hauptstra\u00dfe 116, statt.&#13;<br \/>\nIm Mittelpunkt stehen diesmal die Betriebssysteme Windows und Linux. Dabei werden die Unterschiede sowie die jeweiligen Vor- und Nachteile der beiden Systeme erl\u00e4utert und anschaulich dargestellt. Es besteht aber auch immer die M\u00f6glichkeit, individuelle Fragen und Probleme anzusprechen.&#13;<br \/>\nDie Teilnahme ist kostenlos und eine Anmeldung ist nicht erforderlich. Selbstverst\u00e4ndlich werden auch wieder Kaffee und&#8230;&#13;\n  <\/p>\n<p> &#13;<br \/>\n      <a href=\"https:\/\/www.presse-service.de\/public\/Single.aspx?iid=1225969\" rel=\"nofollow noopener\" target=\"_blank\">mehr lesen&#8230;<\/a>  <\/p>\n<p>  &#13;<br \/>\n03.09.2026 &#8211; <a href=\"https:\/\/www.presse-service.de\/public\/Default.aspx?p=532\" rel=\"nofollow noopener\" target=\"_blank\">Stadt Arnsberg<\/a>&#13;<\/p>\n<p>  &#13;<br \/>\nOffene G\u00e4rten im Ruhrbogen laden am 6. September letztmalig ein \/ LichterG\u00c4RTEN am 5. September&#13;<\/p>\n<p class=\"ins_r\">&#13;<br \/>\n      <img decoding=\"async\" class=\"news_list_single_image\" src=\"https:\/\/www.europesays.com\/de\/wp-content\/uploads\/2026\/09\/319572V.jpg\" alt=\"\u00a9 Stadt Arnsberg\"\/>&#13;<br \/>\nDie &#8222;Offenen G\u00e4rten im Ruhrbogen&#8220; laden am kommenden Sonntag, 6. September, zum letzten Mal in der Saison zu einem Besuch ein. Dabei besteht die Gelegenheit, einen entspannten Nachmittag in der Natur zu erleben und sich von den angelegten G\u00e4rten inspirieren zu lassen. Bereits am Vorabend, Samstag, 5. September, finden die &#8222;LichterG\u00c4RTEN&#8220; mit dem Historischen Weinberg unterhalb der Schlossruine im Stadtteil Arnsberg von 18 bis 22 Uhr statt.&#13;<br \/>\nLichterG\u00c4RTEN am 5. September&#13;<br \/>\nAm kommenden Sonntag, 6. September, haben die folgenden G\u00e4rten in Arnsberg&#8230;&#13;\n  <\/p>\n<p> &#13;<br \/>\n      <a href=\"https:\/\/www.presse-service.de\/public\/Single.aspx?iid=1225971\" rel=\"nofollow noopener\" target=\"_blank\">mehr lesen&#8230;<\/a>  <\/p>\n<p>&#13;<br \/>\n  &#13;<\/p>\n","protected":false},"excerpt":{"rendered":"&#13; Alle Meldungen: &#13; 03.09.2026 &#8211; Landkreis Leer&#13; &#13; AG Weser-Ems: Mit neuer Strategie die Wirtschaftskraft der Region&hellip;\n","protected":false},"author":2,"featured_media":1278890,"comment_status":"","ping_status":"","sticky":false,"template":"","format":"standard","meta":{"footnotes":"","_share_on_mastodon":"0"},"categories":[1839],"tags":[7507,3364,29,30,19579,19580,62,14,1209,178,19577,19578,19576,181,19575],"class_list":["post-1278889","post","type-post","status-publish","format-standard","has-post-thumbnail","category-bochum","tag-bochum","tag-de","tag-deutschland","tag-germany","tag-kommunal","tag-kommunaler-dienst","tag-medien","tag-nachrichten","tag-nordrhein-westfalen","tag-presse","tag-pressearchiv","tag-pressedienst","tag-pressemeldungen","tag-pressemitteilungen","tag-presseservice"],"share_on_mastodon":{"url":"https:\/\/pubeurope.com\/@de\/117209507757631867","error":""},"_links":{"self":[{"href":"https:\/\/www.europesays.com\/de\/wp-json\/wp\/v2\/posts\/1278889","targetHints":{"allow":["GET"]}}],"collection":[{"href":"https:\/\/www.europesays.com\/de\/wp-json\/wp\/v2\/posts"}],"about":[{"href":"https:\/\/www.europesays.com\/de\/wp-json\/wp\/v2\/types\/post"}],"author":[{"embeddable":true,"href":"https:\/\/www.europesays.com\/de\/wp-json\/wp\/v2\/users\/2"}],"replies":[{"embeddable":true,"href":"https:\/\/www.europesays.com\/de\/wp-json\/wp\/v2\/comments?post=1278889"}],"version-history":[{"count":0,"href":"https:\/\/www.europesays.com\/de\/wp-json\/wp\/v2\/posts\/1278889\/revisions"}],"wp:featuredmedia":[{"embeddable":true,"href":"https:\/\/www.europesays.com\/de\/wp-json\/wp\/v2\/media\/1278890"}],"wp:attachment":[{"href":"https:\/\/www.europesays.com\/de\/wp-json\/wp\/v2\/media?parent=1278889"}],"wp:term":[{"taxonomy":"category","embeddable":true,"href":"https:\/\/www.europesays.com\/de\/wp-json\/wp\/v2\/categories?post=1278889"},{"taxonomy":"post_tag","embeddable":true,"href":"https:\/\/www.europesays.com\/de\/wp-json\/wp\/v2\/tags?post=1278889"}],"curies":[{"name":"wp","href":"https:\/\/api.w.org\/{rel}","templated":true}]}}