{"id":1278923,"date":"2026-09-03T23:02:20","date_gmt":"2026-09-03T23:02:20","guid":{"rendered":"https:\/\/www.europesays.com\/de\/1278923\/"},"modified":"2026-09-03T23:02:20","modified_gmt":"2026-09-03T23:02:20","slug":"groesste-konkurrenz-zum-tatort-wie-junge-oberlausitzer-ihre-eigene-krimiserie-drehen","status":"publish","type":"post","link":"https:\/\/www.europesays.com\/de\/1278923\/","title":{"rendered":"\u201eGr\u00f6\u00dfte Konkurrenz zum ,Tatort\u2018\u201c: Wie junge Oberlausitzer ihre eigene Krimiserie drehen"},"content":{"rendered":"<p class=\"text text--s\">\n\t\t\t\tFreie Presse bei Google bevorzugen\n\t\t\t<\/p>\n<p class=\"bold\">\n\t\t\t\t\t\t\t\t\t\tDie New World Studios drehen an Schl\u00f6ssern, in Hangars und unter der Dresdner Marienbr\u00fccke. Hinter dem ambitionierten Projekt \u201eDie schwarze 9\u201c steht eine erstaunlich junge Crew.\t\t\t\t<\/p>\n<p>\t\t\t\t Tieforange leuchtet das Kopfsteinpflaster unter der Dresdner Marienbr\u00fccke. \u00dcber den dunklen B\u00f6gen \u00f6ffnet sich der Blick auf die malerisch ausgeleuchtete n\u00e4chtliche Altstadt: Die barocken T\u00fcrme Dresdens zeichnen sich klar gegen den Himmel ab. Hier, wo blasses Unkraut gr\u00f6lende Graffiti zuwuchert, ist es gef\u00e4hrlich dunkel. Nur zwei&#8230;<\/p>\n<p>\t\t<img decoding=\"async\" loading=\"lazy\" class=\"fp-plus-logo\" src=\"https:\/\/www.freiepresse.de\/img\/fpplus.svg\" alt=\"Freie Presse plus Logo\"\/><\/p>\n<p>6 Wochen gratis lesen.<\/p>\n<p> Alle Artikel im Web und in der App frei<\/p>\n<p> Zugriff auf die digitale Zeitung<\/p>\n<p> T\u00e4glicher Newsletter f\u00fcr Ihre Region<\/p>\n<p>Sie haben bereits ein Digitalabo?<\/p>\n","protected":false},"excerpt":{"rendered":"Freie Presse bei Google bevorzugen Die New World Studios drehen an Schl\u00f6ssern, in Hangars und unter der Dresdner&hellip;\n","protected":false},"author":2,"featured_media":1278924,"comment_status":"","ping_status":"","sticky":false,"template":"","format":"standard","meta":{"footnotes":"","_share_on_mastodon":"0"},"categories":[1835],"tags":[3364,29,2386,30,62,859],"class_list":["post-1278923","post","type-post","status-publish","format-standard","has-post-thumbnail","category-dresden","tag-de","tag-deutschland","tag-dresden","tag-germany","tag-medien","tag-sachsen"],"share_on_mastodon":{"url":"","error":""},"_links":{"self":[{"href":"https:\/\/www.europesays.com\/de\/wp-json\/wp\/v2\/posts\/1278923","targetHints":{"allow":["GET"]}}],"collection":[{"href":"https:\/\/www.europesays.com\/de\/wp-json\/wp\/v2\/posts"}],"about":[{"href":"https:\/\/www.europesays.com\/de\/wp-json\/wp\/v2\/types\/post"}],"author":[{"embeddable":true,"href":"https:\/\/www.europesays.com\/de\/wp-json\/wp\/v2\/users\/2"}],"replies":[{"embeddable":true,"href":"https:\/\/www.europesays.com\/de\/wp-json\/wp\/v2\/comments?post=1278923"}],"version-history":[{"count":0,"href":"https:\/\/www.europesays.com\/de\/wp-json\/wp\/v2\/posts\/1278923\/revisions"}],"wp:featuredmedia":[{"embeddable":true,"href":"https:\/\/www.europesays.com\/de\/wp-json\/wp\/v2\/media\/1278924"}],"wp:attachment":[{"href":"https:\/\/www.europesays.com\/de\/wp-json\/wp\/v2\/media?parent=1278923"}],"wp:term":[{"taxonomy":"category","embeddable":true,"href":"https:\/\/www.europesays.com\/de\/wp-json\/wp\/v2\/categories?post=1278923"},{"taxonomy":"post_tag","embeddable":true,"href":"https:\/\/www.europesays.com\/de\/wp-json\/wp\/v2\/tags?post=1278923"}],"curies":[{"name":"wp","href":"https:\/\/api.w.org\/{rel}","templated":true}]}}