{"id":1278927,"date":"2026-09-03T23:04:22","date_gmt":"2026-09-03T23:04:22","guid":{"rendered":"https:\/\/www.europesays.com\/de\/1278927\/"},"modified":"2026-09-03T23:04:22","modified_gmt":"2026-09-03T23:04:22","slug":"nach-schuessen-in-bremen-gaststaetten-und-kioske-durchsucht","status":"publish","type":"post","link":"https:\/\/www.europesays.com\/de\/1278927\/","title":{"rendered":"Nach Sch\u00fcssen in Bremen \u2013 Gastst\u00e4tten und Kioske durchsucht"},"content":{"rendered":"<p>Nach Sch\u00fcssen in der Bremer Neustadt haben Beamte zahlreiche Gastst\u00e4tten, Kioske und andere Betriebe durchsucht. Dabei kontrollierten die Ermittler nach eigenen Angaben Personen, Treffpunkte und m\u00f6gliche R\u00fcckzugsorte. Zun\u00e4chst hatten mehrere Medien berichtet. <\/p>\n<p>Mehrere Beh\u00f6rden waren demnach an den Kontrollen beteiligt, darunter das Ordnungsamt, der Zoll, das Finanzamt sowie die Gewerbe- und Gl\u00fccksspielaufsicht. Auch Rauschgift- und Sprengstoffsp\u00fcrhunde waren im Einsatz. <\/p>\n<p>              &#13;<br \/>\n                <img decoding=\"async\"   src=\"https:\/\/www.europesays.com\/de\/wp-content\/uploads\/2026\/09\/Am-Sonntag-wurde-ein-42-Jaehriger-angeschossen-und-schwer-1171985.jpg\" title=\"Nach Sch\u00fcssen in Bremen \u2013 Gastst\u00e4tten und Kioske durchsucht \" alt=\"Am Sonntag wurde ein 42-J\u00e4hriger angeschossen und schwer verletzt. (Archivfoto)H\u00fcneke\/dpa\" class=\"img-responsive\"\/>&#13;<br \/>\n                &#13;<\/p>\n<p class=\"image-caption\">Am Sonntag wurde ein 42-J\u00e4hriger angeschossen und schwer verletzt. (Archivfoto)H\u00fcneke\/dpa <\/p>\n<p>&#13;<\/p>\n<p class=\"image-credit\">&#13;<br \/>\n\t\t\t\t\t\t\t\u00a9 H\u00fcneke\/dpa<\/p>\n<p>&#13;<br \/>\n                &#13;<\/p>\n<p>In den vergangenen Monaten waren in der Bremer Neustadt mehrmals Sch\u00fcsse gefallen. Zuletzt wurde am Sonntagmittag ein 42-J\u00e4hriger angeschossen und schwer verletzt, er befindet sich laut Polizei inzwischen au\u00dfer Lebensgefahr. <\/p>\n","protected":false},"excerpt":{"rendered":"Nach Sch\u00fcssen in der Bremer Neustadt haben Beamte zahlreiche Gastst\u00e4tten, Kioske und andere Betriebe durchsucht. Dabei kontrollierten die&hellip;\n","protected":false},"author":2,"featured_media":1278928,"comment_status":"","ping_status":"","sticky":false,"template":"","format":"standard","meta":{"footnotes":"","_share_on_mastodon":"0"},"categories":[1824],"tags":[2420,3364,29,18955,30,177,4743],"class_list":["post-1278927","post","type-post","status-publish","format-standard","has-post-thumbnail","category-bremen","tag-bremen","tag-de","tag-deutschland","tag-gastgewerbe","tag-germany","tag-kriminalitt","tag-waffen"],"share_on_mastodon":{"url":"https:\/\/pubeurope.com\/@de\/117209615130625229","error":""},"_links":{"self":[{"href":"https:\/\/www.europesays.com\/de\/wp-json\/wp\/v2\/posts\/1278927","targetHints":{"allow":["GET"]}}],"collection":[{"href":"https:\/\/www.europesays.com\/de\/wp-json\/wp\/v2\/posts"}],"about":[{"href":"https:\/\/www.europesays.com\/de\/wp-json\/wp\/v2\/types\/post"}],"author":[{"embeddable":true,"href":"https:\/\/www.europesays.com\/de\/wp-json\/wp\/v2\/users\/2"}],"replies":[{"embeddable":true,"href":"https:\/\/www.europesays.com\/de\/wp-json\/wp\/v2\/comments?post=1278927"}],"version-history":[{"count":0,"href":"https:\/\/www.europesays.com\/de\/wp-json\/wp\/v2\/posts\/1278927\/revisions"}],"wp:featuredmedia":[{"embeddable":true,"href":"https:\/\/www.europesays.com\/de\/wp-json\/wp\/v2\/media\/1278928"}],"wp:attachment":[{"href":"https:\/\/www.europesays.com\/de\/wp-json\/wp\/v2\/media?parent=1278927"}],"wp:term":[{"taxonomy":"category","embeddable":true,"href":"https:\/\/www.europesays.com\/de\/wp-json\/wp\/v2\/categories?post=1278927"},{"taxonomy":"post_tag","embeddable":true,"href":"https:\/\/www.europesays.com\/de\/wp-json\/wp\/v2\/tags?post=1278927"}],"curies":[{"name":"wp","href":"https:\/\/api.w.org\/{rel}","templated":true}]}}