{"id":1278958,"date":"2026-09-03T23:27:15","date_gmt":"2026-09-03T23:27:15","guid":{"rendered":"https:\/\/www.europesays.com\/de\/1278958\/"},"modified":"2026-09-03T23:27:15","modified_gmt":"2026-09-03T23:27:15","slug":"muenchen-an-meiner-seite-helene-fischer-veroeffentlicht-neue-single","status":"publish","type":"post","link":"https:\/\/www.europesays.com\/de\/1278958\/","title":{"rendered":"M\u00fcnchen | \u00abAn meiner Seite\u00bb: Helene Fischer ver\u00f6ffentlicht neue Single"},"content":{"rendered":"<p>M\u00fcnchen (dpa) &#8211; Neues von Helene Fischer: Der Schlager-Star hat eine neue Single herausgebracht. \u00abAn meiner Seite\u00bb ist die zweite Auskopplung nach dem Song \u00abHeute Nacht\u00bb aus dem neuen Studioalbum der 42-J\u00e4hrigen, das demn\u00e4chst erscheinen soll.\u00a0<\/p>\n<p>\u00abWir sind die perfekte Synergie, wenn die ganze Welt in Tr\u00fcmmern liegt\u00bb, singt sie darin. Oder \u00abDu bist meine Fackel in dem Wind.\u00bb Im Refrain dann geht es so: \u00abTag und Nacht, Du bist an meiner Seite. Stark und schwach, Du stehst an meiner Seite.\u00bb Dazu gibt es viel Synthesizer-Sound. Ein Dance-Pop-Schlager-Mix.\u00a0<\/p>\n<p>Offiziell vorgestellt werden sollte der neue Song laut Plattenfirma in einem neuen Musikvideo und bei der Verleihung der \u00abGoldenen Henne\u00bb in Leipzig.<\/p>\n<p>Fischer-Fans aber kennen das Lied schon von der gro\u00dfen Stadion-Tour im Sommer. Zu den 15 Konzerten in Deutschland, \u00d6sterreich, der Schweiz und den Niederlanden waren knapp 750.000 Fans gekommen.<\/p>\n<p>Akrobatik-Auftritt mit Partner Thomas<\/p>\n<p>Damals performte die S\u00e4ngerin den Song gemeinsam mit ihrem Partner Thomas, mit dem sie zwei Kinder hat. Das Paar wirbelte dabei in silbernen Glitzeroutfits und in schwindelerregender H\u00f6he \u00fcber dem Publikum. Mehr als 20 Millionen Mal sind Szenen aus diesen Auftritten in sozialen Netzwerken angeklickt worden, wie die Plattenfirma mitteilt. Aus dem gemeinsamen Auftritt beim Konzert in Wien ist nun das Musikvideo geworden.\u00a0<\/p>\n<p>Fischer ist f\u00fcr au\u00dfergew\u00f6hnliche B\u00fchneninszenierungen bekannt und hat bereits mit dem \u00abCirque du Soleil\u00bb zusammengearbeitet. Und sie ist eine der bekanntesten und erfolgreichsten deutschen Musikerinnen \u00fcberhaupt. Mit ihrer Tournee besiegelte die zweifache Mutter die endg\u00fcltige R\u00fcckkehr aus der Babypause. Au\u00dferdem feiert sie in diesem Jahr Jubil\u00e4um: Zu 20 Jahren auf der B\u00fchne widmete die Deutsche Post ihr sogar eine Sonderbriefmarke.<\/p>\n<p>Chartspitze mit \u00abHeute Nacht\u00bb<\/p>\n<p>Mit dem Vorg\u00e4nger von \u00abAn meiner Seite\u00bb, der ersten Singleauskopplung \u00abHeute Nacht\u00bb, die bei Magenta TV zum Soundtrack der Fu\u00dfball-WM der M\u00e4nner wurde, schaffte die 42-J\u00e4hrige es \u00fcbrigens zum ersten Mal als Solo-K\u00fcnstlerin an die Spitze der deutschen Charts. Das Lied landete laut GfK Entertainment eine Woche nach seiner Ver\u00f6ffentlichung auf Platz eins der offiziellen Deutschen Charts.<\/p>\n<p>Zwar hatte die Schlagers\u00e4ngerin erstmals Ende 2023 mit der Neuauflage von \u00abAtemlos durch die Nacht\u00bb einen Nummer-eins-Hit &#8211; damals allerdings zusammen mit Rapperin Shirin David und damit nicht allein. Zuvor hatte es der 2013 ver\u00f6ffentlichte Schlager-Klassiker maximal auf Platz drei in den Single-Charts geschafft.<\/p>\n","protected":false},"excerpt":{"rendered":"M\u00fcnchen (dpa) &#8211; Neues von Helene Fischer: Der Schlager-Star hat eine neue Single herausgebracht. \u00abAn meiner Seite\u00bb ist&hellip;\n","protected":false},"author":2,"featured_media":1278959,"comment_status":"","ping_status":"","sticky":false,"template":"","format":"standard","meta":{"footnotes":"","_share_on_mastodon":"0"},"categories":[1827],"tags":[772,29,30,2549,1268,810],"class_list":["post-1278958","post","type-post","status-publish","format-standard","has-post-thumbnail","category-muenchen","tag-bayern","tag-deutschland","tag-germany","tag-leute","tag-muenchen","tag-musik"],"share_on_mastodon":{"url":"https:\/\/pubeurope.com\/@de\/117209703897649698","error":""},"_links":{"self":[{"href":"https:\/\/www.europesays.com\/de\/wp-json\/wp\/v2\/posts\/1278958","targetHints":{"allow":["GET"]}}],"collection":[{"href":"https:\/\/www.europesays.com\/de\/wp-json\/wp\/v2\/posts"}],"about":[{"href":"https:\/\/www.europesays.com\/de\/wp-json\/wp\/v2\/types\/post"}],"author":[{"embeddable":true,"href":"https:\/\/www.europesays.com\/de\/wp-json\/wp\/v2\/users\/2"}],"replies":[{"embeddable":true,"href":"https:\/\/www.europesays.com\/de\/wp-json\/wp\/v2\/comments?post=1278958"}],"version-history":[{"count":0,"href":"https:\/\/www.europesays.com\/de\/wp-json\/wp\/v2\/posts\/1278958\/revisions"}],"wp:featuredmedia":[{"embeddable":true,"href":"https:\/\/www.europesays.com\/de\/wp-json\/wp\/v2\/media\/1278959"}],"wp:attachment":[{"href":"https:\/\/www.europesays.com\/de\/wp-json\/wp\/v2\/media?parent=1278958"}],"wp:term":[{"taxonomy":"category","embeddable":true,"href":"https:\/\/www.europesays.com\/de\/wp-json\/wp\/v2\/categories?post=1278958"},{"taxonomy":"post_tag","embeddable":true,"href":"https:\/\/www.europesays.com\/de\/wp-json\/wp\/v2\/tags?post=1278958"}],"curies":[{"name":"wp","href":"https:\/\/api.w.org\/{rel}","templated":true}]}}