{"id":1278996,"date":"2026-09-03T23:52:19","date_gmt":"2026-09-03T23:52:19","guid":{"rendered":"https:\/\/www.europesays.com\/de\/1278996\/"},"modified":"2026-09-03T23:52:19","modified_gmt":"2026-09-03T23:52:19","slug":"verantwortliche-festgenommen-syrien-vernichtet-dutzende-chemiewaffen-aus-assad-aera","status":"publish","type":"post","link":"https:\/\/www.europesays.com\/de\/1278996\/","title":{"rendered":"Verantwortliche festgenommen: Syrien vernichtet Dutzende Chemiewaffen aus Assad-\u00c4ra"},"content":{"rendered":"<p>Verantwortliche festgenommenSyrien vernichtet Dutzende Chemiewaffen aus Assad-\u00c4ra <\/p>\n<p>03.09.2026, 22:03 Uhr <\/p>\n<p>Artikel anh\u00f6ren(02:10 min)<\/p>\n<p><img decoding=\"async\" class=\"Image_img__fQCi0 Image_Img_16_9__4BLfH widget-picture-inline_maximizable__t_E7h\" loading=\"eager\" fetchpriority=\"high\" src=\"https:\/\/www.europesays.com\/de\/wp-content\/uploads\/2026\/09\/100515456.webp\" alt=\"100515456\"\/>Ein Junge wird nach einem Giftgasangriff auf die syrische Region Ost-Ghouta im M\u00e4rz 2018 behandelt. (Foto: picture alliance \/ AA)<\/p>\n<p class=\"Typography_text-m__XI0da Typography_weight-bold__uT6mq storyline_lead_text_leadtext__q_wg8\">Im syrischen B\u00fcrgerkrieg kamen Tausende Menschen durch Giftgasangriffe ums Leben oder wurden verletzt. Nach dem Sturz des fr\u00fcheren Machthabers Assad entdeckt die neue Regierung milit\u00e4rische Restbest\u00e4nde. Erste verbliebene Chemiewaffen werden nun zerst\u00f6rt. <\/p>\n<p class=\"Typography_text-default__P3otY Typography_weight-normal__pqUbH storyline_paragraph_p__qSR5N\">Syrien\u00a0hat mit der Vernichtung von \u00dcberresten des geheimen Chemiewaffenprogramms aus der \u00c4ra des fr\u00fcheren Pr\u00e4sidenten Baschar al-Assad begonnen. Dies sei die erste derartige Zerst\u00f6rung seit einem Jahrzehnt, erkl\u00e4rte die UN-Beauftragte f\u00fcr Abr\u00fcstungsfragen, Izumi Nakamitsu, vor dem UN-Sicherheitsrat. Ein Team der Organisation f\u00fcr das Verbot chemischer Waffen (OPCW) habe die Zerst\u00f6rung von 42 Bomben verifiziert. <\/p>\n<p class=\"Typography_text-default__P3otY Typography_weight-normal__pqUbH storyline_paragraph_p__qSR5N\">Die neue syrische F\u00fchrung hatte im Mai weitere Reste des alten Programms entdeckt, darunter eine weitere Produktionsst\u00e4tte, eine neu entdeckte Chemikalie zur Herstellung von Nervengas sowie leere Munition und zwei Lagerst\u00e4tten.<\/p>\n<p class=\"Typography_text-default__P3otY Typography_weight-normal__pqUbH storyline_paragraph_p__qSR5N\">Assad hatte \u00fcber Jahrzehnte ein umfangreiches Chemiewaffenprogramm aufgebaut. Er war zwar der Chemiewaffenkonvention beigetreten und hatte die Vernichtung seines Arsenals angek\u00fcndigt. Untersuchungen ergaben jedoch, dass seine Soldaten im B\u00fcrgerkrieg weiterhin Sarin, Chlorgas und Senfgas einsetzten. Dadurch wurden Tausende Menschen get\u00f6tet oder verletzt.<\/p>\n<p class=\"Typography_text-default__P3otY Typography_weight-normal__pqUbH storyline_paragraph_p__qSR5N\">&#8222;Unser Ziel ist es, das syrische Volk zu sch\u00fctzen, damit solche Waffen nicht in die falschen H\u00e4nde geraten&#8220;, sagte Syriens St\u00e4ndiger UN-Vertreter Ibrahim Olabi. Durch die Vernichtung des Chemiewaffen-Materials werde auch die Welt gesch\u00fctzt. <\/p>\n<p class=\"Typography_text-default__P3otY Typography_weight-normal__pqUbH storyline_paragraph_p__qSR5N\">Olabi erkl\u00e4rte zudem,\u00a0Syrien\u00a0bereite die erste Gerichtsverhandlung gegen mutma\u00dfliche Beteiligte an dem Chemiewaffenprogramm vor. Die Beh\u00f6rden haben in diesem Jahr 18 Verd\u00e4chtige festgenommen, darunter hochrangige Vertreter aus Milit\u00e4r, Politik und Technik. <\/p>\n<p class=\"Typography_text-s__wu_cm Typography_weight-normal__pqUbH Typography_color-darkgrey__sZEnP article-detail-footer_source__KslPc\">Quelle: ntv.de, lar\/rts\/AFP<\/p>\n","protected":false},"excerpt":{"rendered":"Verantwortliche festgenommenSyrien vernichtet Dutzende Chemiewaffen aus Assad-\u00c4ra 03.09.2026, 22:03 Uhr Artikel anh\u00f6ren(02:10 min) Ein Junge wird nach einem&hellip;\n","protected":false},"author":2,"featured_media":1278997,"comment_status":"","ping_status":"","sticky":false,"template":"","format":"standard","meta":{"footnotes":"","_share_on_mastodon":"0"},"categories":[3],"tags":[10669,24027,24753,13,14,944,15,16,12,58,10,8,9,11,11320,12018,4743,103,104],"class_list":["post-1278996","post","type-post","status-publish","format-standard","has-post-thumbnail","category-welt","tag-abruestung","tag-baschar-al-assad","tag-chemiewaffen","tag-headlines","tag-nachrichten","tag-new-york","tag-news","tag-politik","tag-schlagzeilen","tag-syrien","tag-top-news","tag-top-meldungen","tag-topmeldungen","tag-topnews","tag-un-sicherheitsrat","tag-vereinte-nationen","tag-waffen","tag-welt","tag-world"],"share_on_mastodon":{"url":"https:\/\/pubeurope.com\/@de\/117209804067840525","error":""},"_links":{"self":[{"href":"https:\/\/www.europesays.com\/de\/wp-json\/wp\/v2\/posts\/1278996","targetHints":{"allow":["GET"]}}],"collection":[{"href":"https:\/\/www.europesays.com\/de\/wp-json\/wp\/v2\/posts"}],"about":[{"href":"https:\/\/www.europesays.com\/de\/wp-json\/wp\/v2\/types\/post"}],"author":[{"embeddable":true,"href":"https:\/\/www.europesays.com\/de\/wp-json\/wp\/v2\/users\/2"}],"replies":[{"embeddable":true,"href":"https:\/\/www.europesays.com\/de\/wp-json\/wp\/v2\/comments?post=1278996"}],"version-history":[{"count":0,"href":"https:\/\/www.europesays.com\/de\/wp-json\/wp\/v2\/posts\/1278996\/revisions"}],"wp:featuredmedia":[{"embeddable":true,"href":"https:\/\/www.europesays.com\/de\/wp-json\/wp\/v2\/media\/1278997"}],"wp:attachment":[{"href":"https:\/\/www.europesays.com\/de\/wp-json\/wp\/v2\/media?parent=1278996"}],"wp:term":[{"taxonomy":"category","embeddable":true,"href":"https:\/\/www.europesays.com\/de\/wp-json\/wp\/v2\/categories?post=1278996"},{"taxonomy":"post_tag","embeddable":true,"href":"https:\/\/www.europesays.com\/de\/wp-json\/wp\/v2\/tags?post=1278996"}],"curies":[{"name":"wp","href":"https:\/\/api.w.org\/{rel}","templated":true}]}}