{"id":1279008,"date":"2026-09-04T00:02:34","date_gmt":"2026-09-04T00:02:34","guid":{"rendered":"https:\/\/www.europesays.com\/de\/1279008\/"},"modified":"2026-09-04T00:02:34","modified_gmt":"2026-09-04T00:02:34","slug":"braunschweig-nordzucker-startet-in-die-ruebenkampagne","status":"publish","type":"post","link":"https:\/\/www.europesays.com\/de\/1279008\/","title":{"rendered":"Braunschweig: Nordzucker startet in die R\u00fcbenkampagne"},"content":{"rendered":"<p>        <img decoding=\"async\" src=\"https:\/\/www.europesays.com\/de\/wp-content\/uploads\/2026\/09\/nordzucker342.webp\" alt=\"Der Schriftzug &quot;Nordzucker&quot; und das Nordzucker-Logo sind an einer Wand des Unternehmenssitzes der Nordzucker AG angebracht.\" title=\"Der Schriftzug &quot;Nordzucker&quot; und das Nordzucker-Logo sind an einer Wand des Unternehmenssitzes der Nordzucker AG angebracht. | picture alliance\/dpa, Ole Spata\" class=\"responsive\"\/><\/p>\n<p>\n                Stand: 03.09.2026 15:48 Uhr<\/p>\n<p class=\"preface\">Zuckerproduzent Nordzucker aus Braunschweig startet in dieser Woche mit der Verarbeitung der Zuckerr\u00fcben. Die Aussichten sind allerdings getr\u00fcbt.<\/p>\n<p class=\"\">Die R\u00fcbenbest\u00e4nde haben sich in den meisten Anbauregionen aufgrund der Witterung bisher nicht optimal entwickelt, wie Nordzucker mitteilte. &#8222;Allerdings bleiben f\u00fcr das weitere Wachstum der R\u00fcben sowie die Entwicklung des Zuckergehalts bis zur Ernte die Witterungsbedingungen in den kommenden Wochen entscheidend&#8220;, sagte Vorstandschef Lars Gorissen. Am Donnerstag sind die ersten R\u00fcbentransporter auf dem Hof des Nordzucker-Werks in Schladen (Landkreis Wolfenb\u00fcttel) abgeladen worden. Wie in den vergangenen Jahren werden hier zun\u00e4chst Bio-R\u00fcben verarbeitet.<\/p>\n<p>    Werke sind gut vorbereitet<\/p>\n<p class=\"\">In den Werken Clauen (Landkreis Peine), Nordstemmen (Landkreis Hildesheim) und Uelzen startet den Angaben nach am 14. und 15. September die Zuckerproduktion. Die Kampagne dauere voraussichtlich bis Januar 2027. Der Konzern habe zur diesj\u00e4hrigen Kampagne zahlreiche Anlagen modernisiert, hei\u00dft es. Das Werk in Schladen nimmt eine neue Verarbeitungsanlage in Betrieb. Die ben\u00f6tige weniger Energie und mache die Produktion effizienter, so das Unternehmen.<\/p>\n<p>        <img decoding=\"async\" src=\"https:\/\/www.europesays.com\/de\/wp-content\/uploads\/2026\/09\/sendungsbild121346.webp\" alt=\"Ein R\u00fcbenreinigungslader, auch &quot;R\u00fcbenmaus&quot; genannt\" title=\"Ein R\u00fcbenreinigungslader, auch &quot;R\u00fcbenmaus&quot; genannt | NDR\/Benjamin Cordes\" class=\"responsive\" loading=\"lazy\"\/><\/p>\n<p>Ab September startet die &#8222;R\u00fcbenkampagne&#8220;. Alle an der Zuckerr\u00fcbenernte und -verarbeitung Beteiligten stehen dann unter Strom.<\/p>\n<p>    Pflanzenkrankheiten im Blick<\/p>\n<p class=\"\">Neben den Wetterbedingungen bereitet den R\u00fcbenanbauern auch die Ausbreitung der Schilf-Glasfl\u00fcgelzikade Sorgen: Diese verbreitet laut Nordzucker R\u00fcbenkrankheiten, die den Zuckergehalt und die Verarbeitung der R\u00fcben beeintr\u00e4chtigen und die Zuckerausbeute verringern k\u00f6nnen. Das Unternehmen beobachtet die Entwicklung nach eigenen Angaben kontinuierlich und nutzt umfangreiche Monitoring-Systeme, um die Situation in den Anbauregionen zu bewerten.<\/p>\n<p>    Niedrige Zuckerpreise dr\u00fccken die Gewinnerwartungen<\/p>\n<p class=\"\">Der Start der Kampagne 2026\/27 erfolgt laut Nordzucker in einer weiter &#8222;anspruchsvollen Marktphase&#8220;. Die Zuckerbest\u00e4nde in der Europ\u00e4ischen Union und auf dem Weltmarkt seien hoch, die Zuckerpreise gleichzeitig niedrig, so das Unternehmen. Hinzu komme die aktuell in Deutschland <a href=\"https:\/\/www.ndr.de\/nachrichten\/niedersachsen\/landtag\/debatte-ueber-zuckersteuer-im-landtag-klares-ja-von-gruenen,zuckersteuer-144.html\" title=\"Debatte \u00fcber Zuckersteuer im Landtag: Klares &quot;Ja&quot; von den Gr\u00fcnen\" rel=\"nofollow noopener\" target=\"_blank\">geplante Steuer<\/a> auf zuckerhaltige Softgetr\u00e4nke, die viele Unsicherheiten und erhebliche wirtschaftliche Folgen f\u00fcr die Branche, die Landwirtschaft und zahlreiche Arbeitspl\u00e4tze in l\u00e4ndlichen Regionen mit sich bringen k\u00f6nnte, hei\u00dft es. Im vergangenen Jahr hatte Nordzucker trotz guter Ernte <a href=\"https:\/\/www.ndr.de\/nachrichten\/niedersachsen\/braunschweig_harz_goettingen\/ernte-war-zu-gut-nordzucker-rutscht-tief-in-rote-zahlen,aktuellbraunschweig-2842.html\" title=\"Ernte zu gut ausgefallen: Nordzucker rutscht tief in rote Zahlen\" rel=\"nofollow noopener\" target=\"_blank\">rote Zahlen<\/a> geschrieben.<\/p>\n<p>        <img decoding=\"async\" src=\"https:\/\/www.europesays.com\/de\/wp-content\/uploads\/2026\/09\/elkw-102.webp\" alt=\"Zuckerr\u00fcbenernte bei Nordzucker trotz fallender Weltmarktpreise.\" title=\"Zuckerr\u00fcbenernte bei Nordzucker trotz fallender Weltmarktpreise. | NDR, Dominik Semrau\" class=\"responsive\" loading=\"lazy\"\/><\/p>\n<p>Der Braunschweiger Konzern leidet massiv unter einem \u00dcberangebot. Nun werden die Anbaufl\u00e4chen f\u00fcr Zuckerr\u00fcben reduziert.<\/p>\n<p>        <img decoding=\"async\" src=\"https:\/\/www.europesays.com\/de\/wp-content\/uploads\/2026\/09\/screenshot-157366.webp\" alt=\"Softdrinks in einem Supermarkt\" title=\"Softdrinks in einem Supermarkt | Screenshot\" class=\"responsive\" loading=\"lazy\"\/><\/p>\n<p>Die SPD w\u00fcrde bei einer Abgabe mitgehen. Die AfD nicht. Die CDU setzt auf Bildung und Verbraucherkompetenz. <\/p>\n<p>        <img decoding=\"async\" src=\"https:\/\/www.europesays.com\/de\/wp-content\/uploads\/2026\/09\/screenshot-71334.webp\" alt=\"NDR-Reporter Mathias Zimmermann interviewt Olive Pei\u00df, Leiterin des R\u00fcbenb\u00fcros\" title=\"NDR-Reporter Mathias Zimmermann interviewt Olive Pei\u00df, Leiterin des R\u00fcbenb\u00fcros | Screenshot\" class=\"responsive\" loading=\"lazy\"\/><\/p>\n<p>Bis zu 500 Lkw liefern t\u00e4glich R\u00fcben im Zuckerwerk Schladen an. Reporter Matthias Zimmermann berichtet.<\/p>\n","protected":false},"excerpt":{"rendered":"Stand: 03.09.2026 15:48 Uhr Zuckerproduzent Nordzucker aus Braunschweig startet in dieser Woche mit der Verarbeitung der Zuckerr\u00fcben. Die&hellip;\n","protected":false},"author":2,"featured_media":1279009,"comment_status":"","ping_status":"","sticky":false,"template":"","format":"standard","meta":{"footnotes":"","_share_on_mastodon":"0"},"categories":[1850],"tags":[590,6429,263865,3364,29,21647,548,663,3934,30,13,36005,4615,14,15,1411,156543,52637,263864,203789,12,2230,23055],"class_list":["post-1279008","post","type-post","status-publish","format-standard","has-post-thumbnail","category-braunschweig","tag-aktuell","tag-braunschweig","tag-clauen","tag-de","tag-deutschland","tag-ernte","tag-eu","tag-europa","tag-europe","tag-germany","tag-headlines","tag-kampagne","tag-landwirtschaft","tag-nachrichten","tag-news","tag-niedersachsen","tag-nordstemmen","tag-nordzucker","tag-rueben","tag-schladen","tag-schlagzeilen","tag-uelzen","tag-zucker"],"share_on_mastodon":{"url":"https:\/\/pubeurope.com\/@de\/117209845307112142","error":""},"_links":{"self":[{"href":"https:\/\/www.europesays.com\/de\/wp-json\/wp\/v2\/posts\/1279008","targetHints":{"allow":["GET"]}}],"collection":[{"href":"https:\/\/www.europesays.com\/de\/wp-json\/wp\/v2\/posts"}],"about":[{"href":"https:\/\/www.europesays.com\/de\/wp-json\/wp\/v2\/types\/post"}],"author":[{"embeddable":true,"href":"https:\/\/www.europesays.com\/de\/wp-json\/wp\/v2\/users\/2"}],"replies":[{"embeddable":true,"href":"https:\/\/www.europesays.com\/de\/wp-json\/wp\/v2\/comments?post=1279008"}],"version-history":[{"count":0,"href":"https:\/\/www.europesays.com\/de\/wp-json\/wp\/v2\/posts\/1279008\/revisions"}],"wp:featuredmedia":[{"embeddable":true,"href":"https:\/\/www.europesays.com\/de\/wp-json\/wp\/v2\/media\/1279009"}],"wp:attachment":[{"href":"https:\/\/www.europesays.com\/de\/wp-json\/wp\/v2\/media?parent=1279008"}],"wp:term":[{"taxonomy":"category","embeddable":true,"href":"https:\/\/www.europesays.com\/de\/wp-json\/wp\/v2\/categories?post=1279008"},{"taxonomy":"post_tag","embeddable":true,"href":"https:\/\/www.europesays.com\/de\/wp-json\/wp\/v2\/tags?post=1279008"}],"curies":[{"name":"wp","href":"https:\/\/api.w.org\/{rel}","templated":true}]}}