{"id":1279010,"date":"2026-09-04T00:04:15","date_gmt":"2026-09-04T00:04:15","guid":{"rendered":"https:\/\/www.europesays.com\/de\/1279010\/"},"modified":"2026-09-04T00:04:15","modified_gmt":"2026-09-04T00:04:15","slug":"warntag-sirenenprobe-im-kreis-viersen-laeuft-in-drei-phasen","status":"publish","type":"post","link":"https:\/\/www.europesays.com\/de\/1279010\/","title":{"rendered":"Warntag: Sirenenprobe im Kreis Viersen l\u00e4uft in drei Phasen"},"content":{"rendered":"<p class=\"text_ohne_einzug richtext text-em-55 !leading-serif mx-6 desktop:mx-0\">  Bald heulen auch im Kreis <a href=\"https:\/\/rp-online.de\/thema\/viersen\/\" rel=\"nofollow noopener\" target=\"_blank\">Viersen<\/a> wieder die Sirenen \u2013 doch eine Gefahr f\u00fcr die Bev\u00f6lkerung besteht nicht, wenn am Donnerstag, 10. September, der bundesweite Warntag stattfindet. Darauf macht der Kreis Viersen in einer Pressemitteilung aufmerksam.<\/p>\n<p class=\"richtext text-em-55 !leading-serif mx-6 desktop:mx-0\">Ab 11 Uhr werden am 10. September auch im Kreis Viersen die vorhandenen Sirenen ausgel\u00f6st. \u201eDer Sirenenprobealarm dient dazu, die Sireneninfrastruktur zu \u00fcberpr\u00fcfen und gleichzeitig das Bewusstsein der Bev\u00f6lkerung f\u00fcr die unterschiedlichen Sirenensignale zu st\u00e4rken\u201c, so der Kreis Viersen.<\/p>\n<p class=\"richtext text-em-55 !leading-serif mx-6 desktop:mx-0\">Der Probealarm beginnt am Warntag um 11 Uhr mit einem einmin\u00fctigen Dauerton. \u201eDieser steht im Ernstfall f\u00fcr Entwarnung und weist beim Warntag darauf hin, dass nun eine Sirenenprobe durchgef\u00fchrt wird\u201c, informiert der Kreis Viersen. Anschlie\u00dfend folge eine f\u00fcnfmin\u00fctige Pause.<\/p>\n<p class=\"richtext text-em-55 !leading-serif mx-6 desktop:mx-0\">Um 11.06 Uhr ert\u00f6nt dann ein einmin\u00fctiger, z\u00fcgig auf- und abschwellender Heulton. \u201eDabei handelt es sich um das Warnsignal ,Warnung der Bev\u00f6lkerung\u2019. Im Ernstfall bedeutet dies: Ruhe bewahren, Fenster und T\u00fcren schlie\u00dfen, Schutz suchen, Radio einschalten und auf weitere Informationen warten\u201c, hei\u00dft es in der Mitteilung des Kreises weiter.<\/p>\n<p class=\"richtext text-em-55 !leading-serif mx-6 desktop:mx-0\">Nach einer weiteren f\u00fcnfmin\u00fctigen Pause folgt dann um 11.12 Uhr erneut ein einmin\u00fctiger Dauerton. \u201eDieser signalisiert die Entwarnung und damit den Abschluss des Sirenentests\u201c, so der Kreis Viersen.<\/p>\n<p class=\"richtext text-em-55 !leading-serif mx-6 desktop:mx-0\">Erg\u00e4nzend zum Sirenenprobealarm werden die Warn-Apps \u201eNina\u201c (Notfall-Informations- und Nachrichten-App des Bundes), \u201eBiwapp\u201c und \u201eKatwarn\u201c am Donnerstag, 10. September, per Push-Benachrichtigung \u00fcber den Probealarm informieren. Auch der Mobilfunkdienst <a href=\"https:\/\/rp-online.de\/thema\/cell-broadcast\/\" rel=\"nofollow noopener\" target=\"_blank\">Cell Broadcast<\/a> wird Warnnachrichten direkt auf die Smartphones versenden. \u201eGegen 11.45 Uhr erfolgt eine Entwarnung \u00fcber die Warnmittel und Endger\u00e4te, \u00fcber die zuvor die Warnung versendet wurde\u201c, so der Kreis Viersen abschlie\u00dfend.<\/p>\n","protected":false},"excerpt":{"rendered":"Bald heulen auch im Kreis Viersen wieder die Sirenen \u2013 doch eine Gefahr f\u00fcr die Bev\u00f6lkerung besteht nicht,&hellip;\n","protected":false},"author":2,"featured_media":1279011,"comment_status":"","ping_status":"","sticky":false,"template":"","format":"standard","meta":{"footnotes":"","_share_on_mastodon":"0"},"categories":[1849],"tags":[127497,127498,263869,263868,14125,263866,3364,29,9908,548,663,3934,30,13,64990,7739,4455,14,15,1209,77559,12,37779,263872,263871,107648,263867,109435,263870,9717,18183,42676,107646,23290],"class_list":["post-1279010","post","type-post","status-publish","format-standard","has-post-thumbnail","category-moenchengladbach","tag-252dkreis","tag-252dviersen","tag-252fsirenen","tag-2fsirenen","tag-bevoelkerung","tag-biwapp","tag-de","tag-deutschland","tag-entwarnung","tag-eu","tag-europa","tag-europe","tag-germany","tag-headlines","tag-katwarn","tag-kreis","tag-moenchengladbach","tag-nachrichten","tag-news","tag-nordrhein-westfalen","tag-probealarm","tag-schlagzeilen","tag-sirenen","tag-sirenenalarmierung","tag-sireneninfrastruktur","tag-sirenenprobe","tag-sirenenprobealarm","tag-sirenensignale","tag-sirenentests","tag-uhr","tag-viersen","tag-warn","tag-warntag","tag-warnung"],"share_on_mastodon":{"url":"https:\/\/pubeurope.com\/@de\/117209849323444362","error":""},"_links":{"self":[{"href":"https:\/\/www.europesays.com\/de\/wp-json\/wp\/v2\/posts\/1279010","targetHints":{"allow":["GET"]}}],"collection":[{"href":"https:\/\/www.europesays.com\/de\/wp-json\/wp\/v2\/posts"}],"about":[{"href":"https:\/\/www.europesays.com\/de\/wp-json\/wp\/v2\/types\/post"}],"author":[{"embeddable":true,"href":"https:\/\/www.europesays.com\/de\/wp-json\/wp\/v2\/users\/2"}],"replies":[{"embeddable":true,"href":"https:\/\/www.europesays.com\/de\/wp-json\/wp\/v2\/comments?post=1279010"}],"version-history":[{"count":0,"href":"https:\/\/www.europesays.com\/de\/wp-json\/wp\/v2\/posts\/1279010\/revisions"}],"wp:featuredmedia":[{"embeddable":true,"href":"https:\/\/www.europesays.com\/de\/wp-json\/wp\/v2\/media\/1279011"}],"wp:attachment":[{"href":"https:\/\/www.europesays.com\/de\/wp-json\/wp\/v2\/media?parent=1279010"}],"wp:term":[{"taxonomy":"category","embeddable":true,"href":"https:\/\/www.europesays.com\/de\/wp-json\/wp\/v2\/categories?post=1279010"},{"taxonomy":"post_tag","embeddable":true,"href":"https:\/\/www.europesays.com\/de\/wp-json\/wp\/v2\/tags?post=1279010"}],"curies":[{"name":"wp","href":"https:\/\/api.w.org\/{rel}","templated":true}]}}