{"id":1279032,"date":"2026-09-04T00:20:27","date_gmt":"2026-09-04T00:20:27","guid":{"rendered":"https:\/\/www.europesays.com\/de\/1279032\/"},"modified":"2026-09-04T00:20:27","modified_gmt":"2026-09-04T00:20:27","slug":"carolina-wilga-outback-ueberlebende-aus-castrop-rauxel-im-interview","status":"publish","type":"post","link":"https:\/\/www.europesays.com\/de\/1279032\/","title":{"rendered":"Carolina Wilga: Outback-\u00dcberlebende aus Castrop-Rauxel im Interview"},"content":{"rendered":"<p>\t\t\u201eIhr macht mich nicht platt\u201c<br \/>\n\t\t\t\t\tCarolina Wilga (27) \u00fcber ihren \u00dcberlebenskampf im Outback<\/p>\n<p>\t\t<img alt=\"\" src=\"https:\/\/www.europesays.com\/de\/wp-content\/uploads\/2026\/05\/0036-1311018.High_.jpg\"  class=\"avatar avatar-36 photo avatar-default\" height=\"36\" width=\"36\" loading=\"eager\" decoding=\"async\"\/>\t\t<a class=\"article-author__name\" href=\"https:\/\/www.ruhrnachrichten.de\/author\/johannes-wenzel\/\" rel=\"author nofollow noopener\" target=\"_blank\">Johannes Wenzel<\/a><br \/>\n\t\tRedakteur<\/p>\n<p>    <a href=\"https:\/\/www.ruhrnachrichten.de\/wp-content\/uploads\/2026\/09\/03\/15\/630_0900_6788236_-1648x824.jpg\" rel=\"nofollow noopener\" target=\"_blank\"><\/p>\n<p>            <img decoding=\"async\" fetchpriority=\"high\" src=\"https:\/\/www.europesays.com\/de\/wp-content\/uploads\/2026\/09\/630_0900_6788232_-640x428.jpg\" width=\"640\" height=\"428\"  alt=\"Carolina Wilga besuchte unsere Redaktion in Castrop-Rauxel am 1. September 2026, unmittelbar vor der ersten \u00f6ffentlichen Lesung ihres Buches \u201eDem Outback entkommen\u201c.\"\/><\/p>\n<p>    <\/a><br \/>\n    Carolina Wilga besuchte unsere Redaktion in Castrop-Rauxel am 1. September 2026, unmittelbar vor der ersten \u00f6ffentlichen Lesung ihres Buches \u201eDem Outback entkommen\u201c. \u00a9 Tewe Schefer<\/p>\n<p class=\"article__teaser-text\">Carolina Wilga hat zw\u00f6lf Tage im Outback \u00fcberlebt. Im Interview spricht die 27-J\u00e4hrige \u00fcber ihren Unfall, wie sie sich verirrte und ihr neues Buch.<\/p>\n<p>6 Min Lesezeit<\/p>\n<p>Carolina, du hast uns vergangenes Jahr ordentlich auf Trab gehalten. Medien auf der ganzen Welt haben \u00fcber die Suche nach dir berichtet.Nach deiner Rettung war das australische Fernsehen in Castrop-Rauxel \u2013 das passiert auch nicht alle Tage. Deine Eltern haben irgendwann ein Schild an ihre Haust\u00fcr geh\u00e4ngt, dass sie mit niemandem sprechen wollen.Hast du deshalb so lange gewartet, bis du dich \u00f6ffentlich \u00e4u\u00dferst?Wann hast du beschlossen, \u00fcber deine Geschichte ein Buch zu schreiben?Wie verlief dann die Arbeit an dem Buch?Ihr habt euch die B\u00e4lle also gegenseitig zu gespielt.In dieser Zeit warst du wieder raus aus Deutschland, oder?In deinem Buch schreibst du, dass dir damals, als du mit dem Van vom Weg abgekommen bist, ein anderes Auto entgegenkam. Was ist genau passiert?Und dann bist du ausgewichen und im Geb\u00fcsch gelandet?Der Fahrer hat weder angehalten noch jemanden verst\u00e4ndigt? Man sollte ja eigentlich mitbekommen, wenn ein entgegenkommendes Auto von der Stra\u00dfe donnert.Gibt es im Outback denn so viele Seitenstra\u00dfen, in die man abbiegen kann?Nach dem Unfall begann wahrscheinlich die gr\u00f6\u00dfte Tunnel-Phase, oder?Dann hast du den Van verlassen?In so einer Lage ist das in Kombination mit einer Gehirnersch\u00fctterung vermutlich schwer.Bist du in der Zeit irgendwelchen Tieren begegnet? Im Outback rennen ja eigentlich auch Dingos herum.Stephen King hat mal gesagt, H\u00f6lle ist ewige Wiederholung. Muss man sich so dieses Gef\u00fchl vorstellen, wenn jeder Baum und jedes Gestr\u00fcpp gleich aussehen?Ich habe einen Lieblingsmoment in deinem Buch: Du schreibst, dass du irgendwann beide Mittelfinger in Richtung Himmel gestreckt hast. Was war da los?So frei nach dem Motto: \u201eLeck mich, Welt, ich bin noch nicht fertig mit dir?\u201cEtwas sp\u00e4ter hast du dann die Spuren einer Kuhherde entdeckt, denen du gefolgt bist. Kurz darauf hat die Farmerin Tania Henley dich gefunden. Hattest du seitdem nochmal Kontakt zu deiner Retterin?Du erw\u00e4hnst im Buch h\u00e4ufig deine Eltern. Hat sich euer Verh\u00e4ltnis seitdem ver\u00e4ndert?Man sagt ja immer, dass das Verh\u00e4ltnis zu den Eltern besser wird, wenn man mehr Distanz zueinander hat. Du hast es vielleicht ein bisschen auf die Spitze getrieben mit der Nummer.<\/p>\n","protected":false},"excerpt":{"rendered":"\u201eIhr macht mich nicht platt\u201c Carolina Wilga (27) \u00fcber ihren \u00dcberlebenskampf im Outback Johannes Wenzel Redakteur Carolina Wilga&hellip;\n","protected":false},"author":2,"featured_media":1279033,"comment_status":"","ping_status":"","sticky":false,"template":"","format":"standard","meta":{"footnotes":"","_share_on_mastodon":"0"},"categories":[1839],"tags":[7507,3364,29,30,2134,1209,8299],"class_list":["post-1279032","post","type-post","status-publish","format-standard","has-post-thumbnail","category-bochum","tag-bochum","tag-de","tag-deutschland","tag-germany","tag-interview","tag-nordrhein-westfalen","tag-prominent"],"share_on_mastodon":{"url":"https:\/\/pubeurope.com\/@de\/117209914649501889","error":""},"_links":{"self":[{"href":"https:\/\/www.europesays.com\/de\/wp-json\/wp\/v2\/posts\/1279032","targetHints":{"allow":["GET"]}}],"collection":[{"href":"https:\/\/www.europesays.com\/de\/wp-json\/wp\/v2\/posts"}],"about":[{"href":"https:\/\/www.europesays.com\/de\/wp-json\/wp\/v2\/types\/post"}],"author":[{"embeddable":true,"href":"https:\/\/www.europesays.com\/de\/wp-json\/wp\/v2\/users\/2"}],"replies":[{"embeddable":true,"href":"https:\/\/www.europesays.com\/de\/wp-json\/wp\/v2\/comments?post=1279032"}],"version-history":[{"count":0,"href":"https:\/\/www.europesays.com\/de\/wp-json\/wp\/v2\/posts\/1279032\/revisions"}],"wp:featuredmedia":[{"embeddable":true,"href":"https:\/\/www.europesays.com\/de\/wp-json\/wp\/v2\/media\/1279033"}],"wp:attachment":[{"href":"https:\/\/www.europesays.com\/de\/wp-json\/wp\/v2\/media?parent=1279032"}],"wp:term":[{"taxonomy":"category","embeddable":true,"href":"https:\/\/www.europesays.com\/de\/wp-json\/wp\/v2\/categories?post=1279032"},{"taxonomy":"post_tag","embeddable":true,"href":"https:\/\/www.europesays.com\/de\/wp-json\/wp\/v2\/tags?post=1279032"}],"curies":[{"name":"wp","href":"https:\/\/api.w.org\/{rel}","templated":true}]}}