{"id":1279061,"date":"2026-09-04T00:42:35","date_gmt":"2026-09-04T00:42:35","guid":{"rendered":"https:\/\/www.europesays.com\/de\/1279061\/"},"modified":"2026-09-04T00:42:35","modified_gmt":"2026-09-04T00:42:35","slug":"3-liga-msv-duisburg-in-regensburg-ohne-florian-krueger","status":"publish","type":"post","link":"https:\/\/www.europesays.com\/de\/1279061\/","title":{"rendered":"3. Liga: MSV Duisburg in Regensburg ohne Florian Kr\u00fcger"},"content":{"rendered":"<p class=\"text_ohne_einzug richtext text-em-55 !leading-serif mx-6 desktop:mx-0\">Die Woche begann f\u00fcr den MSV-Coach Dietmar Hirsch mit angenehmen Nachrichten. In der zweiten Runde des Niederrheinpokals bekamen die Zebras n\u00e4mlich den Bezirksligisten Rheydter SV zugelost. \u201eIch freue mich dar\u00fcber sehr\u201c, sagt der Trainer. \u201eIch habe gro\u00dfen famili\u00e4ren Bezug. Ich komme ja selbst aus Viersen, meine Frau direkt aus M\u00f6nchengladbach. Da werden auch Freunde zum Spiel kommen.\u201c Die Partie ist f\u00fcr den 23. September angesetzt, das kann sich aus organisatorischen Gr\u00fcnden aber noch ver\u00e4ndern.<\/p>\n<p class=\"text_ohne_einzug richtext text-em-55 !leading-serif mx-6 desktop:mx-0\">Ohnehin steht bis dahin noch einiges an. Zum Beispiel das Ausw\u00e4rtsspiel beim SSV Jahn <a href=\"https:\/\/rp-online.de\/thema\/regensburg\/\" rel=\"nofollow noopener\" target=\"_blank\">Regensburg<\/a> am kommenden Samstag. Im Vergleich zu den perfekt gestarteten Zebras gibt es bei den Bayern noch Luft nach oben. Drei Punkte nach drei Spielen stehen auf der Haben-Seite. Am vergangenen Wochenende unterlag das Team von Trainer Sascha Hildmann mit 1:5. \u201eEs ist ein bisschen schwierig. Wenn eine Mannschaft hoch verloren hat, wei\u00df man nie, was auf einen zukommt\u201c, sagt Hirsch. \u201eIch glaube nicht, dass sie nach drei Spielen alles was sie bisher eintrainiert haben, \u00fcber den Haufen werfen. Es ist eine Mannschaft, die das Spielerische bevorzugt und darauf bereiten wir uns vor.\u201c<\/p>\n<p>Kr\u00fcger verletzt sich im Training      <\/p>\n<p class=\"text_ohne_einzug richtext text-em-55 !leading-serif mx-6 desktop:mx-0\">F\u00fcr die Zebras gilt es, die eigene Serie von drei Siegen weiter auszubauen. \u201eWir sind sehr selbstbewusst\u201c, wei\u00df Hirsch. \u201eIm Moment treten wir sehr sicher auf, das darf aber nie zu \u00dcberheblichkeit, Arroganz oder Nachl\u00e4ssigkeit f\u00fchren. Wir m\u00fcssen unsere Qualit\u00e4t auf den Platz bringen.\u201c Verzichten muss Hirsch dabei allerdings auf <a href=\"https:\/\/rp-online.de\/thema\/florian-krueger\/\" rel=\"nofollow noopener\" target=\"_blank\">Florian Kr\u00fcger<\/a>. Der Angreifer hatte sich am Mittwoch im Training verletzt. \u201eZum Gl\u00fcck ist nichts gebrochen\u201c, berichtet Hirsch. \u201eEs ist etwas an den B\u00e4ndern oder eine muskul\u00e4re Verletzung. Er kann den Arm nicht beugen. Wir gucken nun von Woche zu Woche. Realistisch ist er in zwei Wochen wieder dabei.\u201c Dennis Borkowski trainiert weiterhin individuell, Frederik Christensen hat hingegen weite Teile des Mannschaftstrainings absolviert. Ein Kaderkandidat ist er aber noch nicht.<\/p>\n<p class=\"text_ohne_einzug richtext text-em-55 !leading-serif mx-6 desktop:mx-0\">Der nun freigewordene Platz wird daher an Schalke-Leihgabe Peter Remmert gehen, der laut Hirsch in den vergangenen Wochen auch gut trainiert habe: \u201eEr hat sich bemerkenswert verbessert und war im individuellen Training flei\u00dfig. Wenn wir ihn reinbringen, wird er seine Leistung bringen. Er ist jetzt pr\u00e4senter und mutiger. Jeder, der da ist, kann von Anfang an spielen und das ist bei Peter genauso.\u201c<\/p>\n<p>Bulic neuer Kapit\u00e4n, Zahmel findet keinen neuen Klub      <\/p>\n<p class=\"text_ohne_einzug richtext text-em-55 !leading-serif mx-6 desktop:mx-0\">Nicht mehr da sind bekanntlich zwei Spieler: Andy Visser ist zu Top Oss in die zweite niederl\u00e4ndische Liga gewechselt, Alexander Hahn hat den Klub zum <a href=\"https:\/\/rp-online.de\/thema\/1-fc-bocholt\/\" rel=\"nofollow noopener\" target=\"_blank\">1. FC Bocholt<\/a> verlassen. Sein Nachfolger als neuer Kapit\u00e4n ist nun Rasim Bulic. Stellvertreter sind Can Coskun und der aus dem Mannschaftsrat aufger\u00fcckte Joshua Bitter. Dessen freien Platz im Teamgremium hat nun Tobias Fleckstein \u00fcbernommen. Jannik Zahmel hat derweil keinen neuen Verein gefunden und wird bis mindestens Januar bei den Zebras bleiben. Ob ein Spieler noch hinzukommt, ist unklar: \u201eWir haben aktuell einen guten Kader. Nicht der \u00fcppigste, aber trotzdem ausreichend qualitativ\u201c, sagt Hirsch. \u201eWir gehen mit dem Kader, den wir haben, in die n\u00e4chsten Spiele und beobachten trotzdem den Markt. Wir werden keinen holen, um quantitativ aufzuf\u00fcllen. Es muss Sinn ergeben, aber wir haben auch keinen Druck.\u201c<\/p>\n","protected":false},"excerpt":{"rendered":"Die Woche begann f\u00fcr den MSV-Coach Dietmar Hirsch mit angenehmen Nachrichten. In der zweiten Runde des Niederrheinpokals bekamen&hellip;\n","protected":false},"author":2,"featured_media":1279062,"comment_status":"","ping_status":"","sticky":false,"template":"","format":"standard","meta":{"footnotes":"","_share_on_mastodon":"0"},"categories":[1838],"tags":[222972,3364,29,25160,3715,30,21300,263889,9392,53015,263890,9435,1209,3767,18183,263888,36248],"class_list":["post-1279061","post","type-post","status-publish","format-standard","has-post-thumbnail","category-duisburg","tag-bulic","tag-de","tag-deutschland","tag-dietmar-hirsch","tag-duisburg","tag-germany","tag-kader","tag-kaderkandidat","tag-klub","tag-kruger","tag-mannschaftstrainings","tag-msv","tag-nordrhein-westfalen","tag-training","tag-viersen","tag-zahmel","tag-zebras"],"share_on_mastodon":{"url":"","error":""},"_links":{"self":[{"href":"https:\/\/www.europesays.com\/de\/wp-json\/wp\/v2\/posts\/1279061","targetHints":{"allow":["GET"]}}],"collection":[{"href":"https:\/\/www.europesays.com\/de\/wp-json\/wp\/v2\/posts"}],"about":[{"href":"https:\/\/www.europesays.com\/de\/wp-json\/wp\/v2\/types\/post"}],"author":[{"embeddable":true,"href":"https:\/\/www.europesays.com\/de\/wp-json\/wp\/v2\/users\/2"}],"replies":[{"embeddable":true,"href":"https:\/\/www.europesays.com\/de\/wp-json\/wp\/v2\/comments?post=1279061"}],"version-history":[{"count":0,"href":"https:\/\/www.europesays.com\/de\/wp-json\/wp\/v2\/posts\/1279061\/revisions"}],"wp:featuredmedia":[{"embeddable":true,"href":"https:\/\/www.europesays.com\/de\/wp-json\/wp\/v2\/media\/1279062"}],"wp:attachment":[{"href":"https:\/\/www.europesays.com\/de\/wp-json\/wp\/v2\/media?parent=1279061"}],"wp:term":[{"taxonomy":"category","embeddable":true,"href":"https:\/\/www.europesays.com\/de\/wp-json\/wp\/v2\/categories?post=1279061"},{"taxonomy":"post_tag","embeddable":true,"href":"https:\/\/www.europesays.com\/de\/wp-json\/wp\/v2\/tags?post=1279061"}],"curies":[{"name":"wp","href":"https:\/\/api.w.org\/{rel}","templated":true}]}}