{"id":1279068,"date":"2026-09-04T00:49:20","date_gmt":"2026-09-04T00:49:20","guid":{"rendered":"https:\/\/www.europesays.com\/de\/1279068\/"},"modified":"2026-09-04T00:49:20","modified_gmt":"2026-09-04T00:49:20","slug":"pol-h-oeffentlichkeitsfahndung-46-jaehrige-aus-wunstorf-vermisst-wer-kann-hinweise","status":"publish","type":"post","link":"https:\/\/www.europesays.com\/de\/1279068\/","title":{"rendered":"POL-H: \u00d6ffentlichkeitsfahndung: 46-J\u00e4hrige aus Wunstorf vermisst &#8211; Wer kann Hinweise &#8230;"},"content":{"rendered":"<p class=\"date\">04.09.2026 \u2013 02:02<\/p>\n<p class=\"customer\">\n                        <a class=\"story-customer\" title=\"weiter zum newsroom von Polizeidirektion Hannover\" href=\"https:\/\/www.presseportal.de\/blaulicht\/nr\/66841\" rel=\"nofollow noopener\" target=\"_blank\">Polizeidirektion Hannover<\/a>\n                    <\/p>\n<p><a class=\"glightbox-pseudo event-trigger\" href=\"https:\/\/cache.pressmailing.net\/thumbnail\/story_hires\/c749e5bc-2ee8-4211-a922-7ac02111b562\/Bild2.jpg.jpg\" data-description=\"Die Vermisste aus Wunstorf\" data-category=\"medialightbox\" data-action=\"click\" data-label=\"single\" data-value=\"6a9a0aa6270000fd2cc82cf7\" rel=\"nofollow noopener\" target=\"_blank\"><img decoding=\"async\" height=\"540\" with=\"720\" src=\"https:\/\/www.europesays.com\/de\/wp-content\/uploads\/2026\/09\/pol-h-ffentlichkeitsfahndung-46-j-hrige-aus-wunstorf-vermisst-wer-kann-hinweise-geben.jpeg\"   alt=\"POL-H: \u00d6ffentlichkeitsfahndung: 46-J\u00e4hrige aus Wunstorf vermisst - Wer kann Hinweise geben?\" class=\"single\"\/><\/a><\/p>\n<p><a data-category=\"citylink-story-view\" data-action=\"click\" data-label=\"Citylink in Meldungsansicht\" class=\"story-city event-trigger\" href=\"https:\/\/www.presseportal.de\/regional\/Hannover\" title=\"News aus Hannover \" rel=\"nofollow noopener\" target=\"_blank\">Hannover<\/a> (ots)<\/p>\n<p>Die Polizei in Wunstorf sucht seit Donnerstag, 03.09.2026, nach einer vermissten Frau. Da alle bisherigen Ma\u00dfnahmen nicht zum Auffinden der 46-J\u00e4hrigen f\u00fchrten, hofft die Polizei nun auf Hinweise aus der Bev\u00f6lkerung, indem sie \u00f6ffentlich mit Hilfe von Fotos nach der Frau sucht. Eine m\u00f6gliche Eigengef\u00e4hrdung ist anzunehmen. Wer Hinweise auf den Verbleib der Vermissten geben kann, soll sich bei der Polizei melden.<\/p>\n<p>Nach bisherigen Erkenntnissen der Polizei in Wunstorf meldete sich am Donnerstagmorgen die Vorgesetzte der Vermissten bei der Polizei und gab an, dass die Frau seit Dienstag aus unbekannten Gr\u00fcnden nicht auf Arbeit erschienen sei, was ein ungew\u00f6hnliches Verhalten f\u00fcr sie w\u00e4re. Die Polizei leitete erste Ermittlungen ein und suchte aufgrund von vorliegenden Erkenntnissen im Stadtgebiet nach der Frau, auch ihr Wohnumfeld im Bereich der Gr\u00fcnen Stra\u00dfe im Ortsteil Gro\u00dfenheidorn wurde \u00fcberpr\u00fcft. Im Rahmen der Ermittlungen wurde ihr Fahrzeug, ein schwarzer Honda Jazz, an der Akazienstra\u00dfe im Ortsteil Luthe gefunden. Von der Frau fehlte aber jede Spur. Zuletzt blieb auch der Einsatz von Mantrailer-Hunden ohne Erfolg.<\/p>\n<p>Die vermisste Angela Beate G. ist circa 1,76 Meter gro\u00df und schlank. Zum Zeitpunkt ihres Verschwindens trug sie k\u00fcrzere blonde Haare. Mutma\u00dflich ist sie mit einem schwarzen Langarmshirt, einer schwarzen Weste mit orangefarbenem Innenfutter, einer blauen Jeans sowie mit Ankleboots bekleidet. Zudem f\u00fchrt sie m\u00f6glicherweise eine gro\u00dfe schwarze Handtasche mit Korbgeflecht bei sich.<\/p>\n<p>Zeugen, die Hinweise zum Aufenthaltsort der Vermissten geben k\u00f6nnen, werden gebeten, sich beim Polizeikommissariat in Wunstorf unter der Telefonnummer 05031 96940 oder unter Notruf 110 zu melden. \/ram<\/p>\n<p class=\"contact-headline\">R\u00fcckfragen bitte an:<\/p>\n<p class=\"contact-text\">Polizeidirektion Hannover<br \/>Michael Bertram<br \/>Telefon: 0511 109-1040<br \/>E-Mail: <a href=\"https:\/\/www.presseportal.de\/blaulicht\/pm\/66841\/mailto:pressestelle@pd-h.polizei.niedersachsen.de\" class=\"uri-mailto\" rel=\"nofollow noopener\" target=\"_blank\">pressestelle@pd-h.polizei.niedersachsen.de<\/a><br \/><a target=\"_blank\" class=\"uri-ext outbound\" rel=\"noopener nofollow\" href=\"https:\/\/www.pd-h.polizei-nds.de\">https:\/\/www.pd-h.polizei-nds.de<\/a><\/p>\n<p class=\"originator\">Original-Content von: Polizeidirektion Hannover, \u00fcbermittelt durch news aktuell<\/p>\n","protected":false},"excerpt":{"rendered":"04.09.2026 \u2013 02:02 Polizeidirektion Hannover Hannover (ots) Die Polizei in Wunstorf sucht seit Donnerstag, 03.09.2026, nach einer vermissten&hellip;\n","protected":false},"author":2,"featured_media":1279069,"comment_status":"","ping_status":"","sticky":false,"template":"","format":"standard","meta":{"footnotes":"","_share_on_mastodon":"0"},"categories":[1836],"tags":[3364,29,30,46,177,5404,1411,121,178,180,179,181],"class_list":["post-1279068","post","type-post","status-publish","format-standard","has-post-thumbnail","category-hannover","tag-de","tag-deutschland","tag-germany","tag-hannover","tag-kriminalitt","tag-ni","tag-niedersachsen","tag-polizei","tag-presse","tag-pressemeldung","tag-pressemitteilung","tag-pressemitteilungen"],"share_on_mastodon":{"url":"https:\/\/pubeurope.com\/@de\/117210026990384145","error":""},"_links":{"self":[{"href":"https:\/\/www.europesays.com\/de\/wp-json\/wp\/v2\/posts\/1279068","targetHints":{"allow":["GET"]}}],"collection":[{"href":"https:\/\/www.europesays.com\/de\/wp-json\/wp\/v2\/posts"}],"about":[{"href":"https:\/\/www.europesays.com\/de\/wp-json\/wp\/v2\/types\/post"}],"author":[{"embeddable":true,"href":"https:\/\/www.europesays.com\/de\/wp-json\/wp\/v2\/users\/2"}],"replies":[{"embeddable":true,"href":"https:\/\/www.europesays.com\/de\/wp-json\/wp\/v2\/comments?post=1279068"}],"version-history":[{"count":0,"href":"https:\/\/www.europesays.com\/de\/wp-json\/wp\/v2\/posts\/1279068\/revisions"}],"wp:featuredmedia":[{"embeddable":true,"href":"https:\/\/www.europesays.com\/de\/wp-json\/wp\/v2\/media\/1279069"}],"wp:attachment":[{"href":"https:\/\/www.europesays.com\/de\/wp-json\/wp\/v2\/media?parent=1279068"}],"wp:term":[{"taxonomy":"category","embeddable":true,"href":"https:\/\/www.europesays.com\/de\/wp-json\/wp\/v2\/categories?post=1279068"},{"taxonomy":"post_tag","embeddable":true,"href":"https:\/\/www.europesays.com\/de\/wp-json\/wp\/v2\/tags?post=1279068"}],"curies":[{"name":"wp","href":"https:\/\/api.w.org\/{rel}","templated":true}]}}