{"id":1279070,"date":"2026-09-04T00:50:29","date_gmt":"2026-09-04T00:50:29","guid":{"rendered":"https:\/\/www.europesays.com\/de\/1279070\/"},"modified":"2026-09-04T00:50:29","modified_gmt":"2026-09-04T00:50:29","slug":"moritzburg-beseitigt-adress-chaos-700-einwohner-bekommen-neue-anschriften","status":"publish","type":"post","link":"https:\/\/www.europesays.com\/de\/1279070\/","title":{"rendered":"Moritzburg beseitigt Adress-Chaos: 700 Einwohner bekommen neue Anschriften"},"content":{"rendered":"<p>        <img decoding=\"async\" src=\"https:\/\/www.europesays.com\/de\/wp-content\/uploads\/2026\/09\/strasssennamen-moritzburg-102.webp\" alt=\"Stra\u00dfenschild mit zwei verschiedenen Namen\" title=\"Stra\u00dfenschild mit zwei verschiedenen Namen | MDR\/Lukas St\u00f6ckel\" class=\"responsive\"\/><\/p>\n<p>AUDIO: Neue Adressen f\u00fcr mehr Sicherheit: Moritzburg beendet Namens-Doppelungen (3 Min)<\/p>\n<p class=\"topline\">Neue Adressen<\/p>\n<p>\n                Stand: 03.09.2026 17:37 Uhr<\/p>\n<p class=\"preface\">In Moritzburg gelten seit Mittwoch neue Adressen f\u00fcr rund 700 Einwohner. Hintergrund ist ein Problem, das die Gemeinde seit Jahren besch\u00e4ftigt: Insgesamt 16 Stra\u00dfennamen waren mehrfach vergeben.<\/p>\n<p class=\"textauthor\">von MDR SACHSEN<\/p>\n<p>        <img decoding=\"async\" src=\"https:\/\/www.europesays.com\/de\/wp-content\/uploads\/2026\/08\/1787969123_972_google-handy-100.webp\" alt=\"Ein Handy liegt auf einer Laptoptastatur. Das Display zeigt das Google Logo\" title=\"Ein Handy liegt auf einer Laptoptastatur. Das Display zeigt das Google Logo |  IMAGO \/ SOPA Images\" class=\"responsive\" loading=\"lazy\"\/><\/p>\n<p>Nachrichten personalisieren<\/p>\n<p class=\"\">In Moritzburg bei Dresden kam es in der Vergangenheit wegen<a href=\"https:\/\/www.mdr.de\/nachrichten\/sachsen\/dresden\/dresden-radebeul\/diskussion-moritzburg-strassennamen-entscheidung-anwohner-100.html\" title=\"Verwechslungsgefahr in Moritzburg: Gemeinde beschlie\u00dft umfassende Stra\u00dfenumbenennung\" rel=\"nofollow noopener\" target=\"_blank\"> doppelter Stra\u00dfennamen regelm\u00e4\u00dfig zu Verwechslungen<\/a> bei Paketzustellungen oder Handwerkerterminen. Nun wurden sechs Stra\u00dfen in Moritzburg, vier im Ortsteil Friedewald sowie jeweils zwei Stra\u00dfen in Auer, Boxdorf und Steinbach umbenannt. Teilweise \u00e4ndern sich auch die Hausnummern f\u00fcr etwa 700 Einwohner.<\/p>\n<p>                    <a href=\"https:\/\/www.europesays.com\/de\/wp-content\/uploads\/2026\/09\/strassennamen-moritzburg-104.webp\" class=\"zoomimage\" title=\"Bild vergr\u00f6\u00dfern\"><\/p>\n<p>        <img decoding=\"async\" src=\"https:\/\/www.europesays.com\/de\/wp-content\/uploads\/2026\/09\/strassennamen-moritzburg-104.webp\" alt=\"Silvia Mehlich, Ortsvorsteherin Moritzburg\" title=\"Auch Ortsvorsteherin Silvia Mehlich hatte in der Vergangenheit in ihrem Ferienhof immer wieder mit Verwechslungen der Stra\u00dfennamen zu k\u00e4mpfen. | MDR\/Lukas St\u00f6ckel\" class=\"responsive\" loading=\"lazy\"\/><\/p>\n<p>                    <\/a><\/p>\n<p>                    Auch Ortsvorsteherin Silvia Mehlich hatte in der Vergangenheit in ihrem Ferienhof immer wieder mit Verwechslungen der Stra\u00dfennamen zu k\u00e4mpfen.<\/p>\n<p>    &#8222;Wir sind da, wo sind sie denn?&#8220;<\/p>\n<p class=\"\">Zu den Betroffenen geh\u00f6rt die Moritzburger Ortsvorsteherin und Gemeinder\u00e4tin Silvia Mehlich. Sie betreibt einen Ferienhof, der bislang die Adresse Schulstra\u00dfe 1 hatte. Weil dieser Stra\u00dfenname mehrfach existierte, landeten G\u00e4ste immer wieder am falschen Ort. &#8222;Ich hab wirklich nahezu t\u00e4glich den Anruf von den Kunden, die sagen so: &#8218;Ja, wir sind da, wir stehen da, wo sind Sie denn?'&#8220;, berichtet Mehlich. Selbst Navigationsdienste w\u00fcrden ihren Hof h\u00e4ufig in den Ortsteil Boxdorf schicken. Die fr\u00fchere Schulstra\u00dfe hei\u00dft deshalb nun Schulgasse.<\/p>\n<p>                    <a href=\"https:\/\/www.europesays.com\/de\/wp-content\/uploads\/2026\/09\/strassennamen-moritzburg-102.webp\" class=\"zoomimage\" title=\"Bild vergr\u00f6\u00dfern\"><\/p>\n<p>        <img decoding=\"async\" src=\"https:\/\/www.europesays.com\/de\/wp-content\/uploads\/2026\/09\/strassennamen-moritzburg-102.webp\" alt=\"Dreiseitenhof an Stra\u00dfe in Moritzburg\" title=\"Der Ferienhof von Silvia Mehlich ist jetzt in der Schulgasse zu finden.  | MDR\/Lukas St\u00f6ckel\" class=\"responsive\" loading=\"lazy\"\/><\/p>\n<p>                    <\/a><\/p>\n<p>                    Der Ferienhof von Silvia Mehlich ist jetzt in der Schulgasse zu finden. <\/p>\n<p>    Notfall ausschlaggebend<\/p>\n<p class=\"\">Entscheidend f\u00fcr die Umbenennungen war <a href=\"https:\/\/www.mdr.de\/nachrichten\/sachsen\/dresden\/dresden-radebeul\/moritzburg-strassennamen-doppelt-neu-rettungswagen-100.html\" title=\"Doppelte Stra\u00dfennamen in Moritzburg verwirren Postboten und Not\u00e4rzte\" rel=\"nofollow noopener\" target=\"_blank\">ein medizinischer Notfall auf ihrem Hof<\/a>. Damals alarmierten G\u00e4ste den Rettungsdienst, doch der Rettungswagen fuhr zun\u00e4chst zur zweiten Schulstra\u00dfe 1 nach Boxdorf. &#8222;Zum Gl\u00fcck ging es gut aus&#8220;, sagt Mehlich. Der Patient habe eine Lungenembolie gehabt. &#8222;Aber es h\u00e4tte auch anders ausgehen k\u00f6nnen, weil je nach Notfall z\u00e4hlt ja auch jede Minute.&#8220;<\/p>\n<p>                    <a href=\"https:\/\/www.europesays.com\/de\/wp-content\/uploads\/2026\/09\/strasssennamen-moritzburg-100.webp\" class=\"zoomimage\" title=\"Bild vergr\u00f6\u00dfern\"><\/p>\n<p>        <img decoding=\"async\" src=\"https:\/\/www.europesays.com\/de\/wp-content\/uploads\/2026\/09\/strasssennamen-moritzburg-100.webp\" alt=\"Stra\u00dfenschild mit zwei verschiedenen Namen\" title=\"Die alten Bezeichnungen der Stra\u00dfen bleiben noch ein halbes Jahr g\u00fcltig. Solange sind sie zus\u00e4tzlich beschildert. | MDR\/Lukas St\u00f6ckel\" class=\"responsive\" loading=\"lazy\"\/><\/p>\n<p>                    <\/a><\/p>\n<p>                    Die alten Bezeichnungen der Stra\u00dfen bleiben noch ein halbes Jahr g\u00fcltig. Solange sind sie zus\u00e4tzlich beschildert.<\/p>\n<p class=\"\">Die Gemeinde hatte die \u00c4nderungen \u00fcber Monate vorbereitet. B\u00fcrgermeisterin Katrin Sontag erkl\u00e4rt, dass bereits Anfang Juli zahlreiche Beh\u00f6rden, Unternehmen und Dienstleister informiert wurden. Auch die Deutsche Post habe die Gemeinde unterst\u00fctzt. Erste Pakete k\u00e4men bereits an den neuen Adressen an, obwohl vielerorts noch die alten Anschriften verwendet w\u00fcrden.<\/p>\n<p>    Alte Stra\u00dfennamen noch ein halbes Jahr g\u00fcltig<\/p>\n<p class=\"\">F\u00fcr den \u00dcbergang werden die bisherigen Stra\u00dfennamen zus\u00e4tzlich ausgeschildert. Die alten Bezeichnungen bleiben noch ein halbes Jahr g\u00fcltig, damit Anwohner ihre Dokumente kostenlos anpassen k\u00f6nnen. Gewerbetreibende sollen sp\u00e4ter aktualisierte Meldungen vom Gewerbeamt erhalten.<\/p>\n<p class=\"\">Trotz aller praktischen Probleme hatte die doppelte Vergabe von Stra\u00dfennamen auch kuriose Seiten. &#8222;Da haben sich lustige Freundschaften gebildet&#8220;, sagt Sontag. Bewohner gleichnamiger Stra\u00dfen h\u00e4tten sich gegenseitig Post gebracht oder falsch gelieferte Waren weitergeleitet. K\u00fcnftig soll der Alltag jedoch deutlich einfacher werden. Ortsvorsteherin Mehlich hofft nun vor allem, dass Navigationssysteme die neuen Adressen m\u00f6glichst schnell \u00fcbernehmen.<\/p>\n<p>Mehr zum Thema Stra\u00dfennamen<\/p>\n<p>        <img decoding=\"async\" src=\"https:\/\/www.europesays.com\/de\/wp-content\/uploads\/2026\/09\/mdraktuell-ernst-thaelmann-platz-hamburg-102.webp\" alt=\"Das Stra\u00dfenschild vom Ernst-Th\u00e4lmann-Platz (Politiker, im KZ Buchenwald ermordet)\" title=\"Das Stra\u00dfenschild vom Ernst-Th\u00e4lmann-Platz (Politiker, im KZ Buchenwald ermordet) | picture alliance\/dpa | Daniel Reinhardt\" class=\"responsive\" loading=\"lazy\"\/><\/p>\n<p>        <img decoding=\"async\" src=\"https:\/\/www.europesays.com\/de\/wp-content\/uploads\/2026\/09\/heiner-mueller-mdr-100.webp\" alt=\"Stalinallee\" title=\"Stalinallee | imago\/Marco Bertram\" class=\"responsive\" loading=\"lazy\"\/><\/p>\n<p>        <img decoding=\"async\" src=\"https:\/\/www.europesays.com\/de\/wp-content\/uploads\/2026\/09\/amo-gedenken-tafel-102.webp\" alt=\"Eine Stra\u00dfe mit Zebrastreifen und Baustelle. Auf einem Stra\u00dfenschild steht &quot;Universit\u00e4tsring&quot;\" title=\"Eine Stra\u00dfe mit Zebrastreifen und Baustelle. Auf einem Stra\u00dfenschild steht &quot;Universit\u00e4tsring&quot; | Kio Weck\" class=\"responsive\" loading=\"lazy\"\/><\/p>\n<p>Studierende schreiben f\u00fcr den MDR<\/p>\n<p class=\"\">MDR (kbe\/lus\/lum)<\/p>\n","protected":false},"excerpt":{"rendered":"AUDIO: Neue Adressen f\u00fcr mehr Sicherheit: Moritzburg beendet Namens-Doppelungen (3 Min) Neue Adressen Stand: 03.09.2026 17:37 Uhr In&hellip;\n","protected":false},"author":2,"featured_media":1279071,"comment_status":"","ping_status":"","sticky":false,"template":"","format":"standard","meta":{"footnotes":"","_share_on_mastodon":"0"},"categories":[1835],"tags":[3275,162886,263891,3364,29,263892,2386,52537,42111,30,85908,238015,16581,14,37227,263893,17547,3906,859,66156],"class_list":["post-1279070","post","type-post","status-publish","format-standard","has-post-thumbnail","category-dresden","tag-lokalnachrichten","tag-adressen","tag-anschriftenaenderung","tag-de","tag-deutschland","tag-doppelte-strassennamen","tag-dresden","tag-einwohner","tag-gemeindeverwaltung","tag-germany","tag-hausnummern","tag-landkreis-meissen","tag-moritzburg","tag-nachrichten","tag-navigation","tag-ortsentwicklung","tag-post","tag-rettungsdienst","tag-sachsen","tag-strassenumbenennung"],"share_on_mastodon":{"url":"https:\/\/pubeurope.com\/@de\/117210031077285052","error":""},"_links":{"self":[{"href":"https:\/\/www.europesays.com\/de\/wp-json\/wp\/v2\/posts\/1279070","targetHints":{"allow":["GET"]}}],"collection":[{"href":"https:\/\/www.europesays.com\/de\/wp-json\/wp\/v2\/posts"}],"about":[{"href":"https:\/\/www.europesays.com\/de\/wp-json\/wp\/v2\/types\/post"}],"author":[{"embeddable":true,"href":"https:\/\/www.europesays.com\/de\/wp-json\/wp\/v2\/users\/2"}],"replies":[{"embeddable":true,"href":"https:\/\/www.europesays.com\/de\/wp-json\/wp\/v2\/comments?post=1279070"}],"version-history":[{"count":0,"href":"https:\/\/www.europesays.com\/de\/wp-json\/wp\/v2\/posts\/1279070\/revisions"}],"wp:featuredmedia":[{"embeddable":true,"href":"https:\/\/www.europesays.com\/de\/wp-json\/wp\/v2\/media\/1279071"}],"wp:attachment":[{"href":"https:\/\/www.europesays.com\/de\/wp-json\/wp\/v2\/media?parent=1279070"}],"wp:term":[{"taxonomy":"category","embeddable":true,"href":"https:\/\/www.europesays.com\/de\/wp-json\/wp\/v2\/categories?post=1279070"},{"taxonomy":"post_tag","embeddable":true,"href":"https:\/\/www.europesays.com\/de\/wp-json\/wp\/v2\/tags?post=1279070"}],"curies":[{"name":"wp","href":"https:\/\/api.w.org\/{rel}","templated":true}]}}