{"id":1279108,"date":"2026-09-04T01:19:20","date_gmt":"2026-09-04T01:19:20","guid":{"rendered":"https:\/\/www.europesays.com\/de\/1279108\/"},"modified":"2026-09-04T01:19:20","modified_gmt":"2026-09-04T01:19:20","slug":"spd-generalsekretaer-wirft-berliner-linken-antisemitismus-problem-vor","status":"publish","type":"post","link":"https:\/\/www.europesays.com\/de\/1279108\/","title":{"rendered":"SPD-Generalsekret\u00e4r wirft Berliner Linken Antisemitismus-Problem vor"},"content":{"rendered":"<p><img post-id=\"106115\" fifu-featured=\"1\" decoding=\"async\" src=\"https:\/\/www.europesays.com\/de\/wp-content\/uploads\/2026\/09\/dts_image_127255_gnkggarntf_348_800_600.jpg\" alt=\"SPD-Generalsekret\u00e4r wirft Berliner Linken Antisemitismus-Problem vor\" title=\"SPD-Generalsekret\u00e4r wirft Berliner Linken Antisemitismus-Problem vor\" width=\"100%\" align=\"LEFT\"\/><br \/>Foto: Tim Kl\u00fcssendorf (Archiv), via dts Nachrichtenagentur<\/p>\n<p>Berlin (dts Nachrichtenagentur) \u2013 SPD-Generalsekret\u00e4r Tim Kl\u00fcssendorf wirft der Berliner Linken gut zwei Wochen vor der Abgeordnetenhauswahl ein Antisemitismus-Problem vor. \u201eWenn so klarer Antisemitismus ge\u00e4u\u00dfert wird und sich nicht alle klar abgrenzen, dann gibt es in der Linken in Berlin eindeutig ein Antisemitismus-Problem\u201c, sagte Kl\u00fcssendorf den Zeitungen der Funke-Mediengruppe (Freitagsausgaben). Anlass ist der Auftritt eines Rappers bei einer Wahlkampfveranstaltung des Neuk\u00f6llner Bezirksverbands der Linkspartei, bei dem zur Intifada aufgerufen wurde.<\/p>\n<p>Der SPD-Generalsekret\u00e4r sieht die Spitzenkandidatin der Linken in Berlin, Elif Eralp, in der direkten Verantwortung. Eralp sei als Spitzenkandidatin f\u00fcr den Wahlkampf ihrer Partei verantwortlich und m\u00fcsse hier endlich hart durchgreifen, statt nur nebul\u00f6s \u201eKonsequenzen\u201c zu fordern. Grunds\u00e4tzlich sei die Linke f\u00fcr die SPD \u201enat\u00fcrlich ein m\u00f6glicher Koalitionspartner\u201c, sagte Kl\u00fcssendorf. Allerdings machten ihm die Vorg\u00e4nge in Neuk\u00f6lln sehr gro\u00dfe Sorgen, wo bei einer Wahlkampfveranstaltung der Linken durch einen Rapper die Intifada gefordert worden sei und die Leute lautstark jubelten. Das l\u00f6se bei ihm erhebliche Bedenken aus.<\/p>\n<p>Bei der Veranstaltung in Neuk\u00f6lln am vergangenen Samstag hatte der Rapper Dahabflex Zeilen wie \u201eYalla Yalla Intifada\u201c und \u201eDeath to the IDF\u201c vorgetragen. Eralp erkl\u00e4rte danach, sie sei \u201eentsetzt\u201c, und forderte Aufkl\u00e4rung und Konsequenzen. Die Abgeordnetenhauswahl in Berlin findet am 20. September statt.<\/p>\n","protected":false},"excerpt":{"rendered":"Foto: Tim Kl\u00fcssendorf (Archiv), via dts Nachrichtenagentur Berlin (dts Nachrichtenagentur) \u2013 SPD-Generalsekret\u00e4r Tim Kl\u00fcssendorf wirft der Berliner Linken&hellip;\n","protected":false},"author":2,"featured_media":1279109,"comment_status":"","ping_status":"","sticky":false,"template":"","format":"standard","meta":{"footnotes":"","_share_on_mastodon":"0"},"categories":[1825],"tags":[1941,1939,147,296,1937,29,30,1940,1938,16,55],"class_list":["post-1279108","post","type-post","status-publish","format-standard","has-post-thumbnail","category-berlin","tag-aktuelle-nachrichten-aus-berlin","tag-aktuelle-news-aus-berlin","tag-ausland","tag-berlin","tag-berlin-news","tag-deutschland","tag-germany","tag-nachrichten-aus-berlin","tag-news-aus-berlin","tag-politik","tag-wirtschaft"],"share_on_mastodon":{"url":"","error":""},"_links":{"self":[{"href":"https:\/\/www.europesays.com\/de\/wp-json\/wp\/v2\/posts\/1279108","targetHints":{"allow":["GET"]}}],"collection":[{"href":"https:\/\/www.europesays.com\/de\/wp-json\/wp\/v2\/posts"}],"about":[{"href":"https:\/\/www.europesays.com\/de\/wp-json\/wp\/v2\/types\/post"}],"author":[{"embeddable":true,"href":"https:\/\/www.europesays.com\/de\/wp-json\/wp\/v2\/users\/2"}],"replies":[{"embeddable":true,"href":"https:\/\/www.europesays.com\/de\/wp-json\/wp\/v2\/comments?post=1279108"}],"version-history":[{"count":0,"href":"https:\/\/www.europesays.com\/de\/wp-json\/wp\/v2\/posts\/1279108\/revisions"}],"wp:featuredmedia":[{"embeddable":true,"href":"https:\/\/www.europesays.com\/de\/wp-json\/wp\/v2\/media\/1279109"}],"wp:attachment":[{"href":"https:\/\/www.europesays.com\/de\/wp-json\/wp\/v2\/media?parent=1279108"}],"wp:term":[{"taxonomy":"category","embeddable":true,"href":"https:\/\/www.europesays.com\/de\/wp-json\/wp\/v2\/categories?post=1279108"},{"taxonomy":"post_tag","embeddable":true,"href":"https:\/\/www.europesays.com\/de\/wp-json\/wp\/v2\/tags?post=1279108"}],"curies":[{"name":"wp","href":"https:\/\/api.w.org\/{rel}","templated":true}]}}