{"id":1279116,"date":"2026-09-04T01:24:26","date_gmt":"2026-09-04T01:24:26","guid":{"rendered":"https:\/\/www.europesays.com\/de\/1279116\/"},"modified":"2026-09-04T01:24:26","modified_gmt":"2026-09-04T01:24:26","slug":"marburg-berlin-serie-mit-engelke-und-pastewka-start-von-staffel-zwei-klar","status":"publish","type":"post","link":"https:\/\/www.europesays.com\/de\/1279116\/","title":{"rendered":"Marburg\/Berlin | Serie mit Engelke und Pastewka: Start von Staffel zwei klar"},"content":{"rendered":"<p>Marburg\/Berlin (dpa) &#8211; Nach \u00abPerfekt Verpasst\u00bb mit Anke Engelke und Bastian Pastewka kommt die Fortsetzung \u00abPerfekt Zusammen?!\u00bb \u2013 und nun steht auch das Startdatum der zweiten Serienstaffel fest. \u00ab&#8220;Perfekt Zusammen?!&#8220; ist ab dem 29. Januar 2027 exklusiv bei Prime Video verf\u00fcgbar\u00bb, teilte Amazons Streamingdienst am Donnerstag bei einer Programmpr\u00e4sentation in Berlin mit.\u00a0<\/p>\n<p>Die Fortsetzung der im Sommer 2024 erschienenen Serie (8 Mal etwa 30 Minuten) erz\u00e4hlt erneut in acht Folgen humorvoll und mit W\u00e4rme die Story von Maria und Ralf.\u00a0<\/p>\n<p>\u00abAm Ende der ersten Staffel sind sie ja zusammengekommen. In &#8222;Perfekt Zusammen?!&#8220; m\u00fcssen wir erleben, ob die beiden auch wirklich gut miteinander k\u00f6nnen\u00bb, hatte Pastewka der dpa schon letzten Sommer \u00fcber die Fortsetzung gesagt.<\/p>\n<p>Staffel zwei geht ans Eingemachte einer Beziehung<\/p>\n<p>In der zweiten Staffel geht es um den Alltag einer Patchwork-Familie. Es geht um die Hochs und Tiefs der Serienhauptfiguren, die beide f\u00fcr sich selbst, aber auch als Paar erleben. Sich zu verlieben war ja einfach, doch das Abenteuer einer Langzeit-Beziehung ist ungleich schwerer.<\/p>\n<p>In der ersten Staffel waren die beiden Hauptfiguren immer wieder knapp aneinander vorbeigeschlittert, um sich am Ende dann aber doch zu treffen und ein Paar zu werden. Erleichtert hat das Einander-Verpassen auch der Drehort: Die Serie spielt in Marburg in Hessen, wo es eine Unter- und eine Oberstadt gibt und man vielleicht tats\u00e4chlich einfacher aneinander vorbeileben kann.<\/p>\n<p>Das Projekt wurde erneut von der Firma btf (bildundtonfabrik) produziert. Pastewka (54) und Engelke (60) sind auch als Executive Producer involviert.\u00a0<\/p>\n<p>Engelke und Pastewka arbeiten schon lange zusammen<\/p>\n<p>Das Comedy-Duo verbindet eine jahrzehntelange Freundschaft. Sie hatten viele gemeinsame Auftritte. Fans sch\u00e4tzen die beiden etwa f\u00fcr ihre einstigen \u00abWochenshow\u00bb-Sketche oder f\u00fcr ihre Verk\u00f6rperung des skurrilen Volksmusik-Duos Wolfgang und Anneliese.\u00a0<\/p>\n<p>Eine gemeinsame fiktionale Serie, gar mit den beiden als Liebespaar, hatte es allerdings nicht gegeben, bis sie nun eben f\u00fcr Prime Video die Rollen der zwei \u00dc50-Singles Ralf und Maria \u00fcbernahmen, die unter widrigen Umst\u00e4nden zum Paar werden.<\/p>\n<p>Die Kritiken zur ersten Staffel fielen \u00fcberwiegend positiv aus. Wie es weitergeht, wird gut einen Monat nach Weihnachten, im neuen Jahr, klar.<\/p>\n","protected":false},"excerpt":{"rendered":"Marburg\/Berlin (dpa) &#8211; Nach \u00abPerfekt Verpasst\u00bb mit Anke Engelke und Bastian Pastewka kommt die Fortsetzung \u00abPerfekt Zusammen?!\u00bb \u2013&hellip;\n","protected":false},"author":2,"featured_media":1279117,"comment_status":"","ping_status":"","sticky":false,"template":"","format":"standard","meta":{"footnotes":"","_share_on_mastodon":"0"},"categories":[1825],"tags":[11434,296,29,441,30,198,2549,62,1806,1897],"class_list":["post-1279116","post","type-post","status-publish","format-standard","has-post-thumbnail","category-berlin","tag-amazon-prime-video","tag-berlin","tag-deutschland","tag-fernsehen","tag-germany","tag-internet","tag-leute","tag-medien","tag-serie","tag-streaming"],"share_on_mastodon":{"url":"https:\/\/pubeurope.com\/@de\/117210163660238680","error":""},"_links":{"self":[{"href":"https:\/\/www.europesays.com\/de\/wp-json\/wp\/v2\/posts\/1279116","targetHints":{"allow":["GET"]}}],"collection":[{"href":"https:\/\/www.europesays.com\/de\/wp-json\/wp\/v2\/posts"}],"about":[{"href":"https:\/\/www.europesays.com\/de\/wp-json\/wp\/v2\/types\/post"}],"author":[{"embeddable":true,"href":"https:\/\/www.europesays.com\/de\/wp-json\/wp\/v2\/users\/2"}],"replies":[{"embeddable":true,"href":"https:\/\/www.europesays.com\/de\/wp-json\/wp\/v2\/comments?post=1279116"}],"version-history":[{"count":0,"href":"https:\/\/www.europesays.com\/de\/wp-json\/wp\/v2\/posts\/1279116\/revisions"}],"wp:featuredmedia":[{"embeddable":true,"href":"https:\/\/www.europesays.com\/de\/wp-json\/wp\/v2\/media\/1279117"}],"wp:attachment":[{"href":"https:\/\/www.europesays.com\/de\/wp-json\/wp\/v2\/media?parent=1279116"}],"wp:term":[{"taxonomy":"category","embeddable":true,"href":"https:\/\/www.europesays.com\/de\/wp-json\/wp\/v2\/categories?post=1279116"},{"taxonomy":"post_tag","embeddable":true,"href":"https:\/\/www.europesays.com\/de\/wp-json\/wp\/v2\/tags?post=1279116"}],"curies":[{"name":"wp","href":"https:\/\/api.w.org\/{rel}","templated":true}]}}