{"id":1279136,"date":"2026-09-04T01:38:19","date_gmt":"2026-09-04T01:38:19","guid":{"rendered":"https:\/\/www.europesays.com\/de\/1279136\/"},"modified":"2026-09-04T01:38:19","modified_gmt":"2026-09-04T01:38:19","slug":"netflix-erhoeht-preise-aller-abos-in-deutschland-und-durchbricht-beim-teuersten-eine-schallmauer","status":"publish","type":"post","link":"https:\/\/www.europesays.com\/de\/1279136\/","title":{"rendered":"Netflix erh\u00f6ht Preise aller Abos in Deutschland \u2013 und durchbricht beim teuersten eine Schallmauer"},"content":{"rendered":"<p>\u201eEin attraktives Programmangebot erfordert hohe Investitionen\u201c: Mit diesem Argument begr\u00fcndet Netflix seine Preiserh\u00f6hungen. Nun wird abermals an der Preisschraube gedreht.<\/p>\n<p class=\"c-inline-alert__description\">Klicken Sie hier, um sich Artikel von WELT in der Google-Suche bevorzugt anzeigen zu lassen.<\/p>\n<p class=\"is-first-paragraph\" data-external=\"Article.FirstParagraph\">Netflix erh\u00f6ht nach mehr als zwei Jahren wieder die Preise in Deutschland. Nach zuvor 19,99 Euro durchbricht das teuerste \u201ePremium\u201c-Abo mit 4K-Bildqualit\u00e4t und 3D-Sound nun die Schallmauer von 20 Euro und kostet k\u00fcnftig pro Monat 21,99 Euro. Das entspricht einem Anstieg von rund zehn Prozent. Das geht aus den Angaben <a class=\"is-link c-block-items__link is-external c-link--rich-text-renderer\" href=\"https:\/\/help.netflix.com\/de\/node\/24926\" target=\"_blank\" title=\"Link wird in einem neuen Tab ge\u00f6ffnet\" rel=\"nofollow noopener\" data-internal-tracking-enabled=\"true\" data-internal-tracking=\"{&quot;action&quot;:&quot;click&quot;,&quot;label&quot;:&quot;link&quot;,&quot;name&quot;:&quot;Inline Element&quot;,&quot;data&quot;:{&quot;source&quot;:&quot;&quot;,&quot;target&quot;:&quot;https:\/\/help.netflix.com\/de\/node\/24926&quot;,&quot;trackingName&quot;:&quot;&quot;,&quot;trackingLabel&quot;:&quot;&quot;}}\">auf der Netflix-Website<\/a> f\u00fcr Deutschland hervor. <\/p>\n<p>Beim \u201eStandard\u201c-Abonnement mit Full-HD-Bild und weniger gleichzeitig nutzbaren Ger\u00e4ten steigt der Preis von 13,99 auf 15,99 Euro (+14 Prozent). Das Abo mit Werbung verteuert sich von 4,99 Euro auf 6,99 Euro \u2013 ein Anstieg von rund 40 Prozent.<\/p>\n<p>Seit Netflix gegen Passwort-Trittbrettfahrer vorgeht, die nicht im selben Haushalt leben, gibt es eine Zusatzgeb\u00fchr f\u00fcr solche Nutzer. Im Werbe-Abo steigt der Preis f\u00fcr sie von 3,99 auf 4,99 Euro und in den beiden anderen Modellen von 4,99 auf 5,99 Euro. Das werbefreie Basis-Abo, in dem Bestandskunden noch verbleiben konnten, l\u00e4sst Netflix auslaufen.<\/p>\n<p>Regelm\u00e4\u00dfige Preiserh\u00f6hungen<\/p>\n<p>Zuletzt hatte Netflix die Preise in Deutschland im April 2024 erh\u00f6ht. Der Dienst ist der mit Abstand meistgenutzte Videostreaming-Anbieter und greift regelm\u00e4\u00dfig zu Preiserh\u00f6hungen. \u201eDa wir den Mehrwert, den wir unseren Mitgliedern bieten, kontinuierlich erh\u00f6hen, bitten wir sie gelegentlich, etwas mehr zu bezahlen\u201c, <a class=\"is-link c-block-items__link is-external c-link--rich-text-renderer\" href=\"https:\/\/help.netflix.com\/de\/node\/24926\" target=\"_blank\" title=\"Link wird in einem neuen Tab ge\u00f6ffnet\" rel=\"nofollow noopener\" data-internal-tracking-enabled=\"true\" data-internal-tracking=\"{&quot;action&quot;:&quot;click&quot;,&quot;label&quot;:&quot;link&quot;,&quot;name&quot;:&quot;Inline Element&quot;,&quot;data&quot;:{&quot;source&quot;:&quot;&quot;,&quot;target&quot;:&quot;https:\/\/help.netflix.com\/de\/node\/24926&quot;,&quot;trackingName&quot;:&quot;&quot;,&quot;trackingLabel&quot;:&quot;&quot;}}\">hei\u00dft es vom Unternehmen stets dazu<\/a>. Bisher akzeptierten genug Kunden die h\u00f6heren Preise, dass das Gesch\u00e4ft von Netflix weiter w\u00e4chst.<\/p>\n<p>In \u00d6sterreich, wo das g\u00fcnstigere Abo mit Werbung erst im kommenden Jahr eingef\u00fchrt werden soll, steigt der Basis-Preis von 8,99 auf 10,99 Euro.<\/p>\n<p>Im Heimatmarkt USA kostet das Premium-Abo inzwischen 26,99 Dollar. Netflix verweist auch darauf, dass ein attraktives Programmangebot hohe Investitionen erfordere.<\/p>\n<p>dpa\/rct<\/p>\n","protected":false},"excerpt":{"rendered":"\u201eEin attraktives Programmangebot erfordert hohe Investitionen\u201c: Mit diesem Argument begr\u00fcndet Netflix seine Preiserh\u00f6hungen. Nun wird abermals an der&hellip;\n","protected":false},"author":2,"featured_media":1279137,"comment_status":"","ping_status":"","sticky":false,"template":"","format":"standard","meta":{"footnotes":"","_share_on_mastodon":"0"},"categories":[134],"tags":[2483,175,170,169,29,441,30,171,174,62,2846,250153,110,1897,45,173,172],"class_list":["post-1279136","post","type-post","status-publish","format-standard","has-post-thumbnail","category-unternehmen-maerkte","tag-amazon","tag-business","tag-companies","tag-companies-markets","tag-deutschland","tag-fernsehen","tag-germany","tag-markets","tag-maerkte","tag-medien","tag-netflix","tag-newsos-import-welt","tag-newsteam","tag-streaming","tag-texttospeech","tag-unternehmen","tag-unternehmen-maerkte"],"share_on_mastodon":{"url":"https:\/\/pubeurope.com\/@de\/117210219127512197","error":""},"_links":{"self":[{"href":"https:\/\/www.europesays.com\/de\/wp-json\/wp\/v2\/posts\/1279136","targetHints":{"allow":["GET"]}}],"collection":[{"href":"https:\/\/www.europesays.com\/de\/wp-json\/wp\/v2\/posts"}],"about":[{"href":"https:\/\/www.europesays.com\/de\/wp-json\/wp\/v2\/types\/post"}],"author":[{"embeddable":true,"href":"https:\/\/www.europesays.com\/de\/wp-json\/wp\/v2\/users\/2"}],"replies":[{"embeddable":true,"href":"https:\/\/www.europesays.com\/de\/wp-json\/wp\/v2\/comments?post=1279136"}],"version-history":[{"count":0,"href":"https:\/\/www.europesays.com\/de\/wp-json\/wp\/v2\/posts\/1279136\/revisions"}],"wp:featuredmedia":[{"embeddable":true,"href":"https:\/\/www.europesays.com\/de\/wp-json\/wp\/v2\/media\/1279137"}],"wp:attachment":[{"href":"https:\/\/www.europesays.com\/de\/wp-json\/wp\/v2\/media?parent=1279136"}],"wp:term":[{"taxonomy":"category","embeddable":true,"href":"https:\/\/www.europesays.com\/de\/wp-json\/wp\/v2\/categories?post=1279136"},{"taxonomy":"post_tag","embeddable":true,"href":"https:\/\/www.europesays.com\/de\/wp-json\/wp\/v2\/tags?post=1279136"}],"curies":[{"name":"wp","href":"https:\/\/api.w.org\/{rel}","templated":true}]}}