{"id":1279145,"date":"2026-09-04T01:44:21","date_gmt":"2026-09-04T01:44:21","guid":{"rendered":"https:\/\/www.europesays.com\/de\/1279145\/"},"modified":"2026-09-04T01:44:21","modified_gmt":"2026-09-04T01:44:21","slug":"wetter-aachen-nrw-herbst-unwetter-bringen-50-liter-regen-nur-6-grad","status":"publish","type":"post","link":"https:\/\/www.europesays.com\/de\/1279145\/","title":{"rendered":"Wetter Aachen\/NRW: Herbst-Unwetter bringen 50 Liter Regen \u2013 nur 6 Grad"},"content":{"rendered":"<p>Temperatursturz erwartet <\/p>\n<p>Gewitter erreichen Aachen und NRW \u2013 dann nur noch 6 Grad<\/p>\n<p>04.09.2026 &#8211; 03:40 UhrLesedauer: 2 Min.<\/p>\n<p><a href=\"#focus-0\" class=\"transition-colors block text-current relative\" data-sctrack=\"FocusGalleryImage.Reference\"><img fetchpriority=\"high\" data-testid=\"Opener.Image\"   loading=\"eager\" src=\"https:\/\/www.europesays.com\/de\/wp-content\/uploads\/2026\/09\/ein-auto-faehrt-durch-ein-unwetter-symbolbild-in-den-kommenden-tagen-werden-in-duesseldorf-und-nordr.jpeg\" alt=\"Ein Auto f\u00e4hrt durch ein Unwetter (Symbolbild): In den kommenden Tagen werden in D\u00fcsseldorf und Nordrhein-Westfalen mehr als 50 Liter Regen pro Quadratmeter erwartet.\" title=\"Ein Auto f\u00e4hrt durch ein Unwetter (Symbolbild): In den kommenden Tagen werden in D\u00fcsseldorf und Nordrhein-Westfalen mehr als 50 Liter Regen pro Quadratmeter erwartet.\" width=\"3508\" height=\"1973\" class=\"bg-[url:var(--lqipURL)] bg-cover bg-center flex h-full w-full max-w-full\" style=\"--lqipURL:url('https:\/\/images.t-online.de\/2026\/09\/NoYpgWpmNTh-\/487x413:3508x1973\/fit-in\/150x0\/filters:blur(25)\/ein-auto-faehrt-durch-ein-unwetter-symbolbild-in-den-kommenden-tagen-werden-in-duesseldorf-und-nordrhein-westfalen-mehr-als-50-liter-regen-pro-quadratmeter-erwartet.jpg')\" decoding=\"async\"\/><img loading=\"lazy\" src=\"https:\/\/aachen.t-online.de\/s\/paper\/_next\/static\/media\/zoom-in.f7dae02f.svg\" alt=\"Vergr\u00f6\u00dfern des Bildes\" title=\"Vergr\u00f6\u00dfern des Bildes\" class=\"block h-[calc(var(--height)_\/_16_*_1rem)] w-[calc(var(--width)_\/_16_*_1rem)] max-w-none absolute right-8 bottom-8 rounded-4 bg-snow p-8\" style=\"--width:32;--height:32\" decoding=\"async\"\/><\/a><\/p>\n<p>Ein Auto f\u00e4hrt durch ein Unwetter (Symbolbild): In den kommenden Tagen werden in Aachen und Nordrhein-Westfalen mehr als 50 Liter Regen pro Quadratmeter erwartet. (Quelle: Ralph Peters\/imago)<\/p>\n<p><img loading=\"lazy\" src=\"https:\/\/aachen.t-online.de\/s\/paper\/_next\/static\/media\/audio-volume.6689034c.svg\" alt=\"\" title=\"\" class=\"block h-[calc(var(--height)_\/_16_*_1rem)] w-[calc(var(--width)_\/_16_*_1rem)] max-w-none group-hover:brightness-0 group-hover:invert\" style=\"--width:16;--height:16\" decoding=\"async\"\/>Vorlesen<\/p>\n<p>Aktuelle Zeit:0:00Gesamtdauer:0:00<\/p>\n<p>1x<img loading=\"lazy\" src=\"https:\/\/aachen.t-online.de\/s\/paper\/_next\/static\/media\/font-sizes.32942e33.svg\" alt=\"\" title=\"\" class=\"block h-[calc(var(--height)_\/_16_*_1rem)] w-[calc(var(--width)_\/_16_*_1rem)] max-w-none group-hover:hidden group-aria-expanded:hidden\" style=\"--width:16;--height:16\" decoding=\"async\"\/><img loading=\"lazy\" src=\"https:\/\/aachen.t-online.de\/s\/paper\/_next\/static\/media\/font-sizes-dark-mode.e382645c.svg\" alt=\"\" title=\"\" class=\"block h-[calc(var(--height)_\/_16_*_1rem)] w-[calc(var(--width)_\/_16_*_1rem)] max-w-none hidden group-hover:block group-aria-expanded:block\" style=\"--width:16;--height:16\" decoding=\"async\"\/><img loading=\"lazy\" src=\"https:\/\/aachen.t-online.de\/s\/paper\/_next\/static\/media\/sharing-menu-icon.1eb71368.svg\" alt=\"\" title=\"\" class=\"block h-[calc(var(--height)_\/_16_*_1rem)] w-[calc(var(--width)_\/_16_*_1rem)] max-w-none group-hover:brightness-0 group-hover:invert\" style=\"--width:16;--height:16\" decoding=\"async\"\/>Artikel teilen<\/p>\n<p class=\"font-bold text-18 leading-17 user-text-lg:text-22 user-text-xl:text-24\">Der Herbst erreicht Aachen und Nordrhein-Westfalen: Neue Gewitter und Schauer mit bis zu 50 Liter Regen werden erwartet \u2013 dann drohen nur noch 6 Grad.<\/p>\n<p class=\"text-18 leading-17 user-text-lg:text-22 user-text-xl:text-24\">In Aachen und Nordrhein-Westfalen bleibt es ungem\u00fctlich: <a href=\"https:\/\/koeln.t-online.de\/region\/koeln\/id_101411214\/wetter-koeln-und-nrw-sturm-mit-hagel-unwettern-droht-70-liter-regen.html\" class=\"transition-colors cursor-pointer no-underline md:hover:text-magenta md:focus:text-magenta border-b border-solid border-current text-salemsfur md:hover:border-magenta\" data-tracking=\"{&quot;action&quot;:&quot;click&quot;,&quot;category&quot;:&quot;intextLink&quot;,&quot;label&quot;:&quot;https:\/\/koeln.t-online.de\/region\/koeln\/id_101411214\/wetter-koeln-und-nrw-sturm-mit-hagel-unwettern-droht-70-liter-regen.html&quot;}\" data-sctrack=\"BodyAnchor\" rel=\"nofollow noopener\" target=\"_blank\">Neue Schauer und Gewitter erreichen sp\u00e4testens am Freitag (4. September) die Region<\/a>, einige Wettermodelle erwarten in den kommenden Tagen stellenweise mehr als 50 Liter Regen pro Quadratmeter. Der Deutsche Wetterdienst (DWD) hat zudem bereits am Donnerstag f\u00fcr Teile von NRW eine amtliche Warnung vor Gewitter und Windb\u00f6en herausgegeben, darunter auch in Aachen.<\/p>\n<p class=\"text-18 leading-17 user-text-lg:text-22 user-text-xl:text-24\">Vor allem im Nordwesten der Stadt sind dabei Schauer und Gewitter m\u00f6glich, stellenweise erwarten die Meteorologen Windb\u00f6en mit Geschwindigkeiten von bis zu 60 km\/h. <a href=\"https:\/\/koeln.t-online.de\/region\/koeln\/id_101405488\/wetter-koeln-und-nrw-sturm-und-heftiger-starkregen-drohen-50-liter-regen.html\" class=\"transition-colors cursor-pointer no-underline md:hover:text-magenta md:focus:text-magenta border-b border-solid border-current text-salemsfur md:hover:border-magenta\" data-tracking=\"{&quot;action&quot;:&quot;click&quot;,&quot;category&quot;:&quot;intextLink&quot;,&quot;label&quot;:&quot;https:\/\/koeln.t-online.de\/region\/koeln\/id_101405488\/wetter-koeln-und-nrw-sturm-und-heftiger-starkregen-drohen-50-liter-regen.html&quot;}\" data-sctrack=\"BodyAnchor\" rel=\"nofollow noopener\" target=\"_blank\">Auch am Freitag sind laut ersten Prognosen Gewitter und schauerartiger Regen m\u00f6glich<\/a>. In exponierten Lagen k\u00f6nnen Sturmb\u00f6en Windgeschwindigkeiten von mehr als 80 km\/h erreichen.<\/p>\n<p>Wetter Aachen und NRW: Herbst-Unwetter drohen \u2013 amtliche Warnung<\/p>\n<p class=\"text-18 leading-17 user-text-lg:text-22 user-text-xl:text-24\">Zudem erwarten die Meteorologen einen Temperatursturz: <a href=\"https:\/\/koeln.t-online.de\/region\/koeln\/id_101412142\/unwetter-in-nrw-starkregen-und-hagel-treffen-koeln-am-montag.html\" class=\"transition-colors cursor-pointer no-underline md:hover:text-magenta md:focus:text-magenta border-b border-solid border-current text-salemsfur md:hover:border-magenta\" data-tracking=\"{&quot;action&quot;:&quot;click&quot;,&quot;category&quot;:&quot;intextLink&quot;,&quot;label&quot;:&quot;https:\/\/koeln.t-online.de\/region\/koeln\/id_101412142\/unwetter-in-nrw-starkregen-und-hagel-treffen-koeln-am-montag.html&quot;}\" data-sctrack=\"BodyAnchor\" rel=\"nofollow noopener\" target=\"_blank\">Schon in der Nacht von Freitag auf Samstag sinken die Temperaturen auf 15 bis 11 Grad, in der Nacht zu Sonntag wird es dann in den meisten Landesteilen einstellig.<\/a> Der DWD erwartet \u00fcberwiegend 11 bis 8 Grad, in Tal- und Muldenlagen sind sogar Tiefstwerte von bis zu 6 Grad sowie st\u00e4rkerer Nebel m\u00f6glich.<\/p>\n<p>Im Video | So wird das Wetter in Ihrer Region<\/p>\n<p><img loading=\"lazy\" src=\"https:\/\/aachen.t-online.de\/s\/paper\/_next\/static\/media\/loading-indicator.1490436c.svg\" alt=\"Video l\u00e4dt\" title=\"Video l\u00e4dt\" class=\"block h-[calc(var(--height)_\/_16_*_1rem)] w-[calc(var(--width)_\/_16_*_1rem)] max-w-none undefined\" style=\"--width:66;--height:64\" decoding=\"async\"\/><img   loading=\"lazy\" src=\"https:\/\/www.europesays.com\/de\/wp-content\/uploads\/2026\/08\/nach-einem-noch-vergleichsweise-frischen-tag-kehrt-der-sommer-zurueck-bereits-ab-donnerstag-steigen-.jpeg\" alt=\"Wetter in Sachsen-Anhalt\" title=\"Wetter in Sachsen-Anhalt\" width=\"2048\" height=\"1152\" class=\"w-full [grid-area:stack]\" decoding=\"async\"\/>Quelle: Glomex<\/p>\n<p class=\"text-18 leading-17 user-text-lg:text-22 user-text-xl:text-24\">Das Schweizer Wettermodell Super-HD erwartet dabei die niedrigen Temperaturen vor allem in der Eifel im Kreis Euskirchen und der St\u00e4dteregion Aachen. Dort sind bis zu sechs Grad nicht ausgeschlossen. In Aachen und den umliegenden Kommunen werden dagegen laut dem Wettermodell Werte zwischen 9 und 14 Grad erwartet.<\/p>\n<p>Nur noch 6 Grad: Temperatursturz in Aachen und der Region erwartet<\/p>\n<p class=\"text-18 leading-17 user-text-lg:text-22 user-text-xl:text-24\"><a href=\"https:\/\/www.t-online.de\/nachrichten\/panorama\/wetter\/id_101404404\/rekord-el-nino-im-aufbau-in-deutschland-beginnt-das-grosse-winter-raetseln.html\" class=\"transition-colors cursor-pointer no-underline md:hover:text-magenta md:focus:text-magenta border-b border-solid border-current text-salemsfur md:hover:border-magenta\" data-tracking=\"{&quot;action&quot;:&quot;click&quot;,&quot;category&quot;:&quot;intextLink&quot;,&quot;label&quot;:&quot;https:\/\/www.t-online.de\/nachrichten\/panorama\/wetter\/id_101404404\/rekord-el-nino-im-aufbau-in-deutschland-beginnt-das-grosse-winter-raetseln.html&quot;}\" data-sctrack=\"BodyAnchor\" rel=\"nofollow noopener\" target=\"_blank\">Hinzu kommen auch \u00fcber das erste September-Wochenende hinaus weitere Regenschauer<\/a>. So erwartet das Wettermodell des Europ\u00e4ischen Zentrums f\u00fcr mittelfristige Wettervorhersagen (ECMWF) bis Ende der zweiten Septemberwoche fast 60 Liter Regen pro Quadratmeter in NRW, der Schwerpunkt soll dabei im Bergischen Land liegen. In Aachen sind zwischen 40 und 50 Litern Regen pro Quadratmeter m\u00f6glich..<\/p>\n<p class=\"text-18 leading-17 user-text-lg:text-22 user-text-xl:text-24\">Ein wenig geringer fallen die Prognosen des zweiten gro\u00dfen mittelfristigen Modells GFS aus. <a href=\"https:\/\/www.t-online.de\/nachrichten\/panorama\/wetter\/id_101413716\/wetter-in-deutschland-dwd-ruft-zahlreiche-amtliche-gewitter-warnungen-aus.html\" class=\"transition-colors cursor-pointer no-underline md:hover:text-magenta md:focus:text-magenta border-b border-solid border-current text-salemsfur md:hover:border-magenta\" data-tracking=\"{&quot;action&quot;:&quot;click&quot;,&quot;category&quot;:&quot;intextLink&quot;,&quot;label&quot;:&quot;https:\/\/www.t-online.de\/nachrichten\/panorama\/wetter\/id_101413716\/wetter-in-deutschland-dwd-ruft-zahlreiche-amtliche-gewitter-warnungen-aus.html&quot;}\" data-sctrack=\"BodyAnchor\" rel=\"nofollow noopener\" target=\"_blank\">Die US-Wetterexperten rechnen mit bis zu 35 Litern Regen pro Quadratmeter, in Aachen sollen zwischen 20 und 30 Litern pro Quadratmeter fallen<\/a>.<\/p>\n","protected":false},"excerpt":{"rendered":"Temperatursturz erwartet Gewitter erreichen Aachen und NRW \u2013 dann nur noch 6 Grad 04.09.2026 &#8211; 03:40 UhrLesedauer: 2&hellip;\n","protected":false},"author":2,"featured_media":1279146,"comment_status":"","ping_status":"","sticky":false,"template":"","format":"standard","meta":{"footnotes":"","_share_on_mastodon":"0"},"categories":[1853],"tags":[1424,513,3364,950,29,9056,3405,4906,1418,548,663,3934,2214,30,19634,13,14,15,1209,33548,27551,13619,33547,12,4888,4028,2256,51242,5415,2255],"class_list":["post-1279145","post","type-post","status-publish","format-standard","has-post-thumbnail","category-aachen","tag-aachen","tag-auto","tag-de","tag-deutscher-wetterdienst","tag-deutschland","tag-dueren","tag-duesseldorf","tag-dwd","tag-eifel","tag-eu","tag-europa","tag-europe","tag-euskirchen","tag-germany","tag-gewitter","tag-headlines","tag-nachrichten","tag-news","tag-nordrhein-westfalen","tag-oberbergischer-kreis","tag-rhein-erft-kreis","tag-rhein-sieg-kreis","tag-rheinisch-bergischer-kreis","tag-schlagzeilen","tag-temperatursturz","tag-unwetter","tag-wetterausblick","tag-wettermodell","tag-wetterprognose","tag-wettervorhersage"],"share_on_mastodon":{"url":"https:\/\/pubeurope.com\/@de\/117210243053189385","error":""},"_links":{"self":[{"href":"https:\/\/www.europesays.com\/de\/wp-json\/wp\/v2\/posts\/1279145","targetHints":{"allow":["GET"]}}],"collection":[{"href":"https:\/\/www.europesays.com\/de\/wp-json\/wp\/v2\/posts"}],"about":[{"href":"https:\/\/www.europesays.com\/de\/wp-json\/wp\/v2\/types\/post"}],"author":[{"embeddable":true,"href":"https:\/\/www.europesays.com\/de\/wp-json\/wp\/v2\/users\/2"}],"replies":[{"embeddable":true,"href":"https:\/\/www.europesays.com\/de\/wp-json\/wp\/v2\/comments?post=1279145"}],"version-history":[{"count":0,"href":"https:\/\/www.europesays.com\/de\/wp-json\/wp\/v2\/posts\/1279145\/revisions"}],"wp:featuredmedia":[{"embeddable":true,"href":"https:\/\/www.europesays.com\/de\/wp-json\/wp\/v2\/media\/1279146"}],"wp:attachment":[{"href":"https:\/\/www.europesays.com\/de\/wp-json\/wp\/v2\/media?parent=1279145"}],"wp:term":[{"taxonomy":"category","embeddable":true,"href":"https:\/\/www.europesays.com\/de\/wp-json\/wp\/v2\/categories?post=1279145"},{"taxonomy":"post_tag","embeddable":true,"href":"https:\/\/www.europesays.com\/de\/wp-json\/wp\/v2\/tags?post=1279145"}],"curies":[{"name":"wp","href":"https:\/\/api.w.org\/{rel}","templated":true}]}}