{"id":1279155,"date":"2026-09-04T01:54:18","date_gmt":"2026-09-04T01:54:18","guid":{"rendered":"https:\/\/www.europesays.com\/de\/1279155\/"},"modified":"2026-09-04T01:54:18","modified_gmt":"2026-09-04T01:54:18","slug":"augsburg-lka-uebernimmt-ermittlungen-nach-explosion-in-augsburg","status":"publish","type":"post","link":"https:\/\/www.europesays.com\/de\/1279155\/","title":{"rendered":"Augsburg | LKA \u00fcbernimmt Ermittlungen nach Explosion in Augsburg"},"content":{"rendered":"<p>Augsburg (dpa) &#8211; Nach einer Explosion in der Augsburger Innenstadt mit zwei Verletzen hat das Bayerische Landeskriminalamt (LKA) nun die Ermittlungen \u00fcbernommen. Zun\u00e4chst war die Kripo beim Polizeipr\u00e4sidiums in Augsburg f\u00fcr den Fall zust\u00e4ndig gewesen. Laut einem Sprecher der Augsburger Staatsanwaltschaft gibt es allerdings keinen neuen Ermittlungsstand in dem Fall.<\/p>\n<p>Nach Angaben der Ermittler wird weiterhin versucht, die Hintergr\u00fcnde der Explosion aufzukl\u00e4ren und einen T\u00e4ter zu identifizieren. Das LKA war bereits unmittelbar nach der Explosion mit Spezialisten am Tatort. Bei Delikten mit Sprengstoff werden routinem\u00e4\u00dfig sehr oft die LKA-Experten von den \u00f6rtlichen Kriminalpolizeien hinzugezogen.<\/p>\n<p>Dies f\u00fchrt allerdings nicht immer dazu, dass die Sachbearbeitung gleich ganz vom LKA in M\u00fcnchen \u00fcbernommen wird. Einen konkreten Grund f\u00fcr die \u00dcbernahme des Augsburger Falls durch die LKA-Ermittler wurde zun\u00e4chst von keiner Seite genannt.<\/p>\n<p>Zusammenh\u00e4nge mit \u00e4hnlichen F\u00e4llen werden gepr\u00fcft<\/p>\n<p>Am Mittwoch gegen 3.15 Uhr waren in der Passage eines Gesch\u00e4ftshauses gegen\u00fcber dem Augsburger Hauptbahnhof ein Gegenstand explodiert, zwei jungen Menschen wurden durch Knalltraumata leicht verletzt. Die Ermittler gehen davon aus, dass sie als Passanten zuf\u00e4llig Opfer wurden und die Tat ihnen nicht gegolten hat.\u00a0<\/p>\n<p>Nach Berichten mehrerer Medien handelte es sich um eine Handgranate, die in den Durchgang geworfen wurde und explodierte. Offiziell wird dies von der Polizei bislang nicht best\u00e4tigt. Auch Berichte dar\u00fcber, dass es sich um einen Anschlag auf ein spezielles Gesch\u00e4ft gehandelt habe, werden nicht kommentiert.<\/p>\n<p>Besteht Zusammenhang zu \u00e4hnlichen F\u00e4llen?<\/p>\n<p>\u00abDie Ermittlungen gehen weit ge\u00f6ffnet in alle Richtungen\u00bb, sagte ein Sprecher des Polizeipr\u00e4sidiums in Augsburg dazu. Dazu z\u00e4hlte auch die Pr\u00fcfung, ob es Zusammenh\u00e4nge zu \u00e4hnlichen F\u00e4llen in der Vergangenheit gebe. Erst im Juli hatte die Polizei beispielsweise berichtet, dass ein oder mehrere unbekannte T\u00e4ter nachts Sch\u00fcsse auf ein Augsburger Billardcaf\u00e9 abgegeben hatten. Niemand wurde damals verletzt, das Caf\u00e9 war geschlossen.<\/p>\n<p>F\u00fcnf Stunden nach der Explosion gab es am Mittwoch im benachbarten Hauptbahnhof einen Bombenalarm, nachdem ein verd\u00e4chtiger Gegenstand entdeckt wurde. Der gesamte Bahnverkehr wurde daraufhin f\u00fcr etwa eineinhalb Stunden eingestellt und der Bahnhof ger\u00e4umt. Letztlich stellte es sich aber als falscher Alarm heraus, der Gegenstand war harmlos.<\/p>\n","protected":false},"excerpt":{"rendered":"Augsburg (dpa) &#8211; Nach einer Explosion in der Augsburger Innenstadt mit zwei Verletzen hat das Bayerische Landeskriminalamt (LKA)&hellip;\n","protected":false},"author":2,"featured_media":1279156,"comment_status":"","ping_status":"","sticky":false,"template":"","format":"standard","meta":{"footnotes":"","_share_on_mastodon":"0"},"categories":[1846],"tags":[680,1739,772,3364,29,548,663,3934,2805,30,13,1584,14,15,12,7727,601],"class_list":["post-1279155","post","type-post","status-publish","format-standard","has-post-thumbnail","category-augsburg","tag-augsburg","tag-bahn","tag-bayern","tag-de","tag-deutschland","tag-eu","tag-europa","tag-europe","tag-explosion","tag-germany","tag-headlines","tag-kriminalitaet","tag-nachrichten","tag-news","tag-schlagzeilen","tag-schwaben","tag-verkehr"],"share_on_mastodon":{"url":"https:\/\/pubeurope.com\/@de\/117210281904334398","error":""},"_links":{"self":[{"href":"https:\/\/www.europesays.com\/de\/wp-json\/wp\/v2\/posts\/1279155","targetHints":{"allow":["GET"]}}],"collection":[{"href":"https:\/\/www.europesays.com\/de\/wp-json\/wp\/v2\/posts"}],"about":[{"href":"https:\/\/www.europesays.com\/de\/wp-json\/wp\/v2\/types\/post"}],"author":[{"embeddable":true,"href":"https:\/\/www.europesays.com\/de\/wp-json\/wp\/v2\/users\/2"}],"replies":[{"embeddable":true,"href":"https:\/\/www.europesays.com\/de\/wp-json\/wp\/v2\/comments?post=1279155"}],"version-history":[{"count":0,"href":"https:\/\/www.europesays.com\/de\/wp-json\/wp\/v2\/posts\/1279155\/revisions"}],"wp:featuredmedia":[{"embeddable":true,"href":"https:\/\/www.europesays.com\/de\/wp-json\/wp\/v2\/media\/1279156"}],"wp:attachment":[{"href":"https:\/\/www.europesays.com\/de\/wp-json\/wp\/v2\/media?parent=1279155"}],"wp:term":[{"taxonomy":"category","embeddable":true,"href":"https:\/\/www.europesays.com\/de\/wp-json\/wp\/v2\/categories?post=1279155"},{"taxonomy":"post_tag","embeddable":true,"href":"https:\/\/www.europesays.com\/de\/wp-json\/wp\/v2\/tags?post=1279155"}],"curies":[{"name":"wp","href":"https:\/\/api.w.org\/{rel}","templated":true}]}}