{"id":1279166,"date":"2026-09-04T02:01:22","date_gmt":"2026-09-04T02:01:22","guid":{"rendered":"https:\/\/www.europesays.com\/de\/1279166\/"},"modified":"2026-09-04T02:01:22","modified_gmt":"2026-09-04T02:01:22","slug":"sattel-diebstaehle-festnahmen-nach-einbruch-serie-in-reitanlagen-in-der-region-haller-kreisblatt-2","status":"publish","type":"post","link":"https:\/\/www.europesays.com\/de\/1279166\/","title":{"rendered":"Sattel-Diebst\u00e4hle: Festnahmen nach Einbruch-Serie in Reitanlagen in der Region | Haller Kreisblatt"},"content":{"rendered":"<p id=\"absatz1\" class=\"em_text\">Werther\/Versmold. Seit Anfang Juni sorgt eine Einbruchsserie in den Reitanlagen in der Region f\u00fcr Unruhe. Die T\u00e4ter haben es offenbar auf hochwertige Reits\u00e4ttel abgesehen. Auch im Altkreis Halle brachen Unbekannte in zwei Reitanlagen ein.<\/p>\n<p id=\"absatz2\" class=\"em_text\">Zwischen dem 6. und 7. Juli war es zu einem ersten Einbruch in eine Reitanlage an der J\u00f6llenbecker Stra\u00dfe in Werther bekommen sein. Die T\u00e4ter stahlen mehrere S\u00e4ttel. Nur drei Tage sp\u00e4ter meldete die Polizei einen weiteren Einbruch dieser Art in Versmold. Betroffen war eine Reitanlage an der Stra\u00dfe \u201eAm Sandbrink\u201c. Auch dort nahmen die T\u00e4ter eine gr\u00f6\u00dfere Anzahl von S\u00e4tteln mit. Bereits im Juli hatte die Polizei im Kreis G\u00fctersloh mitgeteilt, einen Zusammenhang zwischen den Taten zu pr\u00fcfen.<\/p>\n<p id=\"absatz3\" class=\"em_text\">Nun sind die Ermittler offenbar einen Schritt weiter \u2013 allerdings hatten sie ihren Erfolg im Kreis Osnabr\u00fcck. In der Nacht zu Donnerstag, 3. September, gelang es ihnen, zwei Tatverd\u00e4chtige in Belm festzunehmen. Zuvor sollen die M\u00e4nner erneut zugeschlagen und in drei Reiterh\u00f6fe im Raum Warendorf eingebrochen sein.<\/p>\n<p>Festgenommene kommen f\u00fcr 13 Taten infrage<\/p>\n<p class=\"em_text\">Nach dem derzeitigen Stand der Ermittlungen kommen die beiden M\u00e4nner f\u00fcr insgesamt 13 Taten in Niedersachsen und Nordrhein-Westfalen infrage.<\/p>\n<p id=\"absatz5\" class=\"em_text\">Als Tatorte werden unter anderem Vechta, Hagen am Teutoburger Wald, Bramsche, Ibbenb\u00fcren und Warendorf genannt \u2013 aber auch der Kreis G\u00fctersloh, wie Polizeisprecher Jannis Gervelmeyer auf Nachfrage des Haller Kreisblattes best\u00e4tigt. Demnach sei es sehr wahrscheinlich, dass auch die beiden Einbr\u00fcche in Werther und Versmold auf das Konto der beiden Festgenommenen gehen.<\/p>\n<p id=\"absatz6\" class=\"em_text\">\u201eAlles, was in den letzten drei Monaten in Niedersachsen und im angrenzenden NRW an Taten dieser Art ver\u00fcbt wurde, werden aller Wahrscheinlichkeit nach die gleichen T\u00e4ter gewesen sein\u201c, sagt Gervelmeyer.<\/p>\n<p id=\"absatz7\"><b class=\"bold\">Zum ersten Fall:<\/b> <a href=\"https:\/\/www.haller-kreisblatt.de\/lokal\/werther\/24370797_Diebe-stehlen-Saettel-in-Werther-Polizei-ermittelt-nach-Stalleinbruch.html\" rel=\"nofollow noopener\" target=\"_blank\">Diebe stehlen S\u00e4ttel in Werther: Polizei ermittelt nach Stalleinbruch<\/a><\/p>\n<p>Ermittlungen laufen weiter<\/p>\n<p id=\"absatz8\" class=\"em_text\">Die Details sollen nun in den weiteren Ermittlungen gekl\u00e4rt werden. Die Ermittler haben dabei noch einiges zu tun: Von einem Gro\u00dfteil der entwendeten Reits\u00e4ttel fehlt bislang jede Spur. \u201eF\u00fcr die betroffenen Reiterh\u00f6fe in der Region d\u00fcrfte die Festnahme dennoch zun\u00e4chst f\u00fcr etwas Erleichterung sorgen\u201c, so Gervelmeyer.<\/p>\n<p>Wer die Tatverd\u00e4chtigen sind<\/p>\n<p id=\"absatz9\" class=\"em_text\">Bei den Festgenommenen handelt es sich um einen 43-j\u00e4hrigen Mann aus Belm sowie einen 55-J\u00e4hrigen ohne festen Wohnsitz in Deutschland. Auf Antrag der Staatsanwaltschaft soll f\u00fcr beide Tatverd\u00e4chtigen Untersuchungshaft beantragt werden.<\/p>\n<p id=\"absatz10\" class=\"em_text\">Mit den Festnahmen ist den Ermittlern ein wichtiger Schlag gegen die seit Monaten andauernde Einbruchsserie gelungen. Der bislang bekannte Gesamtschaden liegt bei mehr als 200.000 Euro.<\/p>\n<p id=\"absatz11\"><b class=\"bold TextRun BCX2 SCXO240115915 NormalTextRun BCX2 SCXO240115915\">\ud83d\udcf2 Aktuelle News bekommen Sie t\u00e4glich \u00fcber den <\/b><a href=\"https:\/\/whatsapp.com\/channel\/0029VagU0FW1SWsxhmHz2v0q\" rel=\"noreferrer noopener nofollow\" target=\"_blank\"><b class=\"bold\">WhatsApp-Kanal des HK<\/b><\/a> <\/p>\n","protected":false},"excerpt":{"rendered":"Werther\/Versmold. Seit Anfang Juni sorgt eine Einbruchsserie in den Reitanlagen in der Region f\u00fcr Unruhe. Die T\u00e4ter haben&hellip;\n","protected":false},"author":2,"featured_media":1279026,"comment_status":"","ping_status":"","sticky":false,"template":"","format":"standard","meta":{"footnotes":"","_share_on_mastodon":"0"},"categories":[1841],"tags":[263880,1605,102404,3364,29,2817,980,30,4062,263879,217947,23746,9308,198343,19081,164252,229797,16384,1613,1411,1209,741,121,68712,263878,21780,100279,6715],"class_list":["post-1279166","post","type-post","status-publish","format-standard","has-post-thumbnail","category-bielefeld","tag-belm","tag-bielefeld","tag-cnt_top-artikel","tag-de","tag-deutschland","tag-einbruchsserie","tag-festnahme","tag-germany","tag-halle","tag-jannis-gervelmeyer","tag-joellenbecker-strasse","tag-kreis-guetersloh","tag-label_republish","tag-meta_artikelklasse_aboanker","tag-meta_copyrights_hk","tag-meta_eo_zusammenfassung","tag-meta_prio_1","tag-meta_themen_blaulicht_sicherheit","tag-meta_userneeds_informieremich","tag-niedersachsen","tag-nordrhein-westfalen","tag-osnabrueck","tag-polizei","tag-reitanlage","tag-reitsattel","tag-versmold","tag-warendorf","tag-werther"],"share_on_mastodon":{"url":"","error":"Validation failed: Text character limit of 500 exceeded"},"_links":{"self":[{"href":"https:\/\/www.europesays.com\/de\/wp-json\/wp\/v2\/posts\/1279166","targetHints":{"allow":["GET"]}}],"collection":[{"href":"https:\/\/www.europesays.com\/de\/wp-json\/wp\/v2\/posts"}],"about":[{"href":"https:\/\/www.europesays.com\/de\/wp-json\/wp\/v2\/types\/post"}],"author":[{"embeddable":true,"href":"https:\/\/www.europesays.com\/de\/wp-json\/wp\/v2\/users\/2"}],"replies":[{"embeddable":true,"href":"https:\/\/www.europesays.com\/de\/wp-json\/wp\/v2\/comments?post=1279166"}],"version-history":[{"count":0,"href":"https:\/\/www.europesays.com\/de\/wp-json\/wp\/v2\/posts\/1279166\/revisions"}],"wp:featuredmedia":[{"embeddable":true,"href":"https:\/\/www.europesays.com\/de\/wp-json\/wp\/v2\/media\/1279026"}],"wp:attachment":[{"href":"https:\/\/www.europesays.com\/de\/wp-json\/wp\/v2\/media?parent=1279166"}],"wp:term":[{"taxonomy":"category","embeddable":true,"href":"https:\/\/www.europesays.com\/de\/wp-json\/wp\/v2\/categories?post=1279166"},{"taxonomy":"post_tag","embeddable":true,"href":"https:\/\/www.europesays.com\/de\/wp-json\/wp\/v2\/tags?post=1279166"}],"curies":[{"name":"wp","href":"https:\/\/api.w.org\/{rel}","templated":true}]}}