{"id":1279168,"date":"2026-09-04T02:03:16","date_gmt":"2026-09-04T02:03:16","guid":{"rendered":"https:\/\/www.europesays.com\/de\/1279168\/"},"modified":"2026-09-04T02:03:16","modified_gmt":"2026-09-04T02:03:16","slug":"312-000-euro-planungskosten-warum-der-lesesaal-ii-vorerst-nicht-kommt-blickfeld","status":"publish","type":"post","link":"https:\/\/www.europesays.com\/de\/1279168\/","title":{"rendered":"312.000 Euro Planungskosten \u2013 Warum der Lesesaal II (vorerst) nicht kommt &#8211; blickfeld"},"content":{"rendered":"<p class=\"wp-block-paragraph\">Mit seinen <strong>Einzel- und Gruppenarbeitspl\u00e4tzen<\/strong> erfreut sich der <strong><a href=\"https:\/\/bib.uni-wuppertal.de\/de\/lernen\/arbeitsplaetze\/lesesaele\/\" target=\"_blank\" rel=\"noreferrer noopener nofollow\">Lesesaal auf Ebene 10<\/a><\/strong> der <strong>Universit\u00e4tsbibliothek<\/strong> am Campus Grifflenberg einer gro\u00dfen Beliebtheit unter den Studierenden. Auch in anderen Bereichen der Uni-Bibliothek wurde die <strong>Zahl der Arbeitspl\u00e4tze<\/strong> erh\u00f6ht. Im <strong><a href=\"https:\/\/hep.uni-wuppertal.de\/de\/hochschulentwicklungsplan\/\" target=\"_blank\" rel=\"noreferrer noopener nofollow\">Hochschulentwicklungsplan (HEP) 2026 bis 2035<\/a><\/strong> verspricht das <strong>Rektorat <\/strong>dar\u00fcber hinaus: \u201eWir erweitern die Leses\u00e4le und bauen das Angebot an studentischen Arbeitspl\u00e4tzen aus.\u201c<\/p>\n<p>Lesesaal II sollte auf der Dachfl\u00e4che der Ebene BZ.09 entstehen<\/p>\n<p class=\"wp-block-paragraph\">Doch schon vor der Ver\u00f6ffentlichung des HEP wurde mit einem Projekt zum <strong>Bau eines zweiten Lesesaals<\/strong> begonnen. Im <strong><a href=\"https:\/\/www.uni-wuppertal.de\/fileadmin\/data\/bu\/01\/pdf\/VeroeffentlichungenBroschueren\/Rektoratsbericht\/Rektoratsberich_2021_neu.pdf\" target=\"_blank\" rel=\"noreferrer noopener nofollow\">Rektoratsbericht 2021<\/a><\/strong> wird dazu angek\u00fcndigt: \u201eGeplanter <strong>Baubeginn<\/strong> ist im Jahr <strong>2022<\/strong>.\u201c Im <strong><a href=\"https:\/\/www.uni-wuppertal.de\/fileadmin\/data\/bu\/01\/pdf\/VeroeffentlichungenBroschueren\/Rektoratsbericht\/Rektoratsbericht_2022_neu.pdf\" target=\"_blank\" rel=\"noreferrer noopener nofollow\">folgenden Rektoratsbericht<\/a><\/strong> hei\u00dft es: \u201eDas Projekt f\u00fcr die Realisierung des Baus eines zweiten Lesesaals in der Bibliothek wurde begonnen, mit dem Bau konnte allerdings <strong>nicht mehr im Jahr 2022<\/strong> gestartet werden.\u201c Im <strong><a href=\"https:\/\/www.uni-wuppertal.de\/de\/universitaet\/informationen\/publikationen-veroeffentlichungen\/jahresabschluss\/\" target=\"_blank\" rel=\"noreferrer noopener nofollow\">Jahresabschluss 2024<\/a><\/strong> der Wuppertaler Universit\u00e4t steht hingegen: \u201e<strong>Abgang einer Anlage<\/strong> im Bau aus Vorjahren in <strong>H\u00f6he von TEUR 312<\/strong>. Der Bau zur <strong>Aufstockung der Bibliothek<\/strong> wurde <strong>nicht weiterverfolgt<\/strong>.\u201c<\/p>\n<p><a href=\"https:\/\/www.europesays.com\/de\/wp-content\/uploads\/2026\/09\/ort-lesesaal-2_google-earth.jpg\" data-slb-active=\"1\" data-slb-asset=\"1045948346\" data-slb-internal=\"0\" data-slb-group=\"48175\"><img loading=\"lazy\" decoding=\"async\" width=\"1200\" height=\"800\" src=\"https:\/\/www.europesays.com\/de\/wp-content\/uploads\/2026\/09\/ort-lesesaal-2_google-earth.jpg\" alt=\"\" class=\"wp-image-48178\"  \/><\/a>Auf der freien Fl\u00e4che links sollte der Lesesaal II gebaut werden \u2013 Foto\/Screenshot: Google Earth Studio<\/p>\n<p class=\"wp-block-paragraph\">\u201eBei dem <strong>Betrag von 312.000 Euro<\/strong> handelt es sich um die bis zum <strong>Zeitpunkt der Projektunterbrechung<\/strong> tats\u00e4chlich <strong>angefallenen Planungskosten<\/strong>. Diese umfassen die vollst\u00e4ndige Durchf\u00fchrung der Leistungsphasen 1 bis 5 nach Honorarordnung f\u00fcr Architekten und Ingenieure (HOAI), einschlie\u00dflich der erbrachten <strong>Entwurfs- und Genehmigungsplanungen<\/strong> durch das beauftragte Architekturb\u00fcro\u201c, erl\u00e4utert eine <strong>Uni-Sprecherin<\/strong> auf blickfeld-Nachfrage. Weitere <strong>Informationen<\/strong>, etwa den Ort des Lesesaals \u2013 die freie <strong>Dachfl\u00e4che der Ebene BZ.09<\/strong> \u2013 sowie eine <strong>Renderaufnahme<\/strong> des Entwurfs, sind auf der Webseite des <strong><a href=\"https:\/\/www.schamp-partner.de\/alle-projekte\/lesesaal-ii-der-bergischen-universitat-wuppertal\" target=\"_blank\" rel=\"noreferrer noopener nofollow\">Architekturb\u00fcros Schamp &amp; Partner<\/a><\/strong> zu finden.<\/p>\n<p>Kosten und Nutzen standen \u201ein keinem angemessenen Verh\u00e4ltnis\u201c<\/p>\n<p class=\"wp-block-paragraph\">Zu den <strong>Gr\u00fcnden<\/strong>, warum das Projekt nicht realisiert wurde, erkl\u00e4rt eine Uni-Sprecherin: \u201eIm Rahmen der weiteren Planungsvertiefung zeigten sich deutlich <strong>h\u00f6here Anforderungen<\/strong> an die <strong>Statik <\/strong>sowie an den <strong>Brandschutz<\/strong> f\u00fcr die geplante Stahlkonstruktion. Diese zus\u00e4tzlichen Anforderungen h\u00e4tten zu <strong>erheblichen Mehrkosten<\/strong> gef\u00fchrt.\u201c Internationale Krisen und daraus resultierende <strong>Lieferkettenst\u00f6rungen <\/strong>h\u00e4tten zudem die <strong>Baukosten<\/strong> um etwa <strong>30 bis 40 Prozent erh\u00f6ht<\/strong>. Auch sei es bei der Mehrheit der Bauunternehmen zu <strong>Engp\u00e4ssen bei wichtigen Baumaterialien<\/strong> gekommen. \u201eDiese Marktlage f\u00fchrte zu tagesaktuellen, teilweise gar nicht mehr verbindlichen Preisangaben von Lieferanten und machte eine <strong>wirtschaftliche Realisierung<\/strong> der Ma\u00dfnahme nicht mehr zielf\u00fchrend\u201c, so die Uni-Pressestelle, die zus\u00e4tzlich auf aktuelle Entwicklungen wie die <strong>sinkende Grundfinanzierung der Hochschulen<\/strong> durch das Land NRW hinweist. \u201eDer geplante <strong>Raumgewinn <\/strong>von etwas \u00fcber 400 m\u00b2 Nutzfl\u00e4che stand in keinem angemessenen Verh\u00e4ltnis zu den entstehenden <strong>Gesamtkosten<\/strong>.\u201c<\/p>\n<p>Unterst\u00fctze die CampusZeitung blickfeld<\/p>\n<p><strong>Schon ein kleiner Beitrag hilft uns, unseren Job noch besser zu machen!<\/strong> So kannst du uns unterst\u00fctzen:<\/p>\n<p>Abo per <a class=\"gofollow\" data-track=\"MTIsMCwxMA==\" href=\"https:\/\/steadyhq.com\/de\/blickfeld-wuppertal\" rel=\"noopener noreferrer nofollow\" target=\"_blank\">Steady<\/a>, <a class=\"gofollow\" data-track=\"MTIsMCwxMA==\" href=\"https:\/\/www.paypal.me\/blickfeldwtal\" rel=\"noopener noreferrer nofollow\" target=\"_blank\">Einmalzahlung<\/a> oder <a class=\"gofollow\" data-track=\"MTIsMCwxMA==\" href=\"https:\/\/www.blickfeld-wuppertal.de\/anzeigen-abo\/werbeanzeige-schalten\" rel=\"noopener noreferrer nofollow\" target=\"_blank\">Anzeige<\/a><\/p>\n<p>Damit wir unser Engagement ausbauen k\u00f6nnen, ist eure Unterst\u00fctzung gefragt &#8211; f\u00fcr mehr Recherchen und Berichte.<\/p>\n<p><strong>Ihr k\u00f6nnt uns mit einem monatlichen oder einmaligen Beitrag unterst\u00fctzen oder eine Anzeige schalten.<\/strong><\/p>\n<p><a class=\"gofollow\" data-track=\"MTIsMCwxMA==\" href=\"https:\/\/steadyhq.com\/de\/blickfeld-wuppertal\" rel=\"noopener noreferrer nofollow\" target=\"_blank\">Abo per Steady<\/a> | <a class=\"gofollow\" data-track=\"MTIsMCwxMA==\" href=\"https:\/\/www.paypal.me\/blickfeldwtal\" rel=\"noopener noreferrer nofollow\" target=\"_blank\">Einmalzahlung mit PayPal<\/a> | <a class=\"gofollow\" data-track=\"MTIsMCwxMA==\" href=\"https:\/\/www.blickfeld-wuppertal.de\/anzeigen-abo\/werbeanzeige-schalten\" rel=\"noopener noreferrer nofollow\" target=\"_blank\">Anzeige schalten<\/a><\/p>\n<p>Zur CampusZeitung blickfeld:<\/p>\n<p>Seit 2011 versorgen wir als <a class=\"gofollow\" data-track=\"MTIsMCwxMA==\" href=\"https:\/\/www.blickfeld-wuppertal.de\/ueber-uns\" rel=\"noopener noreferrer nofollow\" target=\"_blank\">unabh\u00e4ngiges Medium an der Bergischen Universit\u00e4t Wuppertal<\/a> die Studierenden, Mitarbeiter\/-innen und alle Interessierten aus dem Bergischen St\u00e4dtedreieck und dar\u00fcber hinaus mit Nachrichten vom Campus und aus dem Tal. Unsere <strong>Unabh\u00e4ngigkeit<\/strong> ist unsere st\u00e4rkste Eigenschaft. Wir sind weder eine Zeitung des Allgemeinen Studierendenausschusses (AStA) noch eine Publikation unter der Schirmherrschaft der Universit\u00e4t. Damit sind wir keinen fremden Interessen verpflichtet, k\u00f6nnen frei Themen w\u00e4hlen und dabei auch unbequem werden. <a class=\"gofollow\" data-track=\"MTIsMCwxMA==\" href=\"https:\/\/www.blickfeld-wuppertal.de\/ueber-uns\" rel=\"noopener noreferrer nofollow\" target=\"_blank\">Mehr \u00fcber uns &#8230;<\/a><\/p>\n<p>Kommt der Lesesaal II in Zukunft doch noch?<\/p>\n<p class=\"wp-block-paragraph\">Zugleich heben die Uni-Verantwortlichen hervor, dass das Projekt bei <strong>besseren Rahmenbedingungen<\/strong>, etwa durch F\u00f6rdermittel, wieder aufgenommen werden k\u00f6nnte, da alle <strong>Planungsgrundlagen <\/strong>und der <strong>Bauantrag <\/strong>vollst\u00e4ndig vorliegen \u2013 \u201eohne dass erneute Planungskosten in dieser H\u00f6he anfallen\u201c, so eine Uni-Sprecherin mit Blick auf die bislang ausgegebenen 312.000 Euro. W\u00e4hrenddessen m\u00f6chte die Universit\u00e4tsleitung die <strong>Sanierung und Modernisierung der bestehenden Bibliotheksfl\u00e4chen<\/strong> auf den Ebenen BZ.09 und BZ.10 vorantreiben. \u00bb<a href=\"https:\/\/www.blickfeld-wuppertal.de\/ueber-uns\/blickfeld-redaktion\" rel=\"nofollow noopener\" target=\"_blank\">mw<\/a>\u00ab<\/p>\n","protected":false},"excerpt":{"rendered":"Mit seinen Einzel- und Gruppenarbeitspl\u00e4tzen erfreut sich der Lesesaal auf Ebene 10 der Universit\u00e4tsbibliothek am Campus Grifflenberg einer&hellip;\n","protected":false},"author":2,"featured_media":1279169,"comment_status":"","ping_status":"","sticky":false,"template":"","format":"standard","meta":{"footnotes":"","_share_on_mastodon":"0"},"categories":[1840],"tags":[2250,33950,3364,29,2314,30,131812,35334,1209,154073,73937,4418],"class_list":["post-1279168","post","type-post","status-publish","format-standard","has-post-thumbnail","category-wuppertal","tag-architektur","tag-campus-grifflenberg","tag-de","tag-deutschland","tag-featured","tag-germany","tag-lernraeume","tag-mw","tag-nordrhein-westfalen","tag-rektorat","tag-universitaetsbibliothek","tag-wuppertal"],"share_on_mastodon":{"url":"https:\/\/pubeurope.com\/@de\/117210317323487732","error":""},"_links":{"self":[{"href":"https:\/\/www.europesays.com\/de\/wp-json\/wp\/v2\/posts\/1279168","targetHints":{"allow":["GET"]}}],"collection":[{"href":"https:\/\/www.europesays.com\/de\/wp-json\/wp\/v2\/posts"}],"about":[{"href":"https:\/\/www.europesays.com\/de\/wp-json\/wp\/v2\/types\/post"}],"author":[{"embeddable":true,"href":"https:\/\/www.europesays.com\/de\/wp-json\/wp\/v2\/users\/2"}],"replies":[{"embeddable":true,"href":"https:\/\/www.europesays.com\/de\/wp-json\/wp\/v2\/comments?post=1279168"}],"version-history":[{"count":0,"href":"https:\/\/www.europesays.com\/de\/wp-json\/wp\/v2\/posts\/1279168\/revisions"}],"wp:featuredmedia":[{"embeddable":true,"href":"https:\/\/www.europesays.com\/de\/wp-json\/wp\/v2\/media\/1279169"}],"wp:attachment":[{"href":"https:\/\/www.europesays.com\/de\/wp-json\/wp\/v2\/media?parent=1279168"}],"wp:term":[{"taxonomy":"category","embeddable":true,"href":"https:\/\/www.europesays.com\/de\/wp-json\/wp\/v2\/categories?post=1279168"},{"taxonomy":"post_tag","embeddable":true,"href":"https:\/\/www.europesays.com\/de\/wp-json\/wp\/v2\/tags?post=1279168"}],"curies":[{"name":"wp","href":"https:\/\/api.w.org\/{rel}","templated":true}]}}