{"id":1279176,"date":"2026-09-04T02:09:21","date_gmt":"2026-09-04T02:09:21","guid":{"rendered":"https:\/\/www.europesays.com\/de\/1279176\/"},"modified":"2026-09-04T02:09:21","modified_gmt":"2026-09-04T02:09:21","slug":"ukraine-krieg-attentat-auf-russischen-general-selenskyj-aeussert-sich","status":"publish","type":"post","link":"https:\/\/www.europesays.com\/de\/1279176\/","title":{"rendered":"Ukraine-Krieg: Attentat auf russischen General \u2013 Selenskyj \u00e4u\u00dfert sich"},"content":{"rendered":"<p>Newsblog zum Krieg in der Ukraine <\/p>\n<p>Attentat auf russischen General \u2013 Selenskyj \u00e4u\u00dfert sich<\/p>\n<p>Aktualisiert am 04.09.2026 &#8211; 03:47 UhrLesedauer: 18 Min.<\/p>\n<p><a href=\"#focus-0\" class=\"transition-colors block text-current relative\" data-sctrack=\"FocusGalleryImage.Reference\"><img fetchpriority=\"high\" data-testid=\"Opener.Image\"   loading=\"eager\" src=\"https:\/\/www.europesays.com\/de\/wp-content\/uploads\/2026\/09\/bei-einem-russischen-drohnenschlag-auf-ein-munitionslager-hat-es-bei-der-ukrainischen-hauptstadt-kie.jpeg\" alt=\"Ukrainischer Pr\u00e4sident Selenskyj\" title=\"Ukrainischer Pr\u00e4sident Selenskyj\" width=\"2048\" height=\"1152\" class=\"bg-[url:var(--lqipURL)] bg-cover bg-center flex h-full w-full max-w-full\" style=\"--lqipURL:url('https:\/\/images.t-online.de\/2026\/08\/tksbu5OF8bvg\/0x107:2048x1152\/fit-in\/150x0\/filters:blur(25)\/bei-einem-russischen-drohnenschlag-auf-ein-munitionslager-hat-es-bei-der-ukrainischen-hauptstadt-kiew-viele-tote-gegeben-archivbild.jpg')\" decoding=\"async\"\/><img loading=\"lazy\" src=\"https:\/\/www.t-online.de\/s\/paper\/_next\/static\/media\/zoom-in.f7dae02f.svg\" alt=\"Vergr\u00f6\u00dfern des Bildes\" title=\"Vergr\u00f6\u00dfern des Bildes\" class=\"block h-[calc(var(--height)_\/_16_*_1rem)] w-[calc(var(--width)_\/_16_*_1rem)] max-w-none absolute right-8 bottom-8 rounded-4 bg-snow p-8\" style=\"--width:32;--height:32\" decoding=\"async\"\/><\/a><\/p>\n<p>Wolodymyr Selenskyj: Er drohte &#8222;Kriminellen&#8220; in Russland damit, von seinen Leuten gefunden zu werden. (Archivbild) (Quelle: Mindaugas Kulbis\/AP\/dpa\/dpa-bilder)<\/p>\n<p class=\"font-bold text-18 leading-17 user-text-lg:text-22 user-text-xl:text-24\">In Russland wird auf einen General geschossen. Die Ukraine hofft auf neue Friedensgespr\u00e4che unter F\u00fchrung der USA. Alle Entwicklungen im Newsblog.<\/p>\n<p>Attentat auf russischen General<\/p>\n<p class=\"text-18 leading-17 user-text-lg:text-22 user-text-xl:text-24\">Auf den russischen General Nikolai Warpakhowitsch hat es offenbar ein Attentat gegeben. Wie russische Telegramkan\u00e4le melden, sei am Donnerstag auf ihn geschossen worden. Er habe sich in der Stadt Engels in der Region Saratow aufgehalten, nahe der sich einer der wichtigsten russischen Luftwaffenst\u00fctzpunkte befindet.<\/p>\n<p class=\"text-18 leading-17 user-text-lg:text-22 user-text-xl:text-24\">Der Leiter der 22. Schweren Bomberdivision sei von mehreren Kugeln getroffen worden, hie\u00df es. Der ukrainische Pr\u00e4sident <a href=\"https:\/\/www.t-online.de\/themen\/wolodymyr-selenskyj\/\" class=\"transition-colors cursor-pointer no-underline md:hover:text-magenta md:focus:text-magenta border-b border-solid border-current text-salemsfur md:hover:border-magenta\" data-tracking=\"{&quot;action&quot;:&quot;click&quot;,&quot;category&quot;:&quot;intextLink&quot;,&quot;label&quot;:&quot;\/themen\/wolodymyr-selenskyj\/&quot;}\" data-sctrack=\"BodyAnchor\" rel=\"nofollow noopener\" target=\"_blank\">Wolodymyr Selenskyj<\/a> best\u00e4tigte den Namen nicht, sprach aber am Abend von &#8222;asymmetrischen Attacken&#8220;, die die <a href=\"https:\/\/www.t-online.de\/themen\/ukraine\/\" class=\"transition-colors cursor-pointer no-underline md:hover:text-magenta md:focus:text-magenta border-b border-solid border-current text-salemsfur md:hover:border-magenta\" data-tracking=\"{&quot;action&quot;:&quot;click&quot;,&quot;category&quot;:&quot;intextLink&quot;,&quot;label&quot;:&quot;\/themen\/ukraine\/&quot;}\" data-sctrack=\"BodyAnchor\" rel=\"nofollow noopener\" target=\"_blank\">Ukraine<\/a> in <a href=\"https:\/\/www.t-online.de\/themen\/russland\/\" class=\"transition-colors cursor-pointer no-underline md:hover:text-magenta md:focus:text-magenta border-b border-solid border-current text-salemsfur md:hover:border-magenta\" data-tracking=\"{&quot;action&quot;:&quot;click&quot;,&quot;category&quot;:&quot;intextLink&quot;,&quot;label&quot;:&quot;\/themen\/russland\/&quot;}\" data-sctrack=\"BodyAnchor\" rel=\"nofollow noopener\" target=\"_blank\">Russland<\/a> durchf\u00fchre. &#8222;Die russischen Kriminellen haben sich nicht versteckt \u2013 sie werden gefunden werden. Und heute gibt es eine weitere Best\u00e4tigung daf\u00fcr, eine Best\u00e4tigung aus der Region Saratow&#8220;, sagte er.<\/p>\n<p class=\"text-18 leading-17 user-text-lg:text-22 user-text-xl:text-24\">Warpakhowitsch wird von der Ukraine vorgeworfen, einen Angriff auf <a href=\"https:\/\/www.t-online.de\/themen\/kiew\/\" class=\"transition-colors cursor-pointer no-underline md:hover:text-magenta md:focus:text-magenta border-b border-solid border-current text-salemsfur md:hover:border-magenta\" data-tracking=\"{&quot;action&quot;:&quot;click&quot;,&quot;category&quot;:&quot;intextLink&quot;,&quot;label&quot;:&quot;\/themen\/kiew\/&quot;}\" data-sctrack=\"BodyAnchor\" rel=\"nofollow noopener\" target=\"_blank\">Kiew<\/a> im Juli 2024 befohlen zu haben, bei dem ein Krankenhaus getroffen wurde. Drei Menschen kamen ums Leben, darunter ein Kind.<\/p>\n<p><a href=\"#focus-1\" class=\"transition-colors block text-current relative\" data-sctrack=\"FocusGalleryImage.Reference\"><img   loading=\"lazy\" src=\"https:\/\/images.t-online.de\/2026\/09\/b5TiiEA84IR4\/0x42:967x544\/fit-in\/967x0\/der-russische-general-nikolai-warpachowitsch-auf-ihn-wurde-offenbar-geschossen.heif\" alt=\"Der russische General Nikolai Warpachowitsch. Auf ihn wurde offenbar geschossen.\" title=\"Der russische General Nikolai Warpachowitsch. Auf ihn wurde offenbar geschossen.\" width=\"967\" height=\"544\" class=\"h-full w-full max-w-full rounded-8\" decoding=\"async\"\/><img loading=\"lazy\" src=\"https:\/\/www.t-online.de\/s\/paper\/_next\/static\/media\/zoom-in.f7dae02f.svg\" alt=\"Vergr\u00f6\u00dfern des Bildes\" title=\"Vergr\u00f6\u00dfern des Bildes\" class=\"block h-[calc(var(--height)_\/_16_*_1rem)] w-[calc(var(--width)_\/_16_*_1rem)] max-w-none absolute right-8 bottom-8 rounded-4 bg-snow p-8\" style=\"--width:32;--height:32\" decoding=\"async\"\/>Der russische General Nikolai Warpachowitsch. Auf ihn wurde offenbar geschossen. (Quelle: Telegram)<\/a><\/p>\n<p>Russland: Tote nach ukrainischem Beschuss<\/p>\n<p class=\"text-18 leading-17 user-text-lg:text-22 user-text-xl:text-24\">Durch ukrainischen Beschuss sind im russischen Grenzgebiet Belgorod nach Beh\u00f6rdenangaben mindestens vier Menschen get\u00f6tet worden. Drei weitere seien verletzt worden, teilte der kommissarische Gouverneur der westrussischen Region, Alexander Schuwajew, bei Telegram mit. Die Opfer waren demnach in einem Krankenwagen in der Stadt Schebekino unterwegs. Schebekino ist nur rund f\u00fcnf Kilometer von der russisch-ukrainischen Grenze entfernt. Russische Truppen sind an diesem Grenzabschnitt bis zu zehn Kilometer weit in die benachbarte ukrainische Region Charkiw vorgedrungen. Die Angaben lassen sich nicht unabh\u00e4ngig \u00fcberpr\u00fcfen.<\/p>\n<p>Kommunikationssperre gegen Leiterin von Kinderhospiz<\/p>\n<p class=\"text-18 leading-17 user-text-lg:text-22 user-text-xl:text-24\">Ein russisches Gericht hat gegen die Leiterin eines Kinderhospizes eine Ausgangs- und Kommunikationssperre verh\u00e4ngt. Die am Vortag wegen Kritik an der russischen Armee festgenommene Lida Moniawa d\u00fcrfe ihre Wohnung zwischen 20.00 und 08.00 Uhr nicht verlassen und kein Internet nutzen, teilte ihr Anwalt Michail Birjukow am Donnerstag mit. Zudem d\u00fcrfe sie nicht mit Zeugen sprechen.<\/p>\n<p class=\"text-18 leading-17 user-text-lg:text-22 user-text-xl:text-24\">Im Falle einer Verurteilung drohen der 38-J\u00e4hrigen bis zu zehn Jahre Haft.<\/p>\n<p>Trump fordert von Europa R\u00fcckzahlung von Ukraine-Milit\u00e4rhilfe<\/p>\n<p class=\"text-18 leading-17 user-text-lg:text-22 user-text-xl:text-24\">US-Pr\u00e4sident <a href=\"https:\/\/www.t-online.de\/themen\/donald-trump\/\" class=\"transition-colors cursor-pointer no-underline md:hover:text-magenta md:focus:text-magenta border-b border-solid border-current text-salemsfur md:hover:border-magenta\" data-tracking=\"{&quot;action&quot;:&quot;click&quot;,&quot;category&quot;:&quot;intextLink&quot;,&quot;label&quot;:&quot;\/themen\/donald-trump\/&quot;}\" data-sctrack=\"BodyAnchor\" rel=\"nofollow noopener\" target=\"_blank\">Donald Trump<\/a> fordert von europ\u00e4ischen Staaten die R\u00fcckzahlung von US-Milit\u00e4rhilfen f\u00fcr die Ukraine und signalisiert einen vor\u00fcbergehenden Stopp von Waffenverk\u00e4ufen an Verb\u00fcndete. Hunderte Milliarden Dollar seien der Ukraine und der <a href=\"https:\/\/www.t-online.de\/themen\/nato\/\" class=\"transition-colors cursor-pointer no-underline md:hover:text-magenta md:focus:text-magenta border-b border-solid border-current text-salemsfur md:hover:border-magenta\" data-tracking=\"{&quot;action&quot;:&quot;click&quot;,&quot;category&quot;:&quot;intextLink&quot;,&quot;label&quot;:&quot;\/themen\/nato\/&quot;}\" data-sctrack=\"BodyAnchor\" rel=\"nofollow noopener\" target=\"_blank\">Nato<\/a> zur Verf\u00fcgung gestellt worden, schrieb Trump in sozialen Medien. Europa h\u00e4tte daf\u00fcr bezahlt, wenn man nur darum gebeten h\u00e4tte. &#8222;Wir werden dieses Geld einfordern, wenn auch etwas versp\u00e4tet&#8220;, f\u00fcgte er hinzu.<\/p>\n","protected":false},"excerpt":{"rendered":"Newsblog zum Krieg in der Ukraine Attentat auf russischen General \u2013 Selenskyj \u00e4u\u00dfert sich Aktualisiert am 04.09.2026 &#8211;&hellip;\n","protected":false},"author":2,"featured_media":1278599,"comment_status":"","ping_status":"","sticky":false,"template":"","format":"standard","meta":{"footnotes":"","_share_on_mastodon":"0"},"categories":[4013],"tags":[1217,326,6079,522,331,332,263948,10174,6010,29,106,44025,663,42101,13,345,120304,5793,1460,1480,263949,308,14,1159,15,3129,2852,3917,4043,4044,850,307,37440,6008,12,317,312,64,263790,306,107],"class_list":["post-1279176","post","type-post","status-publish","format-standard","has-post-thumbnail","category-russland","tag-1217","tag-326","tag-6079","tag-522","tag-aktuelle-nachrichten","tag-aktuelle-news","tag-alexander-schuwajew","tag-attentat","tag-belgorod","tag-deutschland","tag-donald-trump","tag-engels","tag-europa","tag-friedensgespraech","tag-headlines","tag-iran","tag-jared-kushner","tag-kiew","tag-kind","tag-luftwaffe","tag-michail-birjukow","tag-moskau","tag-nachrichten","tag-nato","tag-news","tag-newsblog","tag-ostsee","tag-polen","tag-russia","tag-russian-federation","tag-russische-foederation","tag-russland","tag-saratow","tag-schebekino","tag-schlagzeilen","tag-ukraine","tag-ukrainekrieg","tag-usa","tag-witali-klitschko","tag-wladimir-putin","tag-wolodymyr-selenskyj"],"share_on_mastodon":{"url":"","error":"Validation failed: Text character limit of 500 exceeded"},"_links":{"self":[{"href":"https:\/\/www.europesays.com\/de\/wp-json\/wp\/v2\/posts\/1279176","targetHints":{"allow":["GET"]}}],"collection":[{"href":"https:\/\/www.europesays.com\/de\/wp-json\/wp\/v2\/posts"}],"about":[{"href":"https:\/\/www.europesays.com\/de\/wp-json\/wp\/v2\/types\/post"}],"author":[{"embeddable":true,"href":"https:\/\/www.europesays.com\/de\/wp-json\/wp\/v2\/users\/2"}],"replies":[{"embeddable":true,"href":"https:\/\/www.europesays.com\/de\/wp-json\/wp\/v2\/comments?post=1279176"}],"version-history":[{"count":0,"href":"https:\/\/www.europesays.com\/de\/wp-json\/wp\/v2\/posts\/1279176\/revisions"}],"wp:featuredmedia":[{"embeddable":true,"href":"https:\/\/www.europesays.com\/de\/wp-json\/wp\/v2\/media\/1278599"}],"wp:attachment":[{"href":"https:\/\/www.europesays.com\/de\/wp-json\/wp\/v2\/media?parent=1279176"}],"wp:term":[{"taxonomy":"category","embeddable":true,"href":"https:\/\/www.europesays.com\/de\/wp-json\/wp\/v2\/categories?post=1279176"},{"taxonomy":"post_tag","embeddable":true,"href":"https:\/\/www.europesays.com\/de\/wp-json\/wp\/v2\/tags?post=1279176"}],"curies":[{"name":"wp","href":"https:\/\/api.w.org\/{rel}","templated":true}]}}