{"id":1279205,"date":"2026-09-04T02:26:30","date_gmt":"2026-09-04T02:26:30","guid":{"rendered":"https:\/\/www.europesays.com\/de\/1279205\/"},"modified":"2026-09-04T02:26:30","modified_gmt":"2026-09-04T02:26:30","slug":"tucher-privatbrauerei-und-volksfest-nuernberg-verlaengern-ihre-kooperation-um-vier-jahre","status":"publish","type":"post","link":"https:\/\/www.europesays.com\/de\/1279205\/","title":{"rendered":"Tucher Privatbrauerei und Volksfest N\u00fcrnberg verl\u00e4ngern ihre Kooperation um vier Jahre"},"content":{"rendered":"<p>                                &#8211;                                Der feierliche Rahmen passte: P\u00fcnktlich zum 200. N\u00fcrnberger Herbstvolksfest hat die Tucher Privatbrauerei ihre Zusammenarbeit mit dem N\u00fcrnberger Volksfest um vier Jahre verl\u00e4ngert.<\/p>\n<p>                Seit vielen Jahren sind die Tucher Privatbrauerei und der S\u00fcddeutsche Schaustellerverband als Ausrichter der N\u00fcrnberger Volksfeste eng miteinander verbunden. Am Mittwoch, 2. September, wurde die Fortsetzung der Kooperation besiegelt.<\/p>\n<p>Die Tucher Privatbrauerei und das Volksfest N\u00fcrnberg haben beim Gigerlas L\u00f6ssel auf dem 200. Herbstvolksfest ihre langj\u00e4hrige Partnerschaft verl\u00e4ngert. Die Unterzeichnung des Vertrags durch Niels Greve, Sprecher der Gesch\u00e4ftsleitung der Tucher Privatbrauerei, und Lorenz Kalb, Vorsitzender des S\u00fcddeutschen Schaustellerverbands, markiere einen bedeutenden Schritt der weiteren Zusammenarbeit zwischen den Traditionsunternehmen, hei\u00dft es in einer Pressemitteilung des S\u00fcddeutschen Schaustellerverbands.<\/p>\n<p>Die Partnerschaft zwischen der Tucher Privatbrauerei und dem N\u00fcrnberger Volksfest habe sich als wichtiger Bestandteil des fr\u00e4nkischen Kulturlebens etabliert. \u201eDer 200. Geburtstag des Volksfestes ist ein bedeutsamer Tag und ein guter Moment, unsere erfolgreiche Partnerschaft mit dem N\u00fcrnberger Volksfest erneut zu besiegeln. Die lokale Traditionsbrauerei Tucher und das N\u00fcrnberger Volksfest, das passt einfach. Deshalb haben wir uns auch gleich f\u00fcr vier Jahre festgelegt\u201c, erkl\u00e4rte Greve.<\/p>\n<p>                                                        Langj\u00e4hrige Zusammenarbeit zwischen Tucher Privatbrauerei und N\u00fcrnberger Volksfest<\/p>\n<p>Auch Kalb betont die Bedeutung der Kooperation: \u201eIch kann mich nicht an Zeiten erinnern, dass wir hier kein Tucher Bier ausgeschenkt h\u00e4tten. Die Zusammenarbeit mit der Tucher Privatbrauerei ist ein wesentlicher Faktor f\u00fcr den Erfolg des Volksfestes. Durch die Verl\u00e4ngerung unserer Partnerschaft setzen wir ein klares Zeichen f\u00fcr Best\u00e4ndigkeit und gemeinsames Wachstum.\u201c<\/p>\n","protected":false},"excerpt":{"rendered":"&#8211; Der feierliche Rahmen passte: P\u00fcnktlich zum 200. N\u00fcrnberger Herbstvolksfest hat die Tucher Privatbrauerei ihre Zusammenarbeit mit dem&hellip;\n","protected":false},"author":2,"featured_media":1279206,"comment_status":"","ping_status":"","sticky":false,"template":"","format":"standard","meta":{"footnotes":"","_share_on_mastodon":"0"},"categories":[1837],"tags":[772,3364,29,30,3783],"class_list":["post-1279205","post","type-post","status-publish","format-standard","has-post-thumbnail","category-nuernberg","tag-bayern","tag-de","tag-deutschland","tag-germany","tag-nuernberg"],"share_on_mastodon":{"url":"","error":""},"_links":{"self":[{"href":"https:\/\/www.europesays.com\/de\/wp-json\/wp\/v2\/posts\/1279205","targetHints":{"allow":["GET"]}}],"collection":[{"href":"https:\/\/www.europesays.com\/de\/wp-json\/wp\/v2\/posts"}],"about":[{"href":"https:\/\/www.europesays.com\/de\/wp-json\/wp\/v2\/types\/post"}],"author":[{"embeddable":true,"href":"https:\/\/www.europesays.com\/de\/wp-json\/wp\/v2\/users\/2"}],"replies":[{"embeddable":true,"href":"https:\/\/www.europesays.com\/de\/wp-json\/wp\/v2\/comments?post=1279205"}],"version-history":[{"count":0,"href":"https:\/\/www.europesays.com\/de\/wp-json\/wp\/v2\/posts\/1279205\/revisions"}],"wp:featuredmedia":[{"embeddable":true,"href":"https:\/\/www.europesays.com\/de\/wp-json\/wp\/v2\/media\/1279206"}],"wp:attachment":[{"href":"https:\/\/www.europesays.com\/de\/wp-json\/wp\/v2\/media?parent=1279205"}],"wp:term":[{"taxonomy":"category","embeddable":true,"href":"https:\/\/www.europesays.com\/de\/wp-json\/wp\/v2\/categories?post=1279205"},{"taxonomy":"post_tag","embeddable":true,"href":"https:\/\/www.europesays.com\/de\/wp-json\/wp\/v2\/tags?post=1279205"}],"curies":[{"name":"wp","href":"https:\/\/api.w.org\/{rel}","templated":true}]}}