{"id":1279207,"date":"2026-09-04T02:28:15","date_gmt":"2026-09-04T02:28:15","guid":{"rendered":"https:\/\/www.europesays.com\/de\/1279207\/"},"modified":"2026-09-04T02:28:15","modified_gmt":"2026-09-04T02:28:15","slug":"pol-h-oeffentlichkeitsfahndung-49-jaehrige-aus-der-wedemark-vermisst-wer-hat-die","status":"publish","type":"post","link":"https:\/\/www.europesays.com\/de\/1279207\/","title":{"rendered":"POL-H: \u00d6ffentlichkeitsfahndung: 49-J\u00e4hrige aus der Wedemark vermisst &#8211; Wer hat die &#8230;"},"content":{"rendered":"<p class=\"date\">04.09.2026 \u2013 02:55<\/p>\n<p class=\"customer\">\n                        <a class=\"story-customer\" title=\"weiter zum newsroom von Polizeidirektion Hannover\" href=\"https:\/\/www.presseportal.de\/blaulicht\/nr\/66841\" rel=\"nofollow noopener\" target=\"_blank\">Polizeidirektion Hannover<\/a>\n                    <\/p>\n<p><a class=\"glightbox event-trigger\" href=\"https:\/\/cache.pressmailing.net\/thumbnail\/story_hires\/9490ad5d-238d-4192-aefb-80cd833ce26a\/Vermisste.jpg.jpg\" data-description=\"Die Vermisste Frau aus der Wedemark\" data-category=\"medialightbox\" data-action=\"click\" data-label=\"single\" data-value=\"6a9a1706270000fd2cc83613\" rel=\"nofollow noopener\" target=\"_blank\"><img decoding=\"async\" height=\"540\" with=\"720\" src=\"https:\/\/www.europesays.com\/de\/wp-content\/uploads\/2026\/09\/pol-h-ffentlichkeitsfahndung-49-j-hrige-aus-der-wedemark-vermisst-wer-hat-die-frau-gesehen.jpeg\"   alt=\"POL-H: \u00d6ffentlichkeitsfahndung: 49-J\u00e4hrige aus der Wedemark vermisst - Wer hat die Frau gesehen?\" class=\"single\"\/><\/a><\/p>\n<p><a data-category=\"citylink-story-view\" data-action=\"click\" data-label=\"Citylink in Meldungsansicht\" class=\"story-city event-trigger\" href=\"https:\/\/www.presseportal.de\/regional\/Hannover\" title=\"News aus Hannover \" rel=\"nofollow noopener\" target=\"_blank\">Hannover<\/a> (ots)<\/p>\n<p>Mittels \u00d6ffentlichkeitsfahndung sucht die Polizei in Mellendorf seit Freitag, 04.09.2026, nach einer vermissten Frau aus der Wedemark. Ihre Mutter meldete die 49-J\u00e4hrige am Vortag als vermisst. Erste polizeiliche Ma\u00dfnahmen f\u00fchrten bis zum fr\u00fchen Freitagmorgen jedoch nicht zum Antreffen der Frau. Eine Eigengef\u00e4hrdung ist anzunehmen, weshalb sich die Polizei nun Hinweise aus der Bev\u00f6lkerung erhofft.<\/p>\n<p>Nach bisherigen Erkenntnissen des Polizeikommissariats in Mellendorf meldete sich die Mutter der Vermissten am Donnerstagabend bei der Polizei und gab an, dass ihre Tochter verschwunden sei. Aus bislang ungekl\u00e4rten Gr\u00fcnden hatte die Frau das gemeinsame Zuhause in der Stra\u00dfe &#8222;Twegten&#8220; in Brelingen verlassen. M\u00f6glicherweise nutzte sie hierf\u00fcr ein Auto der Marke Renault Kangoo.<\/p>\n<p>Da aufgrund einer Erkrankung eine Eigengef\u00e4hrdung besteht, initiierte die Polizei noch am Abend Ermittlungen und suchte unter anderem m\u00f6gliche Anlaufpunkte nach der Frau, darunter ihre Arbeitsst\u00e4tte in Bissendorf, ab. Sie blieb jedoch bis zum fr\u00fchen Freitagmorgen verschwunden.<\/p>\n<p>Die Vermisste Silvia H. ist ca. 1,65 Meter gro\u00df und von kr\u00e4ftiger Statur. Zum Zeitpunkt ihres Verschwindens trug sie nackenlange blonde Haare. Angaben zur Bekleidung lagen nicht vor.<\/p>\n<p>Zeugen, die Hinweise zum Verbleib der vermissten Frau haben, werden gebeten, sich bei der Polizei in Mellendorf unter der Telefonnummer 05130 977115 oder unter Notruf 110 zu melden. \/ram<\/p>\n<p class=\"contact-headline\">R\u00fcckfragen bitte an:<\/p>\n<p class=\"contact-text\">Polizeidirektion Hannover<br \/>Michael Bertram<br \/>Telefon: 0511 109-1040<br \/>E-Mail: <a href=\"https:\/\/www.presseportal.de\/blaulicht\/pm\/66841\/mailto:pressestelle@pd-h.polizei.niedersachsen.de\" class=\"uri-mailto\" rel=\"nofollow noopener\" target=\"_blank\">pressestelle@pd-h.polizei.niedersachsen.de<\/a><br \/><a target=\"_blank\" class=\"uri-ext outbound\" rel=\"noopener nofollow\" href=\"https:\/\/www.pd-h.polizei-nds.de\">https:\/\/www.pd-h.polizei-nds.de<\/a><\/p>\n<p class=\"originator\">Original-Content von: Polizeidirektion Hannover, \u00fcbermittelt durch news aktuell<\/p>\n","protected":false},"excerpt":{"rendered":"04.09.2026 \u2013 02:55 Polizeidirektion Hannover Hannover (ots) Mittels \u00d6ffentlichkeitsfahndung sucht die Polizei in Mellendorf seit Freitag, 04.09.2026, nach&hellip;\n","protected":false},"author":2,"featured_media":1279208,"comment_status":"","ping_status":"","sticky":false,"template":"","format":"standard","meta":{"footnotes":"","_share_on_mastodon":"0"},"categories":[1836],"tags":[3364,29,30,46,177,5404,1411,121,178,180,179,181],"class_list":["post-1279207","post","type-post","status-publish","format-standard","has-post-thumbnail","category-hannover","tag-de","tag-deutschland","tag-germany","tag-hannover","tag-kriminalitt","tag-ni","tag-niedersachsen","tag-polizei","tag-presse","tag-pressemeldung","tag-pressemitteilung","tag-pressemitteilungen"],"share_on_mastodon":{"url":"https:\/\/pubeurope.com\/@de\/117210417248280352","error":""},"_links":{"self":[{"href":"https:\/\/www.europesays.com\/de\/wp-json\/wp\/v2\/posts\/1279207","targetHints":{"allow":["GET"]}}],"collection":[{"href":"https:\/\/www.europesays.com\/de\/wp-json\/wp\/v2\/posts"}],"about":[{"href":"https:\/\/www.europesays.com\/de\/wp-json\/wp\/v2\/types\/post"}],"author":[{"embeddable":true,"href":"https:\/\/www.europesays.com\/de\/wp-json\/wp\/v2\/users\/2"}],"replies":[{"embeddable":true,"href":"https:\/\/www.europesays.com\/de\/wp-json\/wp\/v2\/comments?post=1279207"}],"version-history":[{"count":0,"href":"https:\/\/www.europesays.com\/de\/wp-json\/wp\/v2\/posts\/1279207\/revisions"}],"wp:featuredmedia":[{"embeddable":true,"href":"https:\/\/www.europesays.com\/de\/wp-json\/wp\/v2\/media\/1279208"}],"wp:attachment":[{"href":"https:\/\/www.europesays.com\/de\/wp-json\/wp\/v2\/media?parent=1279207"}],"wp:term":[{"taxonomy":"category","embeddable":true,"href":"https:\/\/www.europesays.com\/de\/wp-json\/wp\/v2\/categories?post=1279207"},{"taxonomy":"post_tag","embeddable":true,"href":"https:\/\/www.europesays.com\/de\/wp-json\/wp\/v2\/tags?post=1279207"}],"curies":[{"name":"wp","href":"https:\/\/api.w.org\/{rel}","templated":true}]}}