{"id":1279225,"date":"2026-09-04T02:42:24","date_gmt":"2026-09-04T02:42:24","guid":{"rendered":"https:\/\/www.europesays.com\/de\/1279225\/"},"modified":"2026-09-04T02:42:24","modified_gmt":"2026-09-04T02:42:24","slug":"goldene-henne-leipzig-helene-fischer-singt-neue-single-erstmals-live","status":"publish","type":"post","link":"https:\/\/www.europesays.com\/de\/1279225\/","title":{"rendered":"Goldene Henne Leipzig: Helene Fischer singt neue Single erstmals live"},"content":{"rendered":"<p>Goldene Henne in Leipzig <\/p>\n<p>Helene Fischer singt heute in Leipzig neuen Song erstmals live<\/p>\n<p>Aktualisiert am 04.09.2026 &#8211; 04:22 UhrLesedauer: 2 Min.<\/p>\n<p><a href=\"#focus-0\" class=\"transition-colors block text-current relative\" data-sctrack=\"FocusGalleryImage.Reference\"><img fetchpriority=\"high\" data-testid=\"Opener.Image\"   loading=\"eager\" src=\"https:\/\/www.europesays.com\/de\/wp-content\/uploads\/2026\/09\/helene-fischer-sie-tourte-in-diesem-sommer-durch-zahlreiche-stadien.jpg\" alt=\"Helene Fischer: Sie tourte in diesem Sommer durch zahlreiche Stadien.\" title=\"Helene Fischer: Sie tourte in diesem Sommer durch zahlreiche Stadien.\" width=\"2048\" height=\"1152\" class=\"bg-[url:var(--lqipURL)] bg-cover bg-center flex h-full w-full max-w-full\" style=\"--lqipURL:url('https:\/\/images.t-online.de\/2026\/07\/PsbRWDxbSf40\/0x76:2048x1152\/fit-in\/150x0\/filters:blur(25)\/helene-fischer-sie-tourte-in-diesem-sommer-durch-zahlreiche-stadien.jpg')\" decoding=\"async\"\/><img loading=\"lazy\" src=\"https:\/\/leipzig.t-online.de\/s\/paper\/_next\/static\/media\/zoom-in.f7dae02f.svg\" alt=\"Vergr\u00f6\u00dfern des Bildes\" title=\"Vergr\u00f6\u00dfern des Bildes\" class=\"block h-[calc(var(--height)_\/_16_*_1rem)] w-[calc(var(--width)_\/_16_*_1rem)] max-w-none absolute right-8 bottom-8 rounded-4 bg-snow p-8\" style=\"--width:32;--height:32\" decoding=\"async\"\/><\/a><\/p>\n<p>Helene Fischer bei einem Konzert (Archivbild): Am Freitag tritt die S\u00e4ngerin bei der Goldenen Henne in Leipzig auf. (Quelle: Jens Kalaene\/dpa\/dpa-bilder)<\/p>\n<p><img loading=\"lazy\" src=\"https:\/\/leipzig.t-online.de\/s\/paper\/_next\/static\/media\/audio-volume.6689034c.svg\" alt=\"\" title=\"\" class=\"block h-[calc(var(--height)_\/_16_*_1rem)] w-[calc(var(--width)_\/_16_*_1rem)] max-w-none group-hover:brightness-0 group-hover:invert\" style=\"--width:16;--height:16\" decoding=\"async\"\/>Vorlesen<\/p>\n<p>Aktuelle Zeit:0:00Gesamtdauer:0:00<\/p>\n<p>1x<img loading=\"lazy\" src=\"https:\/\/leipzig.t-online.de\/s\/paper\/_next\/static\/media\/font-sizes.32942e33.svg\" alt=\"\" title=\"\" class=\"block h-[calc(var(--height)_\/_16_*_1rem)] w-[calc(var(--width)_\/_16_*_1rem)] max-w-none group-hover:hidden group-aria-expanded:hidden\" style=\"--width:16;--height:16\" decoding=\"async\"\/><img loading=\"lazy\" src=\"https:\/\/leipzig.t-online.de\/s\/paper\/_next\/static\/media\/font-sizes-dark-mode.e382645c.svg\" alt=\"\" title=\"\" class=\"block h-[calc(var(--height)_\/_16_*_1rem)] w-[calc(var(--width)_\/_16_*_1rem)] max-w-none hidden group-hover:block group-aria-expanded:block\" style=\"--width:16;--height:16\" decoding=\"async\"\/><img loading=\"lazy\" src=\"https:\/\/leipzig.t-online.de\/s\/paper\/_next\/static\/media\/sharing-menu-icon.1eb71368.svg\" alt=\"\" title=\"\" class=\"block h-[calc(var(--height)_\/_16_*_1rem)] w-[calc(var(--width)_\/_16_*_1rem)] max-w-none group-hover:brightness-0 group-hover:invert\" style=\"--width:16;--height:16\" decoding=\"async\"\/>Artikel teilen<\/p>\n<p class=\"font-bold text-18 leading-17 user-text-lg:text-22 user-text-xl:text-24\">Bei der Goldenen Henne in Leipzig steht ein weiterer Topstar auf der B\u00fchne: Helene Fischer pr\u00e4sentiert am Freitag ihre neue Single.<\/p>\n<p class=\"text-18 leading-17 user-text-lg:text-22 user-text-xl:text-24\">Wenige Tage vor der Goldenen Henne in Leipzig steht ein weiterer prominenter Gast fest: Helene Fischer tritt am Freitag (4. September) bei der Preisverleihung auf. Moderator Florian Silbereisen machte den Auftritt im MDR-&#8222;Riverboat&#8220; \u00f6ffentlich.<\/p>\n<p class=\"text-18 leading-17 user-text-lg:text-22 user-text-xl:text-24\">Fischer wird bei der Gala ihre neue Single &#8222;An meiner Seite&#8220; pr\u00e4sentieren. Das Datum ist dabei kein Zufall: Der Song erscheint ebenfalls am 4. September offiziell. Er ist nach &#8222;Heute Nacht&#8220; der zweite Vorbote ihres kommenden Albums.<\/p>\n<p class=\"text-18 leading-17 user-text-lg:text-22 user-text-xl:text-24\">F\u00fcr Fans ist &#8222;An meiner Seite&#8220; allerdings nicht v\u00f6llig neu. Fischer hatte das damals noch unver\u00f6ffentlichte St\u00fcck bereits w\u00e4hrend ihrer gro\u00dfen 360-Grad-Stadiontour live gesungen. Nach Angaben ihres offiziellen Shops verbreiteten sich Videos der Performance anschlie\u00dfend millionenfach im Netz. Bei der Goldenen Henne bekommt der Song nun am Tag seiner Ver\u00f6ffentlichung einen Auftritt im Ersten.<\/p>\n<p>Goldene Henne lockt zahlreiche Stars nach Leipzig<\/p>\n<p class=\"text-18 leading-17 user-text-lg:text-22 user-text-xl:text-24\">Fischer erweitert ein ohnehin prominentes Musikprogramm. Auch die britische Band Take That kommt mit Gary Barlow, Howard Donald und Mark Owen nach Leipzig. Zudem sind unter anderem Peter Maffay, Johannes Oerding, Kerstin Ott, Michael Schulte, Unheilig und Till Br\u00f6nner f\u00fcr Auftritte angek\u00fcndigt.<\/p>\n<p class=\"text-18 leading-17 user-text-lg:text-22 user-text-xl:text-24\"><a href=\"https:\/\/leipzig.t-online.de\/region\/leipzig\/id_101376018\/goldene-henne-in-leipzig-moderator-silbereisen-bekommt-sport-partnerin.html\" class=\"transition-colors cursor-pointer no-underline md:hover:text-magenta md:focus:text-magenta border-b border-solid border-current text-salemsfur md:hover:border-magenta\" data-tracking=\"{&quot;action&quot;:&quot;click&quot;,&quot;category&quot;:&quot;intextLink&quot;,&quot;label&quot;:&quot;\/region\/leipzig\/id_101376018\/goldene-henne-in-leipzig-moderator-silbereisen-bekommt-sport-partnerin.html&quot;}\" data-sctrack=\"BodyAnchor\" rel=\"nofollow noopener\" target=\"_blank\">Durch den Abend f\u00fchren Florian Silbereisen und Esther Sedlaczek. F\u00fcr die &#8222;Sportschau&#8220;<\/a>-Moderatorin ist es die erste Goldene Henne als Gastgeberin, Silbereisen moderiert die Gala bereits zum f\u00fcnften Mal.<\/p>\n<p class=\"text-18 leading-17 user-text-lg:text-22 user-text-xl:text-24\">Die Preisverleihung findet in der Halle:Eins der Leipziger Messe statt. Rund 4.500 Zuschauer k\u00f6nnen die Show vor Ort verfolgen. Vergeben werden Publikumspreise in den Kategorien Entertainment, Film und Fernsehen, Musik und Sport. Die Goldene Henne beginnt am Freitag um 20.15 Uhr und wird live im Ersten \u00fcbertragen.<\/p>\n","protected":false},"excerpt":{"rendered":"Goldene Henne in Leipzig Helene Fischer singt heute in Leipzig neuen Song erstmals live Aktualisiert am 04.09.2026 &#8211;&hellip;\n","protected":false},"author":2,"featured_media":1279226,"comment_status":"","ping_status":"","sticky":false,"template":"","format":"standard","meta":{"footnotes":"","_share_on_mastodon":"0"},"categories":[1832],"tags":[722,3364,29,31964,17942,30,110040,24608,71,51173,47,859],"class_list":["post-1279225","post","type-post","status-publish","format-standard","has-post-thumbnail","category-leipzig","tag-722","tag-de","tag-deutschland","tag-esther-sedlaczek","tag-florian-silbereisen","tag-germany","tag-goldene-henne","tag-helene-fischer","tag-leipzig","tag-leipziger-messe","tag-messe","tag-sachsen"],"share_on_mastodon":{"url":"","error":""},"_links":{"self":[{"href":"https:\/\/www.europesays.com\/de\/wp-json\/wp\/v2\/posts\/1279225","targetHints":{"allow":["GET"]}}],"collection":[{"href":"https:\/\/www.europesays.com\/de\/wp-json\/wp\/v2\/posts"}],"about":[{"href":"https:\/\/www.europesays.com\/de\/wp-json\/wp\/v2\/types\/post"}],"author":[{"embeddable":true,"href":"https:\/\/www.europesays.com\/de\/wp-json\/wp\/v2\/users\/2"}],"replies":[{"embeddable":true,"href":"https:\/\/www.europesays.com\/de\/wp-json\/wp\/v2\/comments?post=1279225"}],"version-history":[{"count":0,"href":"https:\/\/www.europesays.com\/de\/wp-json\/wp\/v2\/posts\/1279225\/revisions"}],"wp:featuredmedia":[{"embeddable":true,"href":"https:\/\/www.europesays.com\/de\/wp-json\/wp\/v2\/media\/1279226"}],"wp:attachment":[{"href":"https:\/\/www.europesays.com\/de\/wp-json\/wp\/v2\/media?parent=1279225"}],"wp:term":[{"taxonomy":"category","embeddable":true,"href":"https:\/\/www.europesays.com\/de\/wp-json\/wp\/v2\/categories?post=1279225"},{"taxonomy":"post_tag","embeddable":true,"href":"https:\/\/www.europesays.com\/de\/wp-json\/wp\/v2\/tags?post=1279225"}],"curies":[{"name":"wp","href":"https:\/\/api.w.org\/{rel}","templated":true}]}}